{"id":12058,"date":"2025-10-14T10:43:24","date_gmt":"2025-10-14T09:43:24","guid":{"rendered":"https:\/\/fundaciohospitalariesmartorell.org\/entre-tots\/?p=12058"},"modified":"2025-10-21T10:55:43","modified_gmt":"2025-10-21T09:55:43","slug":"el-dol-perinata-no-sha-de-patologitzar","status":"publish","type":"post","link":"https:\/\/fundaciohospitalariesmartorell.org\/entre-tots\/2025\/10\/el-dol-perinata-no-sha-de-patologitzar\/","title":{"rendered":"&#8220;El dol perinatal s\u2019ha de validar i acompanyar, per\u00f2 no s\u2019ha de patologitzar&#8221;"},"content":{"rendered":"\n<figure class=\"wp-block-image size-large\"><img loading=\"lazy\" decoding=\"async\" width=\"2560\" height=\"1441\" src=\"https:\/\/fundaciohospitalariesmartorell.org\/entre-tots\/wp-content\/uploads\/2025\/10\/pro-HLFD9qkk-edited-scaled.jpeg\" alt=\"\" class=\"wp-image-12066\" srcset=\"https:\/\/fundaciohospitalariesmartorell.org\/entre-tots\/wp-content\/uploads\/2025\/10\/pro-HLFD9qkk-edited-scaled.jpeg 2560w, https:\/\/fundaciohospitalariesmartorell.org\/entre-tots\/wp-content\/uploads\/2025\/10\/pro-HLFD9qkk-edited-300x169.jpeg 300w, https:\/\/fundaciohospitalariesmartorell.org\/entre-tots\/wp-content\/uploads\/2025\/10\/pro-HLFD9qkk-edited-1024x576.jpeg 1024w, https:\/\/fundaciohospitalariesmartorell.org\/entre-tots\/wp-content\/uploads\/2025\/10\/pro-HLFD9qkk-edited-768x432.jpeg 768w, https:\/\/fundaciohospitalariesmartorell.org\/entre-tots\/wp-content\/uploads\/2025\/10\/pro-HLFD9qkk-edited-1536x865.jpeg 1536w, https:\/\/fundaciohospitalariesmartorell.org\/entre-tots\/wp-content\/uploads\/2025\/10\/pro-HLFD9qkk-edited-2048x1153.jpeg 2048w, https:\/\/fundaciohospitalariesmartorell.org\/entre-tots\/wp-content\/uploads\/2025\/10\/pro-HLFD9qkk-edited-1320x743.jpeg 1320w\" sizes=\"auto, (max-width: 2560px) 100vw, 2560px\" \/><\/figure>\n\n\n\n<p>La M\u00f2nica L\u00f3pez Isern, psiquiatra del CSMA de Sant Feliu, ens parla sobre el dol perinatal, gestacional i neonatal, una experi\u00e8ncia sovint invisible per\u00f2 amb un gran impacte emocional. A trav\u00e9s de la seva experi\u00e8ncia professional, ens ajuda a entendre com identificar, diferenciar i acompanyar adequadament aquest proc\u00e9s.<\/p>\n\n\n\n<p><strong>Des de la teva experi\u00e8ncia al CSMA de Sant Feliu, quines demandes o s\u00edmptomes et trobes m\u00e9s sovint en els casos de dol perinatal, gestacional o neonatal?<\/strong><\/p>\n\n\n\n<p>Les fam\u00edlies que han patit una p\u00e8rdua d\u2019aquest tipus solen sentir una gran tristesa i, en alguns casos, culpa per pensar que han fet alguna cosa malament. Tamb\u00e9 \u00e9s habitual que se sentin incompreses i que els costi expressar el que han viscut.<\/p>\n\n\n\n<p><strong>Com es diferencia el dol perinatal d\u2019un trastorn depressiu o d\u2019ansietat?<\/strong><\/p>\n\n\n\n<p>En els trastorns depressius, els s\u00edmptomes \u2014com la disminuci\u00f3 significativa de l\u2019inter\u00e8s per les activitats quotidianes, la incapacitat per gaudir de coses que abans agradaven, la p\u00e8rdua d\u2019energia, canvis en el pes o en el son, o sentiments d\u2019inutilitat\u2014 han d\u2019estar presents durant m\u00e9s de dues setmanes.<\/p>\n\n\n\n<p>En el cas dels trastorns d\u2019ansietat generalitzada, les preocupacions s\u00f3n constants, dif\u00edcils de controlar i afecten diversos \u00e0mbits de la vida. Sovint s\u2019acompanyen de simptomatologia f\u00edsica com irritabilitat, dificultat per concentrar-se, alteracions del son, entre d\u2019altres.<\/p>\n\n\n\n<p>En ambd\u00f3s casos, el malestar ha de ser cl\u00ednicament significatiu i afectar el funcionament quotidi\u00e0 de la persona.<\/p>\n\n\n\n<p>En canvi, en un dol hi ha tristesa i ansietat relacionades amb la p\u00e8rdua, per\u00f2 la intensitat dels s\u00edmptomes sol ser m\u00e9s transit\u00f2ria, i la persona mant\u00e9, en general, una funcionalitat adequada.<\/p>\n\n\n\n<p><strong>En quins casos consideres que \u00e9s necessari valorar una intervenci\u00f3 psiqui\u00e0trica?<\/strong><\/p>\n\n\n\n<p>La intervenci\u00f3 psiqui\u00e0trica \u00e9s necess\u00e0ria quan el dol es complica i deriva en un trastorn mental que requereix tractament psicofarmacol\u00f2gic.<\/p>\n\n\n\n<p><strong>Quan \u00e9s adequat considerar l\u2019\u00fas de medicaci\u00f3 i quins criteris es tenen en compte per decidir-ho?<\/strong><\/p>\n\n\n\n<p>L\u2019\u00fas de medicaci\u00f3 nom\u00e9s est\u00e0 indicat en casos de dol complicat, \u00e9s a dir, quan la simptomatologia s\u2019associa a criteris diagn\u00f2stics de trastorn depressiu o d\u2019ansietat, o b\u00e9 quan hi ha una descompensaci\u00f3 d\u2019una patologia de salut mental pr\u00e8viament diagnosticada.<\/p>\n\n\n\n<p><strong>Quines conseq\u00fc\u00e8ncies pot tenir, si aquest dol no es tracta o acompanya adequadament, en la salut mental de la mare o de la parella?<\/strong><\/p>\n\n\n\n<p>El dol es pot cronificar i evolucionar cap a un trastorn depressiu i\/o d\u2019ansietat. \u00c9s fonamental acompanyar les fam\u00edlies, per\u00f2, com en altres tipus de dol, no s\u2019ha de patologitzar una tristesa proporcional a la p\u00e8rdua viscuda.<\/p>\n\n\n\n<p><strong>Quin paper juga la psiquiatria dins de l\u2019equip interdisciplinari que acompanya aquestes mares? Com es complementa amb la tasca psicol\u00f2gica o d\u2019altres professionals de salut?<\/strong><\/p>\n\n\n\n<p>Els i les psiquiatres ens encarreguem del diagn\u00f2stic dels trastorns mentals conjuntament amb els psic\u00f2legs cl\u00ednics i prescrivim tractament farmacol\u00f2gic quan ho considerem necessari.<\/p>\n\n\n\n<p><strong>Hi ha perfils m\u00e9s vulnerables a desenvolupar trastorns mentals despr\u00e9s d\u2019una p\u00e8rdua gestacional o perinatal? Quins factors poden augmentar aquest risc?<\/strong><\/p>\n\n\n\n<p>S\u00ed. El principal factor de risc \u00e9s haver patit o patir un trastorn mental previ. Tamb\u00e9 influeix l\u2019abs\u00e8ncia de factors protectors com uns bons h\u00e0bits de descans, activitat f\u00edsica i alimentaci\u00f3, aix\u00ed com el suport emocional de la parella, la fam\u00edlia o l\u2019entorn proper.<\/p>\n\n\n\n<p>A m\u00e9s, es considera un factor protector poder realitzar algun tipus de ritual per acomiadar el nad\u00f3, independentment del moment de la gestaci\u00f3 o despr\u00e9s del naixement.<\/p>\n\n\n\n<p><strong>Quin missatge t\u2019agradaria transmetre als professionals de la salut sobre la import\u00e0ncia de validar i atendre aquest tipus de dol?<\/strong><\/p>\n\n\n\n<p>El dol perinatal s\u2019ha de validar i acompanyar, per\u00f2, com qualsevol proc\u00e9s de dol, no s\u2019ha de patologitzar.<\/p>\n\n\n\n<blockquote class=\"wp-block-quote is-layout-flow wp-block-quote-is-layout-flow\">\n<p>Us convidem a llegir l&#8217;article <a href=\"https:\/\/fundaciohospitalariesmartorell.org\/entre-tots\/2025\/04\/salut-mental-perinatal-cuidar-la-ment-per-protegir-la-vida\/\">Salut mental perinatal: cuidar la ment per protegir la vida<\/a>, on les psiquiatres Clara Blanch del CSMA de Martorell i M\u00f3nica Su\u00e1rez del CSMA de Vilafranca del Pened\u00e8s ens expliquen qu\u00e8 \u00e9s la salut mental perinatal i com s&#8217;aborda en els dos dispositius.<\/p>\n<\/blockquote>\n\n\n\n<p><\/p>\n","protected":false},"excerpt":{"rendered":"<p>La M\u00f2nica L\u00f3pez Isern, psiquiatra del CSMA de Sant Feliu, ens parla sobre el dol perinatal, gestacional i neonatal, una experi\u00e8ncia sovint invisible per\u00f2 amb un gran impacte emocional. A trav\u00e9s de la seva experi\u00e8ncia professional, ens ajuda a entendre com identificar, diferenciar i acompanyar adequadament aquest proc\u00e9s. Des de la teva experi\u00e8ncia al CSMA [&hellip;]<\/p>\n","protected":false},"author":6,"featured_media":12066,"comment_status":"closed","ping_status":"closed","sticky":false,"template":"","format":"standard","meta":{"footnotes":""},"categories":[27],"tags":[],"class_list":["post-12058","post","type-post","status-publish","format-standard","has-post-thumbnail","hentry","category-actualitat"],"blocksy_meta":[],"featured_image_urls_v2":{"full":["https:\/\/fundaciohospitalariesmartorell.org\/entre-tots\/wp-content\/uploads\/2025\/10\/pro-HLFD9qkk-edited-scaled.jpeg",2560,1441,false],"thumbnail":["https:\/\/fundaciohospitalariesmartorell.org\/entre-tots\/wp-content\/uploads\/2025\/10\/pro-HLFD9qkk-edited-150x150.jpeg",150,150,true],"medium":["https:\/\/fundaciohospitalariesmartorell.org\/entre-tots\/wp-content\/uploads\/2025\/10\/pro-HLFD9qkk-edited-300x169.jpeg",300,169,true],"medium_large":["https:\/\/fundaciohospitalariesmartorell.org\/entre-tots\/wp-content\/uploads\/2025\/10\/pro-HLFD9qkk-edited-768x432.jpeg",768,432,true],"large":["https:\/\/fundaciohospitalariesmartorell.org\/entre-tots\/wp-content\/uploads\/2025\/10\/pro-HLFD9qkk-edited-1024x576.jpeg",1024,576,true],"1536x1536":["https:\/\/fundaciohospitalariesmartorell.org\/entre-tots\/wp-content\/uploads\/2025\/10\/pro-HLFD9qkk-edited-1536x865.jpeg",1536,865,true],"2048x2048":["https:\/\/fundaciohospitalariesmartorell.org\/entre-tots\/wp-content\/uploads\/2025\/10\/pro-HLFD9qkk-edited-2048x1153.jpeg",2048,1153,true],"mailpoet_newsletter_max":["https:\/\/fundaciohospitalariesmartorell.org\/entre-tots\/wp-content\/uploads\/2025\/10\/pro-HLFD9qkk-edited-1320x743.jpeg",1320,743,true]},"post_excerpt_stackable_v2":"<p>La M\u00f2nica L\u00f3pez Isern, psiquiatra del CSMA de Sant Feliu, ens parla sobre el dol perinatal, gestacional i neonatal, una experi\u00e8ncia sovint invisible per\u00f2 amb un gran impacte emocional. A trav\u00e9s de la seva experi\u00e8ncia professional, ens ajuda a entendre com identificar, diferenciar i acompanyar adequadament aquest proc\u00e9s. Des de la teva experi\u00e8ncia al CSMA de Sant Feliu, quines demandes o s\u00edmptomes et trobes m\u00e9s sovint en els casos de dol perinatal, gestacional o neonatal? Les fam\u00edlies que han patit una p\u00e8rdua d\u2019aquest tipus solen sentir una gran tristesa i, en alguns casos, culpa per pensar que han fet alguna&hellip;<\/p>\n","category_list_v2":"<a href=\"https:\/\/fundaciohospitalariesmartorell.org\/entre-tots\/category\/actualitat\/\" rel=\"category tag\">ACTUALITAT<\/a>","author_info_v2":{"name":"Martorell_comunicacio","url":"https:\/\/fundaciohospitalariesmartorell.org\/entre-tots\/author\/martorell_comunicacio\/"},"comments_num_v2":"0 comments","_links":{"self":[{"href":"https:\/\/fundaciohospitalariesmartorell.org\/entre-tots\/wp-json\/wp\/v2\/posts\/12058","targetHints":{"allow":["GET"]}}],"collection":[{"href":"https:\/\/fundaciohospitalariesmartorell.org\/entre-tots\/wp-json\/wp\/v2\/posts"}],"about":[{"href":"https:\/\/fundaciohospitalariesmartorell.org\/entre-tots\/wp-json\/wp\/v2\/types\/post"}],"author":[{"embeddable":true,"href":"https:\/\/fundaciohospitalariesmartorell.org\/entre-tots\/wp-json\/wp\/v2\/users\/6"}],"replies":[{"embeddable":true,"href":"https:\/\/fundaciohospitalariesmartorell.org\/entre-tots\/wp-json\/wp\/v2\/comments?post=12058"}],"version-history":[{"count":5,"href":"https:\/\/fundaciohospitalariesmartorell.org\/entre-tots\/wp-json\/wp\/v2\/posts\/12058\/revisions"}],"predecessor-version":[{"id":12067,"href":"https:\/\/fundaciohospitalariesmartorell.org\/entre-tots\/wp-json\/wp\/v2\/posts\/12058\/revisions\/12067"}],"wp:featuredmedia":[{"embeddable":true,"href":"https:\/\/fundaciohospitalariesmartorell.org\/entre-tots\/wp-json\/wp\/v2\/media\/12066"}],"wp:attachment":[{"href":"https:\/\/fundaciohospitalariesmartorell.org\/entre-tots\/wp-json\/wp\/v2\/media?parent=12058"}],"wp:term":[{"taxonomy":"category","embeddable":true,"href":"https:\/\/fundaciohospitalariesmartorell.org\/entre-tots\/wp-json\/wp\/v2\/categories?post=12058"},{"taxonomy":"post_tag","embeddable":true,"href":"https:\/\/fundaciohospitalariesmartorell.org\/entre-tots\/wp-json\/wp\/v2\/tags?post=12058"}],"curies":[{"name":"wp","href":"https:\/\/api.w.org\/{rel}","templated":true}]}}