{"id":12078,"date":"2025-10-17T14:57:03","date_gmt":"2025-10-17T13:57:03","guid":{"rendered":"https:\/\/fundaciohospitalariesmartorell.org\/entre-tots\/?p=12078"},"modified":"2025-10-17T14:57:03","modified_gmt":"2025-10-17T13:57:03","slug":"martorell-se-suma-al-jubileu-hospitalari-celebrat-a-la-catedral-de-lalmudena","status":"publish","type":"post","link":"https:\/\/fundaciohospitalariesmartorell.org\/entre-tots\/2025\/10\/martorell-se-suma-al-jubileu-hospitalari-celebrat-a-la-catedral-de-lalmudena\/","title":{"rendered":"Martorell se suma al Jubileu Hospitalari celebrat a la Catedral de l\u2019Almudena"},"content":{"rendered":"\n<figure class=\"wp-block-image size-large\"><img loading=\"lazy\" decoding=\"async\" width=\"1024\" height=\"768\" src=\"https:\/\/fundaciohospitalariesmartorell.org\/entre-tots\/wp-content\/uploads\/2025\/10\/image-25-1024x768.png\" alt=\"\" class=\"wp-image-12080\" srcset=\"https:\/\/fundaciohospitalariesmartorell.org\/entre-tots\/wp-content\/uploads\/2025\/10\/image-25-1024x768.png 1024w, https:\/\/fundaciohospitalariesmartorell.org\/entre-tots\/wp-content\/uploads\/2025\/10\/image-25-300x225.png 300w, https:\/\/fundaciohospitalariesmartorell.org\/entre-tots\/wp-content\/uploads\/2025\/10\/image-25-768x576.png 768w, https:\/\/fundaciohospitalariesmartorell.org\/entre-tots\/wp-content\/uploads\/2025\/10\/image-25-1536x1152.png 1536w, https:\/\/fundaciohospitalariesmartorell.org\/entre-tots\/wp-content\/uploads\/2025\/10\/image-25-1320x990.png 1320w, https:\/\/fundaciohospitalariesmartorell.org\/entre-tots\/wp-content\/uploads\/2025\/10\/image-25.png 2040w\" sizes=\"auto, (max-width: 1024px) 100vw, 1024px\" \/><\/figure>\n\n\n\n<p>El passat 14 d\u2019octubre, la Catedral de l\u2019Almudena de Madrid va acollir una emotiva celebraci\u00f3 presidida pel Cardenal D. Jos\u00e9 Cobo, Arquebisbe de Madrid, amb motiu del Jubileu Hospitalari. L\u2019acte va reunir persones usu\u00e0ries, germanes, laics hospitalaris i autoritats. En representaci\u00f3 de la Fundaci\u00f3 Hospital\u00e0ries Martorell hi va participar Roberto Narvaiz, responsable del PAER, i Sor Pilar Urra.<\/p>\n\n\n\n<p>A l\u2019inici de la celebraci\u00f3, Alejandro Florit, director corporatiu d\u2019Identitat de la Fundaci\u00f3 Hospital\u00e0ries, va recordar els fundadors \u2014Sant Benet Menni, Maria Angustias Gim\u00e9nez i Maria Josefa Recio\u2014 i va destacar que \u201cvan voler donar resposta a les persones que vivien en situaci\u00f3 de vulnerabilitat, especialment a aquelles que patien un sofriment ps\u00edquic, oferint-los una atenci\u00f3 digna, propera i humana\u201d.<\/p>\n\n\n\n<figure class=\"wp-block-image size-full\"><img loading=\"lazy\" decoding=\"async\" width=\"800\" height=\"450\" src=\"https:\/\/fundaciohospitalariesmartorell.org\/entre-tots\/wp-content\/uploads\/2025\/10\/image-26-edited.png\" alt=\"\" class=\"wp-image-12082\" srcset=\"https:\/\/fundaciohospitalariesmartorell.org\/entre-tots\/wp-content\/uploads\/2025\/10\/image-26-edited.png 800w, https:\/\/fundaciohospitalariesmartorell.org\/entre-tots\/wp-content\/uploads\/2025\/10\/image-26-edited-300x169.png 300w, https:\/\/fundaciohospitalariesmartorell.org\/entre-tots\/wp-content\/uploads\/2025\/10\/image-26-edited-768x432.png 768w\" sizes=\"auto, (max-width: 800px) 100vw, 800px\" \/><\/figure>\n\n\n\n<p>Durant l\u2019Eucaristia, el Cardenal Cobo va compartir paraules d\u2019esperan\u00e7a i va fer una crida a la unitat, especialment en aquest any jubilar. En contraposici\u00f3 amb l\u2019individualisme que sovint promou el m\u00f3n, va recordar que el cam\u00ed de Jes\u00fas \u00e9s un cam\u00ed de cor, que ens convida a caminar junts, respectant i compartint les nostres difer\u00e8ncies. El Cardenal va agrair especialment a les germanes hospital\u00e0ries la seva tendresa i hospitalitat, tan necess\u00e0ries &#8220;en un m\u00f3n ferit i individualista&#8221;.<\/p>\n\n\n\n<p>A la cerim\u00f2nia hi van assistir Sor Fuencisla Mart\u00edn, Superiora Provincial; Alberto Mart\u00edn, Director General de la Fundaci\u00f3 Hospital\u00e0ries; i Sor Mar\u00eda Rosario Iranzo, Consellera Provincial, que va animar a tothom a terni disponible \u201cun cor samarit\u00e0, sempre atent a sortir a l\u2019encontre de qui m\u00e9s ho necessita\u201d.<\/p>\n\n\n\n<p>Des de Martorell, en hem sumat amb entusiasme a aquesta celebraci\u00f3, compartint l\u2019esperit jubilari sumant-nos a a totes les cases hospital\u00e0ries que, arreu del m\u00f3n, celebren aquest temps de gr\u00e0cia, agra\u00efment i renovaci\u00f3 del comprom\u00eds hospitalari.<\/p>\n\n\n\n<figure class=\"wp-block-image size-large\"><img loading=\"lazy\" decoding=\"async\" width=\"1024\" height=\"771\" src=\"https:\/\/fundaciohospitalariesmartorell.org\/entre-tots\/wp-content\/uploads\/2025\/10\/image-24-1024x771.png\" alt=\"\" class=\"wp-image-12079\" srcset=\"https:\/\/fundaciohospitalariesmartorell.org\/entre-tots\/wp-content\/uploads\/2025\/10\/image-24-1024x771.png 1024w, https:\/\/fundaciohospitalariesmartorell.org\/entre-tots\/wp-content\/uploads\/2025\/10\/image-24-300x226.png 300w, https:\/\/fundaciohospitalariesmartorell.org\/entre-tots\/wp-content\/uploads\/2025\/10\/image-24-768x578.png 768w, https:\/\/fundaciohospitalariesmartorell.org\/entre-tots\/wp-content\/uploads\/2025\/10\/image-24-1536x1156.png 1536w, https:\/\/fundaciohospitalariesmartorell.org\/entre-tots\/wp-content\/uploads\/2025\/10\/image-24-1320x993.png 1320w, https:\/\/fundaciohospitalariesmartorell.org\/entre-tots\/wp-content\/uploads\/2025\/10\/image-24.png 1600w\" sizes=\"auto, (max-width: 1024px) 100vw, 1024px\" \/><\/figure>\n","protected":false},"excerpt":{"rendered":"<p>El passat 14 d\u2019octubre, la Catedral de l\u2019Almudena de Madrid va acollir una emotiva celebraci\u00f3 presidida pel Cardenal D. Jos\u00e9 Cobo, Arquebisbe de Madrid, amb motiu del Jubileu Hospitalari. L\u2019acte va reunir persones usu\u00e0ries, germanes, laics hospitalaris i autoritats. En representaci\u00f3 de la Fundaci\u00f3 Hospital\u00e0ries Martorell hi va participar Roberto Narvaiz, responsable del PAER, i [&hellip;]<\/p>\n","protected":false},"author":7,"featured_media":12080,"comment_status":"closed","ping_status":"","sticky":false,"template":"","format":"standard","meta":{"footnotes":""},"categories":[27],"tags":[],"class_list":["post-12078","post","type-post","status-publish","format-standard","has-post-thumbnail","hentry","category-actualitat"],"blocksy_meta":[],"featured_image_urls_v2":{"full":["https:\/\/fundaciohospitalariesmartorell.org\/entre-tots\/wp-content\/uploads\/2025\/10\/image-25.png",2040,1530,false],"thumbnail":["https:\/\/fundaciohospitalariesmartorell.org\/entre-tots\/wp-content\/uploads\/2025\/10\/image-25-150x150.png",150,150,true],"medium":["https:\/\/fundaciohospitalariesmartorell.org\/entre-tots\/wp-content\/uploads\/2025\/10\/image-25-300x225.png",300,225,true],"medium_large":["https:\/\/fundaciohospitalariesmartorell.org\/entre-tots\/wp-content\/uploads\/2025\/10\/image-25-768x576.png",768,576,true],"large":["https:\/\/fundaciohospitalariesmartorell.org\/entre-tots\/wp-content\/uploads\/2025\/10\/image-25-1024x768.png",1024,768,true],"1536x1536":["https:\/\/fundaciohospitalariesmartorell.org\/entre-tots\/wp-content\/uploads\/2025\/10\/image-25-1536x1152.png",1536,1152,true],"2048x2048":["https:\/\/fundaciohospitalariesmartorell.org\/entre-tots\/wp-content\/uploads\/2025\/10\/image-25.png",2040,1530,false],"mailpoet_newsletter_max":["https:\/\/fundaciohospitalariesmartorell.org\/entre-tots\/wp-content\/uploads\/2025\/10\/image-25-1320x990.png",1320,990,true]},"post_excerpt_stackable_v2":"<p>El passat 14 d\u2019octubre, la Catedral de l\u2019Almudena de Madrid va acollir una emotiva celebraci\u00f3 presidida pel Cardenal D. Jos\u00e9 Cobo, Arquebisbe de Madrid, amb motiu del Jubileu Hospitalari. L\u2019acte va reunir persones usu\u00e0ries, germanes, laics hospitalaris i autoritats. En representaci\u00f3 de la Fundaci\u00f3 Hospital\u00e0ries Martorell hi va participar Roberto Narvaiz, responsable del PAER, i Sor Pilar Urra. A l\u2019inici de la celebraci\u00f3, Alejandro Florit, director corporatiu d\u2019Identitat de la Fundaci\u00f3 Hospital\u00e0ries, va recordar els fundadors \u2014Sant Benet Menni, Maria Angustias Gim\u00e9nez i Maria Josefa Recio\u2014 i va destacar que \u201cvan voler donar resposta a les persones que vivien en&hellip;<\/p>\n","category_list_v2":"<a href=\"https:\/\/fundaciohospitalariesmartorell.org\/entre-tots\/category\/actualitat\/\" rel=\"category tag\">ACTUALITAT<\/a>","author_info_v2":{"name":"ALBA_FELIP","url":"https:\/\/fundaciohospitalariesmartorell.org\/entre-tots\/author\/alba_felip\/"},"comments_num_v2":"0 comments","_links":{"self":[{"href":"https:\/\/fundaciohospitalariesmartorell.org\/entre-tots\/wp-json\/wp\/v2\/posts\/12078","targetHints":{"allow":["GET"]}}],"collection":[{"href":"https:\/\/fundaciohospitalariesmartorell.org\/entre-tots\/wp-json\/wp\/v2\/posts"}],"about":[{"href":"https:\/\/fundaciohospitalariesmartorell.org\/entre-tots\/wp-json\/wp\/v2\/types\/post"}],"author":[{"embeddable":true,"href":"https:\/\/fundaciohospitalariesmartorell.org\/entre-tots\/wp-json\/wp\/v2\/users\/7"}],"replies":[{"embeddable":true,"href":"https:\/\/fundaciohospitalariesmartorell.org\/entre-tots\/wp-json\/wp\/v2\/comments?post=12078"}],"version-history":[{"count":1,"href":"https:\/\/fundaciohospitalariesmartorell.org\/entre-tots\/wp-json\/wp\/v2\/posts\/12078\/revisions"}],"predecessor-version":[{"id":12083,"href":"https:\/\/fundaciohospitalariesmartorell.org\/entre-tots\/wp-json\/wp\/v2\/posts\/12078\/revisions\/12083"}],"wp:featuredmedia":[{"embeddable":true,"href":"https:\/\/fundaciohospitalariesmartorell.org\/entre-tots\/wp-json\/wp\/v2\/media\/12080"}],"wp:attachment":[{"href":"https:\/\/fundaciohospitalariesmartorell.org\/entre-tots\/wp-json\/wp\/v2\/media?parent=12078"}],"wp:term":[{"taxonomy":"category","embeddable":true,"href":"https:\/\/fundaciohospitalariesmartorell.org\/entre-tots\/wp-json\/wp\/v2\/categories?post=12078"},{"taxonomy":"post_tag","embeddable":true,"href":"https:\/\/fundaciohospitalariesmartorell.org\/entre-tots\/wp-json\/wp\/v2\/tags?post=12078"}],"curies":[{"name":"wp","href":"https:\/\/api.w.org\/{rel}","templated":true}]}}