{"id":12086,"date":"2025-10-20T12:28:37","date_gmt":"2025-10-20T11:28:37","guid":{"rendered":"https:\/\/fundaciohospitalariesmartorell.org\/entre-tots\/?p=12086"},"modified":"2025-10-23T14:16:41","modified_gmt":"2025-10-23T13:16:41","slug":"se-celebra-la-i-jornada-de-treball-social-sanitari-de-la-fundacio-hospitalaries-a-catalunya","status":"publish","type":"post","link":"https:\/\/fundaciohospitalariesmartorell.org\/entre-tots\/2025\/10\/se-celebra-la-i-jornada-de-treball-social-sanitari-de-la-fundacio-hospitalaries-a-catalunya\/","title":{"rendered":"Se celebra la I Jornada de Treball Social Sanitari de la Fundaci\u00f3 Hospital\u00e0ries a Catalunya"},"content":{"rendered":"\n<figure class=\"wp-block-image size-large\"><img loading=\"lazy\" decoding=\"async\" width=\"1530\" height=\"1148\" src=\"https:\/\/fundaciohospitalariesmartorell.org\/entre-tots\/wp-content\/uploads\/2025\/10\/1-foto-de-grup-edited.jpg\" alt=\"\" class=\"wp-image-12088\" srcset=\"https:\/\/fundaciohospitalariesmartorell.org\/entre-tots\/wp-content\/uploads\/2025\/10\/1-foto-de-grup-edited.jpg 1530w, https:\/\/fundaciohospitalariesmartorell.org\/entre-tots\/wp-content\/uploads\/2025\/10\/1-foto-de-grup-edited-300x225.jpg 300w, https:\/\/fundaciohospitalariesmartorell.org\/entre-tots\/wp-content\/uploads\/2025\/10\/1-foto-de-grup-edited-1024x768.jpg 1024w, https:\/\/fundaciohospitalariesmartorell.org\/entre-tots\/wp-content\/uploads\/2025\/10\/1-foto-de-grup-edited-768x576.jpg 768w, https:\/\/fundaciohospitalariesmartorell.org\/entre-tots\/wp-content\/uploads\/2025\/10\/1-foto-de-grup-edited-1320x990.jpg 1320w\" sizes=\"auto, (max-width: 1530px) 100vw, 1530px\" \/><\/figure>\n\n\n\n<p>La Fundaci\u00f3 Hospital\u00e0ries a Catalunya va celebrar la seva I Jornada de Treball Social Sanitari, una trobada que va reunir professionals dels diferents centres de la xarxa per reflexionar sobre el paper essencial del treball social en el model d\u2019atenci\u00f3 centrada en la persona i basada en drets.<\/p>\n\n\n\n<p>L\u2019acte, celebrat a l\u2019auditori de la Fundaci\u00f3 Hospital\u00e0ries Barcelona, va comptar amb la participaci\u00f3 de representants institucionals i expertes en treball social sanitari. Sor Matilde Porras, superiora de la comunitat de Barcelona, va ser l\u2019encarregada d\u2019obrir l\u2019acte inaugural i, a continuaci\u00f3, el Dr. Jes\u00fas Ezquerra, director gerent de la Fundaci\u00f3 Hospital\u00e0ries Barcelona i Martorell, va destacar que \u201cel treball social sanitari \u00e9s l\u2019eix que fa possible un model de recuperaci\u00f3 basat en drets i centrat en la vida de cada persona\u201d. Tamb\u00e9 va assenyalar que la creaci\u00f3 de la l\u00ednia social a Catalunya, liderada per Conchita Pe\u00f1a, confirma el comprom\u00eds de la Fundaci\u00f3 Hospital\u00e0ries d\u2019integrar l&#8217;\u00e0mbit sanitari i el social per oferir respostes m\u00e9s completes i transformadores.<\/p>\n\n\n\n<p>En la seva intervenci\u00f3, Conchita Pe\u00f1a, directora de la L\u00ednia Social de la Fundaci\u00f3 Hospital\u00e0ries Catalunya, va subratllar que la jornada \u201crepresenta una oportunitat per compartir experi\u00e8ncies, aprendre conjuntament i enfortir la col\u00b7laboraci\u00f3, amb l\u2019objectiu d\u2019afrontar els reptes de futur en l\u2019acompanyament a les persones i construir, de manera conjunta, el treball social sanitari de dem\u00e0\u201d.<\/p>\n\n\n\n<figure class=\"wp-block-image size-large\"><img loading=\"lazy\" decoding=\"async\" width=\"1530\" height=\"1148\" src=\"https:\/\/fundaciohospitalariesmartorell.org\/entre-tots\/wp-content\/uploads\/2025\/10\/2-inauguracio\u2560u-edited.jpg\" alt=\"\" class=\"wp-image-12090\" srcset=\"https:\/\/fundaciohospitalariesmartorell.org\/entre-tots\/wp-content\/uploads\/2025\/10\/2-inauguracio\u2560u-edited.jpg 1530w, https:\/\/fundaciohospitalariesmartorell.org\/entre-tots\/wp-content\/uploads\/2025\/10\/2-inauguracio\u2560u-edited-300x225.jpg 300w, https:\/\/fundaciohospitalariesmartorell.org\/entre-tots\/wp-content\/uploads\/2025\/10\/2-inauguracio\u2560u-edited-1024x768.jpg 1024w, https:\/\/fundaciohospitalariesmartorell.org\/entre-tots\/wp-content\/uploads\/2025\/10\/2-inauguracio\u2560u-edited-768x576.jpg 768w, https:\/\/fundaciohospitalariesmartorell.org\/entre-tots\/wp-content\/uploads\/2025\/10\/2-inauguracio\u2560u-edited-1320x990.jpg 1320w\" sizes=\"auto, (max-width: 1530px) 100vw, 1530px\" \/><\/figure>\n\n\n\n<p>Per la seva banda, Josep Tristany, director del Pla Director de Salut Mental i Addiccions del Departament de Salut, va remarcar \u201cel pas del model biom\u00e8dic cap a un model d\u2019atenci\u00f3 centrat en els drets, on la persona ocupa el centre de la intervenci\u00f3 i \u00e9s acompanyada en el desenvolupament del seu projecte de vida\u201d.<\/p>\n\n\n\n<p>La confer\u00e8ncia inaugural, titulada \u201cProfessionals cuidats per poder cuidar. Cap a la construcci\u00f3 d\u2019una cultura de la cura\u201d, va anar a c\u00e0rrec de Carmina Puig, treballadora social, professora honor\u00e0ria de la URV i supervisora d\u2019equips d\u2019atenci\u00f3 a les persones, que va destacar \u201cla necessitat de construir una cultura col\u00b7lectiva de la cura a partir de tres actes: cuidar els altres, assumir la responsabilitat de l\u2019autocura i garantir que les organitzacions tamb\u00e9 cuidin els seus professionals\u201d.<\/p>\n\n\n\n<figure class=\"wp-block-image size-large\"><img loading=\"lazy\" decoding=\"async\" width=\"1024\" height=\"864\" src=\"https:\/\/fundaciohospitalariesmartorell.org\/entre-tots\/wp-content\/uploads\/2025\/10\/3-confere\u2560Cncia-inaugural-1024x864.jpg\" alt=\"\" class=\"wp-image-12091\" srcset=\"https:\/\/fundaciohospitalariesmartorell.org\/entre-tots\/wp-content\/uploads\/2025\/10\/3-confere\u2560Cncia-inaugural-1024x864.jpg 1024w, https:\/\/fundaciohospitalariesmartorell.org\/entre-tots\/wp-content\/uploads\/2025\/10\/3-confere\u2560Cncia-inaugural-300x253.jpg 300w, https:\/\/fundaciohospitalariesmartorell.org\/entre-tots\/wp-content\/uploads\/2025\/10\/3-confere\u2560Cncia-inaugural-768x648.jpg 768w, https:\/\/fundaciohospitalariesmartorell.org\/entre-tots\/wp-content\/uploads\/2025\/10\/3-confere\u2560Cncia-inaugural-1320x1114.jpg 1320w, https:\/\/fundaciohospitalariesmartorell.org\/entre-tots\/wp-content\/uploads\/2025\/10\/3-confere\u2560Cncia-inaugural.jpg 1439w\" sizes=\"auto, (max-width: 1024px) 100vw, 1024px\" \/><\/figure>\n\n\n\n<p>A continuaci\u00f3, Gemma Cervera, treballadora social sanit\u00e0ria, responsable de l\u2019equip de Treball Social de l\u2019Hospital de Mollet i membre del Consell Deontol\u00f2gic del Col\u00b7legi Oficial de Treball Social de Catalunya, va oferir la pon\u00e8ncia \u201cAcompanyar per transformar: el treball social davant els reptes de la salut mental\u201d. En la seva exposici\u00f3, va parlar dels reptes i oportunitats del treball social sanitari en salut mental, com avan\u00e7ar cap a equips realment interdisciplinaris; promoure una governan\u00e7a compartida entre l\u2019\u00e0mbit sanitari i social \u2014i tamb\u00e9 dins dels propis serveis\u2014; visibilitzar els impactes socials de la salut mental (habitatge, treball, vincles&#8230;) i impulsar la participaci\u00f3 de les persones amb experi\u00e8ncia pr\u00f2pia com a agents actius.<\/p>\n\n\n\n<p>Moderada per Aurora Amador, la taula rodona \u201cNous paradigmes en l\u2019atenci\u00f3 social en salut mental\u201d va abordar tres eixos: el nou enfocament de l\u2019atenci\u00f3 infantil des del treball social, presentat per Mireia Gonz\u00e1lez, treballadora social sanit\u00e0ria a la Fundaci\u00f3 Hospital\u00e0ries Martorell; l\u2019agenda i funcions de la treballadora social sanit\u00e0ria, a c\u00e0rrec de Marga Moyano, treballadora social sanit\u00e0ria a la Fundaci\u00f3 Hospital\u00e0ries Barcelona; i la intervenci\u00f3 en addiccions des del treball social sanitari a partir del cas Amy Winehouse, exposada per Isabel Lizaso, treballadora social sanit\u00e0ria a la Fundaci\u00f3 Hospital\u00e0ries Sant Boi.<\/p>\n\n\n\n<figure class=\"wp-block-image size-large\"><img loading=\"lazy\" decoding=\"async\" width=\"1024\" height=\"892\" src=\"https:\/\/fundaciohospitalariesmartorell.org\/entre-tots\/wp-content\/uploads\/2025\/10\/5-primera-taula-rodonda-1024x892.jpg\" alt=\"\" class=\"wp-image-12092\" srcset=\"https:\/\/fundaciohospitalariesmartorell.org\/entre-tots\/wp-content\/uploads\/2025\/10\/5-primera-taula-rodonda-1024x892.jpg 1024w, https:\/\/fundaciohospitalariesmartorell.org\/entre-tots\/wp-content\/uploads\/2025\/10\/5-primera-taula-rodonda-300x261.jpg 300w, https:\/\/fundaciohospitalariesmartorell.org\/entre-tots\/wp-content\/uploads\/2025\/10\/5-primera-taula-rodonda-768x669.jpg 768w, https:\/\/fundaciohospitalariesmartorell.org\/entre-tots\/wp-content\/uploads\/2025\/10\/5-primera-taula-rodonda-1536x1338.jpg 1536w, https:\/\/fundaciohospitalariesmartorell.org\/entre-tots\/wp-content\/uploads\/2025\/10\/5-primera-taula-rodonda-1320x1150.jpg 1320w, https:\/\/fundaciohospitalariesmartorell.org\/entre-tots\/wp-content\/uploads\/2025\/10\/5-primera-taula-rodonda.jpg 2048w\" sizes=\"auto, (max-width: 1024px) 100vw, 1024px\" \/><\/figure>\n\n\n\n<p>Despr\u00e9s, David Nadal, adjunt a la Direcci\u00f3 de Qualitat i Experi\u00e8ncia del Pacient de Sant Joan de D\u00e9u, va impartir la pon\u00e8ncia \u201cEl potencial transformador del treball social en les organitzacions de salut\u201d, on va posar l\u2019accent en la participaci\u00f3 activa de pacients, fam\u00edlies i professionals com a motor de canvi i innovaci\u00f3.<\/p>\n\n\n\n<p>La segona taula rodona, amb el t\u00edtol \u201cProc\u00e9s d\u2019acompanyament des del treball social sanitari\u201d i que va estar moderada per Gloria L\u00f3pez, va abordar tres aspectes clau: l\u2019acompanyament per a la inclusi\u00f3 de les persones amb discapacitat intel\u00b7lectual, presentat per Immaculada Vicens, treballadora social de la Fundaci\u00f3 Hospital\u00e0ries Caldes de Malavella; reimaginar l\u2019envelliment m\u00e9s enll\u00e0 del diagn\u00f2stic, a c\u00e0rrec de M\u00edriam Serra, treballadora social sanit\u00e0ria de Hospitalitzaci\u00f3 Total de la Fundaci\u00f3 Hospital\u00e0ries Barcelona Nord; i el proc\u00e9s de morir com a part de la vida, presentat per M\u00aa Jes\u00fas Bascones, treballadora social sanit\u00e0ria de la Fundaci\u00f3 Hospital\u00e0ries Martorell.<\/p>\n\n\n\n<figure class=\"wp-block-image size-large\"><img loading=\"lazy\" decoding=\"async\" width=\"2002\" height=\"1502\" src=\"https:\/\/fundaciohospitalariesmartorell.org\/entre-tots\/wp-content\/uploads\/2025\/10\/7-segona-taula-rodona-edited.jpg\" alt=\"\" class=\"wp-image-12094\" srcset=\"https:\/\/fundaciohospitalariesmartorell.org\/entre-tots\/wp-content\/uploads\/2025\/10\/7-segona-taula-rodona-edited.jpg 2002w, https:\/\/fundaciohospitalariesmartorell.org\/entre-tots\/wp-content\/uploads\/2025\/10\/7-segona-taula-rodona-edited-300x225.jpg 300w, https:\/\/fundaciohospitalariesmartorell.org\/entre-tots\/wp-content\/uploads\/2025\/10\/7-segona-taula-rodona-edited-1024x768.jpg 1024w, https:\/\/fundaciohospitalariesmartorell.org\/entre-tots\/wp-content\/uploads\/2025\/10\/7-segona-taula-rodona-edited-768x576.jpg 768w, https:\/\/fundaciohospitalariesmartorell.org\/entre-tots\/wp-content\/uploads\/2025\/10\/7-segona-taula-rodona-edited-1536x1152.jpg 1536w, https:\/\/fundaciohospitalariesmartorell.org\/entre-tots\/wp-content\/uploads\/2025\/10\/7-segona-taula-rodona-edited-1320x990.jpg 1320w\" sizes=\"auto, (max-width: 2002px) 100vw, 2002px\" \/><\/figure>\n\n\n\n<p>En les conclusions, Conchita Pe\u00f1a va destacar que \u201cla trobada ha perm\u00e8s visibilitzar el valor i el potencial transformador del treball social sanitari, aix\u00ed com refor\u00e7ar el seu paper essencial en els equips interdisciplinaris\u201d. \u201cHem obert un cam\u00ed compartit \u2014va assenyalar\u2014 i hem vist com, a la Fundaci\u00f3 Hospital\u00e0ries, el treball social actua de manera transversal, intervenint en diferents nivells i situant el focus en la salut mental i la discapacitat\u201d.<\/p>\n\n\n\n<p>Durant la cloenda de la jornada, el Dr. Francisco del Olmo, director assistencial i educatiu corporatiu de Fundaci\u00f3 Hospital\u00e0ries, va subratllar que \u201cla creaci\u00f3 de la l\u00ednia social a la Fundaci\u00f3 Hospital\u00e0ries \u00e9s una aposta estrat\u00e8gica, situant-nos al centre de l\u2019atenci\u00f3 integrada i empoderant les treballadores socials\u201d. Per la seva banda, Laura Morro, degana del Col\u00b7legi Oficial de Treball Social de Catalunya, va voler \u201cfelicitar tot el col\u00b7lectiu del treball social sanitari per l\u2019impuls i la consolidaci\u00f3 de la professi\u00f3\u201d. Finalment, el Dr. Francesc Fatj\u00f3, director assistencial de la Fundaci\u00f3 Hospital\u00e0ries Barcelona, va explicar que aquestes jornades \u201cfeia dos anys que estaven en ment\u201d i va agrair \u201cla pres\u00e8ncia i la implicaci\u00f3 de totes les treballadores socials\u201d per fer possible aquest espai de trobada i reflexi\u00f3 compartida.<\/p>\n\n\n\n<figure class=\"wp-block-image size-full\"><img loading=\"lazy\" decoding=\"async\" width=\"1024\" height=\"768\" src=\"https:\/\/fundaciohospitalariesmartorell.org\/entre-tots\/wp-content\/uploads\/2025\/10\/9-cloenda.jpg\" alt=\"\" class=\"wp-image-12095\" srcset=\"https:\/\/fundaciohospitalariesmartorell.org\/entre-tots\/wp-content\/uploads\/2025\/10\/9-cloenda.jpg 1024w, https:\/\/fundaciohospitalariesmartorell.org\/entre-tots\/wp-content\/uploads\/2025\/10\/9-cloenda-300x225.jpg 300w, https:\/\/fundaciohospitalariesmartorell.org\/entre-tots\/wp-content\/uploads\/2025\/10\/9-cloenda-768x576.jpg 768w\" sizes=\"auto, (max-width: 1024px) 100vw, 1024px\" \/><\/figure>\n\n\n\n<p>La I Jornada de Treball Social Sanitari va reafirmar el comprom\u00eds de la Fundaci\u00f3 Hospital\u00e0ries amb una atenci\u00f3 integral, interdisciplin\u00e0ria i centrada en la persona, aix\u00ed com la import\u00e0ncia del treball en xarxa entre els cinc centres de la Fundaci\u00f3 a Catalunya \u2014Barcelona, Barcelona Nord, Sant Boi, Martorell i Caldes de Malavella\u2014, que comparteixen un mateix prop\u00f2sit: acompanyar les persones m\u00e9s vulnerables amb professionalitat, sensibilitat i hospitalitat.<\/p>\n","protected":false},"excerpt":{"rendered":"<p>La Fundaci\u00f3 Hospital\u00e0ries a Catalunya va celebrar la seva I Jornada de Treball Social Sanitari, una trobada que va reunir professionals dels diferents centres de la xarxa per reflexionar sobre el paper essencial del treball social en el model d\u2019atenci\u00f3 centrada en la persona i basada en drets. L\u2019acte, celebrat a l\u2019auditori de la Fundaci\u00f3 [&hellip;]<\/p>\n","protected":false},"author":6,"featured_media":12088,"comment_status":"closed","ping_status":"closed","sticky":false,"template":"","format":"standard","meta":{"footnotes":""},"categories":[27],"tags":[],"class_list":["post-12086","post","type-post","status-publish","format-standard","has-post-thumbnail","hentry","category-actualitat"],"blocksy_meta":[],"featured_image_urls_v2":{"full":["https:\/\/fundaciohospitalariesmartorell.org\/entre-tots\/wp-content\/uploads\/2025\/10\/1-foto-de-grup-edited.jpg",1530,1148,false],"thumbnail":["https:\/\/fundaciohospitalariesmartorell.org\/entre-tots\/wp-content\/uploads\/2025\/10\/1-foto-de-grup-edited-150x150.jpg",150,150,true],"medium":["https:\/\/fundaciohospitalariesmartorell.org\/entre-tots\/wp-content\/uploads\/2025\/10\/1-foto-de-grup-edited-300x225.jpg",300,225,true],"medium_large":["https:\/\/fundaciohospitalariesmartorell.org\/entre-tots\/wp-content\/uploads\/2025\/10\/1-foto-de-grup-edited-768x576.jpg",768,576,true],"large":["https:\/\/fundaciohospitalariesmartorell.org\/entre-tots\/wp-content\/uploads\/2025\/10\/1-foto-de-grup-edited-1024x768.jpg",1024,768,true],"1536x1536":["https:\/\/fundaciohospitalariesmartorell.org\/entre-tots\/wp-content\/uploads\/2025\/10\/1-foto-de-grup-edited.jpg",1530,1148,false],"2048x2048":["https:\/\/fundaciohospitalariesmartorell.org\/entre-tots\/wp-content\/uploads\/2025\/10\/1-foto-de-grup-edited.jpg",1530,1148,false],"mailpoet_newsletter_max":["https:\/\/fundaciohospitalariesmartorell.org\/entre-tots\/wp-content\/uploads\/2025\/10\/1-foto-de-grup-edited-1320x990.jpg",1320,990,true]},"post_excerpt_stackable_v2":"<p>La Fundaci\u00f3 Hospital\u00e0ries a Catalunya va celebrar la seva I Jornada de Treball Social Sanitari, una trobada que va reunir professionals dels diferents centres de la xarxa per reflexionar sobre el paper essencial del treball social en el model d\u2019atenci\u00f3 centrada en la persona i basada en drets. L\u2019acte, celebrat a l\u2019auditori de la Fundaci\u00f3 Hospital\u00e0ries Barcelona, va comptar amb la participaci\u00f3 de representants institucionals i expertes en treball social sanitari. Sor Matilde Porras, superiora de la comunitat de Barcelona, va ser l\u2019encarregada d\u2019obrir l\u2019acte inaugural i, a continuaci\u00f3, el Dr. Jes\u00fas Ezquerra, director gerent de la Fundaci\u00f3 Hospital\u00e0ries Barcelona&hellip;<\/p>\n","category_list_v2":"<a href=\"https:\/\/fundaciohospitalariesmartorell.org\/entre-tots\/category\/actualitat\/\" rel=\"category tag\">ACTUALITAT<\/a>","author_info_v2":{"name":"Martorell_comunicacio","url":"https:\/\/fundaciohospitalariesmartorell.org\/entre-tots\/author\/martorell_comunicacio\/"},"comments_num_v2":"0 comments","_links":{"self":[{"href":"https:\/\/fundaciohospitalariesmartorell.org\/entre-tots\/wp-json\/wp\/v2\/posts\/12086","targetHints":{"allow":["GET"]}}],"collection":[{"href":"https:\/\/fundaciohospitalariesmartorell.org\/entre-tots\/wp-json\/wp\/v2\/posts"}],"about":[{"href":"https:\/\/fundaciohospitalariesmartorell.org\/entre-tots\/wp-json\/wp\/v2\/types\/post"}],"author":[{"embeddable":true,"href":"https:\/\/fundaciohospitalariesmartorell.org\/entre-tots\/wp-json\/wp\/v2\/users\/6"}],"replies":[{"embeddable":true,"href":"https:\/\/fundaciohospitalariesmartorell.org\/entre-tots\/wp-json\/wp\/v2\/comments?post=12086"}],"version-history":[{"count":4,"href":"https:\/\/fundaciohospitalariesmartorell.org\/entre-tots\/wp-json\/wp\/v2\/posts\/12086\/revisions"}],"predecessor-version":[{"id":12149,"href":"https:\/\/fundaciohospitalariesmartorell.org\/entre-tots\/wp-json\/wp\/v2\/posts\/12086\/revisions\/12149"}],"wp:featuredmedia":[{"embeddable":true,"href":"https:\/\/fundaciohospitalariesmartorell.org\/entre-tots\/wp-json\/wp\/v2\/media\/12088"}],"wp:attachment":[{"href":"https:\/\/fundaciohospitalariesmartorell.org\/entre-tots\/wp-json\/wp\/v2\/media?parent=12086"}],"wp:term":[{"taxonomy":"category","embeddable":true,"href":"https:\/\/fundaciohospitalariesmartorell.org\/entre-tots\/wp-json\/wp\/v2\/categories?post=12086"},{"taxonomy":"post_tag","embeddable":true,"href":"https:\/\/fundaciohospitalariesmartorell.org\/entre-tots\/wp-json\/wp\/v2\/tags?post=12086"}],"curies":[{"name":"wp","href":"https:\/\/api.w.org\/{rel}","templated":true}]}}