{"id":12097,"date":"2025-10-20T13:22:33","date_gmt":"2025-10-20T12:22:33","guid":{"rendered":"https:\/\/fundaciohospitalariesmartorell.org\/entre-tots\/?p=12097"},"modified":"2025-10-29T22:40:13","modified_gmt":"2025-10-29T21:40:13","slug":"la-fundacio-hospitalaries-martorell-impulsa-la-formacio-fem-comunitat-per-enfortir-lacompanyament-en-salut-mental-des-de-lambit-social","status":"publish","type":"post","link":"https:\/\/fundaciohospitalariesmartorell.org\/entre-tots\/2025\/10\/la-fundacio-hospitalaries-martorell-impulsa-la-formacio-fem-comunitat-per-enfortir-lacompanyament-en-salut-mental-des-de-lambit-social\/","title":{"rendered":"Impulsem la formaci\u00f3 \u201cFem Comunitat\u201d per enfortir l\u2019acompanyament en salut mental des de l\u2019\u00e0mbit social"},"content":{"rendered":"\n<figure class=\"wp-block-image size-large\"><img loading=\"lazy\" decoding=\"async\" width=\"1200\" height=\"900\" src=\"https:\/\/fundaciohospitalariesmartorell.org\/entre-tots\/wp-content\/uploads\/2025\/10\/image-27-edited.png\" alt=\"\" class=\"wp-image-12099\" srcset=\"https:\/\/fundaciohospitalariesmartorell.org\/entre-tots\/wp-content\/uploads\/2025\/10\/image-27-edited.png 1200w, https:\/\/fundaciohospitalariesmartorell.org\/entre-tots\/wp-content\/uploads\/2025\/10\/image-27-edited-300x225.png 300w, https:\/\/fundaciohospitalariesmartorell.org\/entre-tots\/wp-content\/uploads\/2025\/10\/image-27-edited-1024x768.png 1024w, https:\/\/fundaciohospitalariesmartorell.org\/entre-tots\/wp-content\/uploads\/2025\/10\/image-27-edited-768x576.png 768w\" sizes=\"auto, (max-width: 1200px) 100vw, 1200px\" \/><\/figure>\n\n\n\n<p>Els dies 3 i 10 d\u2019octubre es va dur a terme la formaci\u00f3 <em>FEM COMUNITAT: Eines i estrat\u00e8gies per acompanyar en salut mental <\/em>a l\u2019aula docent de la Fundaci\u00f3 Hospital\u00e0ries de Martorell. Hi van assistir representants dels serveis socials dels municipis de Pallej\u00e0, Sant Andreu de la Barca, Olesa de Montserrat, Esparreguera, Martorell, Abrera, Gelida, Castellv\u00ed de Rosanes, Masquefa i el Bruc.<\/p>\n\n\n\n<p>L\u2019objectiu d\u2019aquest curs, de 10 hores de durada, era abordar estrat\u00e8gies que permetessin vincular altres agents de la comunitat en el proc\u00e9s d\u2019acompanyament i enfortir el desenvolupament de les persones en situacions de complexitat dins del seu entorn m\u00e9s proper.<\/p>\n\n\n\n<p>Amb aquesta formaci\u00f3 es pret\u00e9n sensibilitzar sobre les necessitats individuals i grupals de les persones amb un diagn\u00f2stic de salut mental en condicions de complexitat dins de la seva comunitat, aix\u00ed com crear un espai de trobada amb els equips de serveis socials de la zona, on compartir experi\u00e8ncies i coneixements per millorar l\u2019acompanyament que s\u2019ofereix a les persones amb diagn\u00f2stic de salut mental.<\/p>\n\n\n\n<p>El divendres dia 3, la Dra. Claudia Mu\u00f1oz, metgessa psiquiatra de la Unitat Funcional de Recuperaci\u00f3 i Projecte de Vida, va parlar sobre <em>Els principals s\u00edmptomes dels diagn\u00f2stics de TMS i el concepte de recuperaci\u00f3<\/em>.<br>Per la seva banda, Irene Gallego, psic\u00f2loga adjunta de la Unitat de Subaguts i Rehabilitaci\u00f3, va abordar el tema <em>Eines per acompanyar des d\u2019una mirada emp\u00e0tica a la persona i al seu context familiar<\/em>.<\/p>\n\n\n\n<p>El dia 10, de la m\u00e0 de Marta Escorig\u00fcela, treballadora social de la Unitat Funcional de Recuperaci\u00f3 i Projecte de Vida, i de Montse Aguilera, agent de suport mutu, es van tractar els temes <em>L\u2019impacte de l\u2019estigma i l\u2019autoestigma en el proc\u00e9s de recuperaci\u00f3<\/em> i <em>El paper de la comunitat en el proc\u00e9s de recuperaci\u00f3<\/em>.<br>La sessi\u00f3 va oferir tant un marc te\u00f2ric com l\u2019experi\u00e8ncia en primera persona, a c\u00e0rrec de la mateixa Montse Aguilera i de N\u00faria Palmero, usu\u00e0ria de la Unitat Funcional, que va exposar les dificultats amb qu\u00e8 es troba en el seu entorn comunitari.<\/p>\n\n\n\n<p>La formaci\u00f3, a m\u00e9s de tenir un car\u00e0cter te\u00f2ric i pr\u00e0ctic, inclou tamb\u00e9 un espai en l\u00ednia mensual durant sis mesos, concebut com un Espai de Trobada per supervisar i compartir casos en xarxa, amb l\u2019objectiu d\u2019abordar dificultats comunes i continuar intercanviant experi\u00e8ncies i coneixements.<\/p>\n","protected":false},"excerpt":{"rendered":"<p>Els dies 3 i 10 d\u2019octubre es va dur a terme la formaci\u00f3 FEM COMUNITAT: Eines i estrat\u00e8gies per acompanyar en salut mental a l\u2019aula docent de la Fundaci\u00f3 Hospital\u00e0ries de Martorell. Hi van assistir representants dels serveis socials dels municipis de Pallej\u00e0, Sant Andreu de la Barca, Olesa de Montserrat, Esparreguera, Martorell, Abrera, Gelida, [&hellip;]<\/p>\n","protected":false},"author":6,"featured_media":12099,"comment_status":"closed","ping_status":"closed","sticky":false,"template":"","format":"standard","meta":{"footnotes":""},"categories":[27],"tags":[],"class_list":["post-12097","post","type-post","status-publish","format-standard","has-post-thumbnail","hentry","category-actualitat"],"blocksy_meta":[],"featured_image_urls_v2":{"full":["https:\/\/fundaciohospitalariesmartorell.org\/entre-tots\/wp-content\/uploads\/2025\/10\/image-27-edited.png",1200,900,false],"thumbnail":["https:\/\/fundaciohospitalariesmartorell.org\/entre-tots\/wp-content\/uploads\/2025\/10\/image-27-edited-150x150.png",150,150,true],"medium":["https:\/\/fundaciohospitalariesmartorell.org\/entre-tots\/wp-content\/uploads\/2025\/10\/image-27-edited-300x225.png",300,225,true],"medium_large":["https:\/\/fundaciohospitalariesmartorell.org\/entre-tots\/wp-content\/uploads\/2025\/10\/image-27-edited-768x576.png",768,576,true],"large":["https:\/\/fundaciohospitalariesmartorell.org\/entre-tots\/wp-content\/uploads\/2025\/10\/image-27-edited-1024x768.png",1024,768,true],"1536x1536":["https:\/\/fundaciohospitalariesmartorell.org\/entre-tots\/wp-content\/uploads\/2025\/10\/image-27-edited.png",1200,900,false],"2048x2048":["https:\/\/fundaciohospitalariesmartorell.org\/entre-tots\/wp-content\/uploads\/2025\/10\/image-27-edited.png",1200,900,false],"mailpoet_newsletter_max":["https:\/\/fundaciohospitalariesmartorell.org\/entre-tots\/wp-content\/uploads\/2025\/10\/image-27-edited.png",1200,900,false]},"post_excerpt_stackable_v2":"<p>Els dies 3 i 10 d\u2019octubre es va dur a terme la formaci\u00f3 FEM COMUNITAT: Eines i estrat\u00e8gies per acompanyar en salut mental a l\u2019aula docent de la Fundaci\u00f3 Hospital\u00e0ries de Martorell. Hi van assistir representants dels serveis socials dels municipis de Pallej\u00e0, Sant Andreu de la Barca, Olesa de Montserrat, Esparreguera, Martorell, Abrera, Gelida, Castellv\u00ed de Rosanes, Masquefa i el Bruc. L\u2019objectiu d\u2019aquest curs, de 10 hores de durada, era abordar estrat\u00e8gies que permetessin vincular altres agents de la comunitat en el proc\u00e9s d\u2019acompanyament i enfortir el desenvolupament de les persones en situacions de complexitat dins del seu entorn&hellip;<\/p>\n","category_list_v2":"<a href=\"https:\/\/fundaciohospitalariesmartorell.org\/entre-tots\/category\/actualitat\/\" rel=\"category tag\">ACTUALITAT<\/a>","author_info_v2":{"name":"Martorell_comunicacio","url":"https:\/\/fundaciohospitalariesmartorell.org\/entre-tots\/author\/martorell_comunicacio\/"},"comments_num_v2":"0 comments","_links":{"self":[{"href":"https:\/\/fundaciohospitalariesmartorell.org\/entre-tots\/wp-json\/wp\/v2\/posts\/12097","targetHints":{"allow":["GET"]}}],"collection":[{"href":"https:\/\/fundaciohospitalariesmartorell.org\/entre-tots\/wp-json\/wp\/v2\/posts"}],"about":[{"href":"https:\/\/fundaciohospitalariesmartorell.org\/entre-tots\/wp-json\/wp\/v2\/types\/post"}],"author":[{"embeddable":true,"href":"https:\/\/fundaciohospitalariesmartorell.org\/entre-tots\/wp-json\/wp\/v2\/users\/6"}],"replies":[{"embeddable":true,"href":"https:\/\/fundaciohospitalariesmartorell.org\/entre-tots\/wp-json\/wp\/v2\/comments?post=12097"}],"version-history":[{"count":4,"href":"https:\/\/fundaciohospitalariesmartorell.org\/entre-tots\/wp-json\/wp\/v2\/posts\/12097\/revisions"}],"predecessor-version":[{"id":12104,"href":"https:\/\/fundaciohospitalariesmartorell.org\/entre-tots\/wp-json\/wp\/v2\/posts\/12097\/revisions\/12104"}],"wp:featuredmedia":[{"embeddable":true,"href":"https:\/\/fundaciohospitalariesmartorell.org\/entre-tots\/wp-json\/wp\/v2\/media\/12099"}],"wp:attachment":[{"href":"https:\/\/fundaciohospitalariesmartorell.org\/entre-tots\/wp-json\/wp\/v2\/media?parent=12097"}],"wp:term":[{"taxonomy":"category","embeddable":true,"href":"https:\/\/fundaciohospitalariesmartorell.org\/entre-tots\/wp-json\/wp\/v2\/categories?post=12097"},{"taxonomy":"post_tag","embeddable":true,"href":"https:\/\/fundaciohospitalariesmartorell.org\/entre-tots\/wp-json\/wp\/v2\/tags?post=12097"}],"curies":[{"name":"wp","href":"https:\/\/api.w.org\/{rel}","templated":true}]}}