{"id":12118,"date":"2025-10-23T08:00:47","date_gmt":"2025-10-23T07:00:47","guid":{"rendered":"https:\/\/fundaciohospitalariesmartorell.org\/entre-tots\/?p=12118"},"modified":"2025-10-23T08:41:23","modified_gmt":"2025-10-23T07:41:23","slug":"el-model-qualityrights-protagonista-a-la-jornada-de-drets-humans-i-salut-mental-del-ministeri-de-sanitat","status":"publish","type":"post","link":"https:\/\/fundaciohospitalariesmartorell.org\/entre-tots\/2025\/10\/el-model-qualityrights-protagonista-a-la-jornada-de-drets-humans-i-salut-mental-del-ministeri-de-sanitat\/","title":{"rendered":"El model QualityRights, protagonista a la Jornada de Drets Humans i Salut Mental del Ministeri de Sanitat"},"content":{"rendered":"\n<figure class=\"wp-block-image size-full\"><img loading=\"lazy\" decoding=\"async\" width=\"800\" height=\"600\" src=\"https:\/\/fundaciohospitalariesmartorell.org\/entre-tots\/wp-content\/uploads\/2025\/10\/image-6-edited-1.png\" alt=\"\" class=\"wp-image-12120\" srcset=\"https:\/\/fundaciohospitalariesmartorell.org\/entre-tots\/wp-content\/uploads\/2025\/10\/image-6-edited-1.png 800w, https:\/\/fundaciohospitalariesmartorell.org\/entre-tots\/wp-content\/uploads\/2025\/10\/image-6-edited-1-300x225.png 300w, https:\/\/fundaciohospitalariesmartorell.org\/entre-tots\/wp-content\/uploads\/2025\/10\/image-6-edited-1-768x576.png 768w\" sizes=\"auto, (max-width: 800px) 100vw, 800px\" \/><\/figure>\n\n\n\n<p>Amb motiu del Dia Mundial de la Salut Mental, la Fundaci\u00f3 Hospital\u00e0ries i l\u2019Orde Hospitalari de Sant Joan de D\u00e9u vam participar en la Jornada de Drets Humans i Salut Mental organitzada pel comissionat de Salut Mental del Ministeri de Sanitat.<\/p>\n\n\n\n<p>Durant la trobada, la Magda Casamitjana Aguil\u00e0, responsable del programa <em>QualityRights<\/em> a la Fundaci\u00f3 Hospital\u00e0ries i Sant Joan de D\u00e9u, i la Dra. Meritxell Centeno, directora de Desenvolupament Estrat\u00e8gic Assistencial de la Fundaci\u00f3 Hospital\u00e0ries Sant Boi, van presentar el treball que ambdues institucions estem desenvolupant per implementar el model <em>QualityRights<\/em> de l\u2019Organitzaci\u00f3 Mundial de la Salut. Aquesta iniciativa s\u2019emmarca en el <em>Projecte de Desplegament del Model QualityRights en Centres de Salut Mental i Addiccions i d\u2019atenci\u00f3 a la diversitat funcional a Catalunya (2024-2026)<\/em>, promogut pel Sistema de Salut de Catalunya.<\/p>\n\n\n\n<p>L\u2019enfocament <em>QualityRights<\/em> proposa transformar l\u2019atenci\u00f3 en salut mental des d\u2019una perspectiva centrada en els drets humans, la dignitat i la recuperaci\u00f3 integral. Algunes de les seves l\u00ednies estrat\u00e8giques inclouen:<\/p>\n\n\n\n<ul class=\"wp-block-list\">\n<li>Participaci\u00f3 i apoderament de les persones que tenen un problema de salut mental.<\/li>\n\n\n\n<li>Protecci\u00f3 i promoci\u00f3 del benestar emocional al llarg de totes les etapes de la vida, amb especial atenci\u00f3 a la prevenci\u00f3 dels trastorns mentals i les addiccions.<\/li>\n\n\n\n<li>Serveis de salut mental equitatius, accessibles i de qualitat.<\/li>\n\n\n\n<li>Serveis integrals, multisectorials i adaptats als entorns comunitaris, amb una oferta que respongui a les necessitats de manera efectiva i eficient.<\/li>\n\n\n\n<li>Lideratge i governan\u00e7a efica\u00e7 en l\u2019\u00e0mbit de la salut mental, amb un finan\u00e7ament adequat.<\/li>\n<\/ul>\n\n\n\n<p>L\u2019objectiu \u00e9s avan\u00e7ar cap a un model assistencial centrat en les persones, amb reptes clau com:<\/p>\n\n\n\n<ul class=\"wp-block-list\">\n<li>Desenvolupar les capacitats individuals de cada persona.<\/li>\n\n\n\n<li>Recon\u00e8ixer la figura de l\u2019agent de suport entre iguals.<\/li>\n\n\n\n<li>Implementar el Pla de Decisions Anticipades (PDA) a la xarxa de salut mental i addiccions.<\/li>\n\n\n\n<li>Humanitzar els dispositius d\u2019hospitalitzaci\u00f3, reduint les mesures restrictives i incorporant metodologies com <em>Safewards<\/em> i <em>LiberaCare<\/em>.<\/li>\n\n\n\n<li>Formar tots els professionals del sistema en el model <em>QualityRights<\/em>.<\/li>\n\n\n\n<li>Combatre l\u2019estigma i la discriminaci\u00f3.<\/li>\n\n\n\n<li>Promoure la recuperaci\u00f3 del projecte de vida de cada persona.<\/li>\n\n\n\n<li>Refor\u00e7ar els sistemes d\u2019informaci\u00f3, la recerca i la innovaci\u00f3 en salut mental.<\/li>\n<\/ul>\n\n\n\n<p>La participaci\u00f3 en aquesta jornada refor\u00e7a el nostre comprom\u00eds amb una transformaci\u00f3 profunda i sostenible de l\u2019atenci\u00f3 en salut mental cap a un model m\u00e9s hum\u00e0, inclusiu i centrat en les persones, alineat amb els principis de l\u2019Organitzaci\u00f3 Mundial de la Salut.<\/p>\n\n\n\n<p>Continuarem treballant perqu\u00e8 aquest enfocament es consolidi als nostres centres i serveis, contribuint activament a la creaci\u00f3 d\u2019una xarxa de salut mental m\u00e9s humanitzada i orientada a la recuperaci\u00f3 integral de les persones.<\/p>\n","protected":false},"excerpt":{"rendered":"<p>Amb motiu del Dia Mundial de la Salut Mental, la Fundaci\u00f3 Hospital\u00e0ries i l\u2019Orde Hospitalari de Sant Joan de D\u00e9u vam participar en la Jornada de Drets Humans i Salut Mental organitzada pel comissionat de Salut Mental del Ministeri de Sanitat. Durant la trobada, la Magda Casamitjana Aguil\u00e0, responsable del programa QualityRights a la Fundaci\u00f3 [&hellip;]<\/p>\n","protected":false},"author":6,"featured_media":12120,"comment_status":"closed","ping_status":"closed","sticky":false,"template":"","format":"standard","meta":{"footnotes":""},"categories":[27],"tags":[],"class_list":["post-12118","post","type-post","status-publish","format-standard","has-post-thumbnail","hentry","category-actualitat"],"blocksy_meta":[],"featured_image_urls_v2":{"full":["https:\/\/fundaciohospitalariesmartorell.org\/entre-tots\/wp-content\/uploads\/2025\/10\/image-6-edited-1.png",800,600,false],"thumbnail":["https:\/\/fundaciohospitalariesmartorell.org\/entre-tots\/wp-content\/uploads\/2025\/10\/image-6-edited-1-150x150.png",150,150,true],"medium":["https:\/\/fundaciohospitalariesmartorell.org\/entre-tots\/wp-content\/uploads\/2025\/10\/image-6-edited-1-300x225.png",300,225,true],"medium_large":["https:\/\/fundaciohospitalariesmartorell.org\/entre-tots\/wp-content\/uploads\/2025\/10\/image-6-edited-1-768x576.png",768,576,true],"large":["https:\/\/fundaciohospitalariesmartorell.org\/entre-tots\/wp-content\/uploads\/2025\/10\/image-6-edited-1.png",800,600,false],"1536x1536":["https:\/\/fundaciohospitalariesmartorell.org\/entre-tots\/wp-content\/uploads\/2025\/10\/image-6-edited-1.png",800,600,false],"2048x2048":["https:\/\/fundaciohospitalariesmartorell.org\/entre-tots\/wp-content\/uploads\/2025\/10\/image-6-edited-1.png",800,600,false],"mailpoet_newsletter_max":["https:\/\/fundaciohospitalariesmartorell.org\/entre-tots\/wp-content\/uploads\/2025\/10\/image-6-edited-1.png",800,600,false]},"post_excerpt_stackable_v2":"<p>Amb motiu del Dia Mundial de la Salut Mental, la Fundaci\u00f3 Hospital\u00e0ries i l\u2019Orde Hospitalari de Sant Joan de D\u00e9u vam participar en la Jornada de Drets Humans i Salut Mental organitzada pel comissionat de Salut Mental del Ministeri de Sanitat. Durant la trobada, la Magda Casamitjana Aguil\u00e0, responsable del programa QualityRights a la Fundaci\u00f3 Hospital\u00e0ries i Sant Joan de D\u00e9u, i la Dra. Meritxell Centeno, directora de Desenvolupament Estrat\u00e8gic Assistencial de la Fundaci\u00f3 Hospital\u00e0ries Sant Boi, van presentar el treball que ambdues institucions estem desenvolupant per implementar el model QualityRights de l\u2019Organitzaci\u00f3 Mundial de la Salut. Aquesta iniciativa s\u2019emmarca&hellip;<\/p>\n","category_list_v2":"<a href=\"https:\/\/fundaciohospitalariesmartorell.org\/entre-tots\/category\/actualitat\/\" rel=\"category tag\">ACTUALITAT<\/a>","author_info_v2":{"name":"Martorell_comunicacio","url":"https:\/\/fundaciohospitalariesmartorell.org\/entre-tots\/author\/martorell_comunicacio\/"},"comments_num_v2":"0 comments","_links":{"self":[{"href":"https:\/\/fundaciohospitalariesmartorell.org\/entre-tots\/wp-json\/wp\/v2\/posts\/12118","targetHints":{"allow":["GET"]}}],"collection":[{"href":"https:\/\/fundaciohospitalariesmartorell.org\/entre-tots\/wp-json\/wp\/v2\/posts"}],"about":[{"href":"https:\/\/fundaciohospitalariesmartorell.org\/entre-tots\/wp-json\/wp\/v2\/types\/post"}],"author":[{"embeddable":true,"href":"https:\/\/fundaciohospitalariesmartorell.org\/entre-tots\/wp-json\/wp\/v2\/users\/6"}],"replies":[{"embeddable":true,"href":"https:\/\/fundaciohospitalariesmartorell.org\/entre-tots\/wp-json\/wp\/v2\/comments?post=12118"}],"version-history":[{"count":1,"href":"https:\/\/fundaciohospitalariesmartorell.org\/entre-tots\/wp-json\/wp\/v2\/posts\/12118\/revisions"}],"predecessor-version":[{"id":12121,"href":"https:\/\/fundaciohospitalariesmartorell.org\/entre-tots\/wp-json\/wp\/v2\/posts\/12118\/revisions\/12121"}],"wp:featuredmedia":[{"embeddable":true,"href":"https:\/\/fundaciohospitalariesmartorell.org\/entre-tots\/wp-json\/wp\/v2\/media\/12120"}],"wp:attachment":[{"href":"https:\/\/fundaciohospitalariesmartorell.org\/entre-tots\/wp-json\/wp\/v2\/media?parent=12118"}],"wp:term":[{"taxonomy":"category","embeddable":true,"href":"https:\/\/fundaciohospitalariesmartorell.org\/entre-tots\/wp-json\/wp\/v2\/categories?post=12118"},{"taxonomy":"post_tag","embeddable":true,"href":"https:\/\/fundaciohospitalariesmartorell.org\/entre-tots\/wp-json\/wp\/v2\/tags?post=12118"}],"curies":[{"name":"wp","href":"https:\/\/api.w.org\/{rel}","templated":true}]}}