{"id":12122,"date":"2025-10-23T08:14:43","date_gmt":"2025-10-23T07:14:43","guid":{"rendered":"https:\/\/fundaciohospitalariesmartorell.org\/entre-tots\/?p=12122"},"modified":"2025-10-23T08:22:58","modified_gmt":"2025-10-23T07:22:58","slug":"35-anys-de-la-fundacio-nou-cami-del-present-de-la-salut-mental-al-cami-cap-a-la-comunitat","status":"publish","type":"post","link":"https:\/\/fundaciohospitalariesmartorell.org\/entre-tots\/2025\/10\/35-anys-de-la-fundacio-nou-cami-del-present-de-la-salut-mental-al-cami-cap-a-la-comunitat\/","title":{"rendered":"35 anys de la Fundaci\u00f3 Nou Cam\u00ed: del present de la salut mental al cam\u00ed cap a la comunitat"},"content":{"rendered":"\n<figure class=\"wp-block-image size-full\"><img loading=\"lazy\" decoding=\"async\" width=\"1024\" height=\"768\" src=\"https:\/\/fundaciohospitalariesmartorell.org\/entre-tots\/wp-content\/uploads\/2025\/10\/Nou-Cami-Juanes.jpeg\" alt=\"\" class=\"wp-image-12124\" srcset=\"https:\/\/fundaciohospitalariesmartorell.org\/entre-tots\/wp-content\/uploads\/2025\/10\/Nou-Cami-Juanes.jpeg 1024w, https:\/\/fundaciohospitalariesmartorell.org\/entre-tots\/wp-content\/uploads\/2025\/10\/Nou-Cami-Juanes-300x225.jpeg 300w, https:\/\/fundaciohospitalariesmartorell.org\/entre-tots\/wp-content\/uploads\/2025\/10\/Nou-Cami-Juanes-768x576.jpeg 768w\" sizes=\"auto, (max-width: 1024px) 100vw, 1024px\" \/><\/figure>\n\n\n\n<p>El passat dimecres 15 d&#8217;octubre la\u00a0Fundaci\u00f3 Nou Cam\u00ed\u00a0va celebrar el seu 35\u00e8 aniversari, oferint un espai de reflexi\u00f3, aprenentatge i comprom\u00eds col\u00b7lectiu a la\u00a0jornada \u201cViure, Decidir, Participar: El cam\u00ed cap a la comunitat\u201d. Durant la jornada, diverses entitats, professionals de refer\u00e8ncia i persones amb experi\u00e8ncia en primera persona van abordar tem\u00e0tiques clau com les mesures de suport a la capacitat jur\u00eddica, la desinstitucionalitzaci\u00f3 i la inclusi\u00f3 comunit\u00e0ria de les persones amb discapacitat.<\/p>\n\n\n\n<p>Despr\u00e9s d\u2019una c\u00e0lida benvinguda, a c\u00e0rrec de <strong>Lourdes Bernal<\/strong>, directora de la Fundaci\u00f3 Nou Cam\u00ed, l\u2019acte va ser presentat per <strong>Jos\u00e9 Mar\u00eda Pe\u00f1a<\/strong>, vicepresident del Patronat de la Fundaci\u00f3 Nou Cam\u00ed, qui va expressar que \u201ctenim una oportunitat per mirar enrere i veure que el cam\u00ed de la Fundaci\u00f3 \u00e9s el fruit de l\u2019esfor\u00e7 per trobar nous camins al model d\u2019atenci\u00f3 en salut mental. Tots som testimonis i protagonistes dels aven\u00e7os en aquest camp, apropant els serveis de salut mental al ciutad\u00e0 i transformant-los en un model d\u2019atenci\u00f3 integral\u201d.<\/p>\n\n\n\n<p>A continuaci\u00f3, <strong>Aurora Amador<\/strong>, responsable de la Unitat de Treball Social de la Fundaci\u00f3 Hospital\u00e0ries Sant Boi, va oferir una pon\u00e8ncia sobre l\u2019evoluci\u00f3 de les mesures de suport a la capacitat jur\u00eddica, exposant que \u201chem d\u2019escoltar les persones amb discapacitat per a saber els seus desitjos i prefer\u00e8ncies\u201d i marcant reptes de futur: \u201cl\u2019atenci\u00f3 centrada en la persona i en el model de recuperaci\u00f3 basant-nos en la capacitat de decisi\u00f3 de la persona, m\u00e9s recursos comunitaris i formaci\u00f3 en QualityRights\u201d.<\/p>\n\n\n\n<figure class=\"wp-block-image size-full\"><img loading=\"lazy\" decoding=\"async\" width=\"1024\" height=\"768\" src=\"https:\/\/fundaciohospitalariesmartorell.org\/entre-tots\/wp-content\/uploads\/2025\/10\/Nou-cami-jornada.jpeg\" alt=\"\" class=\"wp-image-12125\" srcset=\"https:\/\/fundaciohospitalariesmartorell.org\/entre-tots\/wp-content\/uploads\/2025\/10\/Nou-cami-jornada.jpeg 1024w, https:\/\/fundaciohospitalariesmartorell.org\/entre-tots\/wp-content\/uploads\/2025\/10\/Nou-cami-jornada-300x225.jpeg 300w, https:\/\/fundaciohospitalariesmartorell.org\/entre-tots\/wp-content\/uploads\/2025\/10\/Nou-cami-jornada-768x576.jpeg 768w\" sizes=\"auto, (max-width: 1024px) 100vw, 1024px\" \/><\/figure>\n\n\n\n<p>a primera taula rodona, moderada per <strong>Vict\u00f2ria Monell<\/strong>, presidenta de l\u2019<strong>Associaci\u00f3 Encaix<\/strong>, va girar al voltant de les mesures de suport i l\u2019acompanyament dins d\u2019un marc m\u00e9s hum\u00e0 i digne. <strong>Mar\u00eda Guerrero<\/strong>, referent de suport de la <strong>Fundaci\u00f3 Nou Cam\u00ed<\/strong>, va afirmar que \u201ctenim el repte de respectar la voluntat de la persona, minimitzar riscos i actuar des de la prevenci\u00f3. La nostra feina consisteix a acompanyar el proc\u00e9s de les voluntats de les persones. Hem passat d\u2019un model paternalista a un d\u2019autonomia, i aquest canvi de vegades sorpr\u00e8n a parts de la societat, especialment quan cal fer tr\u00e0mits sanitaris, judicials o policials\u201d.<\/p>\n\n\n\n<p>Durant la taula, es va remarcar la import\u00e0ncia de la figura del treballador social en molts \u00e0mbits, entre els quals destaca la possibilitat de compartir i difondre el mapa de recursos disponibles per a la ciutadania amb situaci\u00f3 de vulnerabilitat i\/o discapacitat. <strong>Carmen Marf\u00e0<\/strong>, usu\u00e0ria de la Fundaci\u00f3 Nou Cam\u00ed, explicava: \u201cJo no tenia coneixement de tots els recursos que tenim les persones grans. La treballadora social em va ajudar a trobar persones que m\u2019ajudessin a fer la neteja i a buscar una casa adaptada \u2014abans vivia en un quart sense ascensor\u2014. Cal m\u00e9s difusi\u00f3 perqu\u00e8 les persones grans s\u00e0piguen tot el que podem fer\u201d.<\/p>\n\n\n\n<p><strong>Josep Tresserras<\/strong>, secretari de DINCAT, federaci\u00f3 d\u2019entitats per la defensa i l\u2019exercici ple dels drets de les persones amb discapacitat intel\u00b7lectual i de les seves fam\u00edlies, i AESS, va expressar la necessitat que la societat entengui que \u201cla persona amb discapacitat t\u00e9 dignitat perqu\u00e8 \u00e9s persona. \u00c9s una mirada que s\u2019havia perdut pel paternalisme o la tutela. Ara ho ha d\u2019entendre la societat per evitar casos de discriminaci\u00f3. El futur passa per tenir incid\u00e8ncia legislativa, per generar coneixement i treball t\u00e8cnic, i per sensibilitzar la societat i visibilitzar la realitat de les persones amb discapacitat\u201d.<\/p>\n\n\n\n<p>Tresserras tamb\u00e9 va destacar una nova eina, el DAS, adre\u00e7ada a professionals, fam\u00edlies i persones amb discapacitat, per facilitar que cadasc\u00fa pugui expressar quins suports necessita. En la mateixa l\u00ednia, <strong>Iv\u00e1n Cano<\/strong>, responsable de Drets i Incid\u00e8ncia de Salut Mental Catalunya, va subratllar la necessitat de canviar el relat: \u201cEncara hi ha un relat de control i de coerci\u00f3. Avui dia no hi ha un facilitador judicial garantista. El dret a decidir l\u2019ha de tenir tot \u00e9sser hum\u00e0. Hem de sistematitzar les bones pr\u00e0ctiques i l\u2019acompanyament\u201d.<\/p>\n\n\n\n<blockquote class=\"wp-block-quote is-layout-flow wp-block-quote-is-layout-flow\">\n<p>La segona pon\u00e8ncia de la jornada, \u201cEstrat\u00e8gies per a la desinstitucionalitzaci\u00f3 i la inclusi\u00f3 comunit\u00e0ria\u201d, a c\u00e0rrec de <strong>Josep Tristany<\/strong>, director del Pla Director de Salut Mental de Catalunya, va posar el focus en el futur proc\u00e9s de reconversi\u00f3 i desinstitucionalitzaci\u00f3 dels hospitals de salut mental: <strong><span style=\"color: var(--theme-palette-color-1, #9f2b68);\" class=\"stk-highlight\">\u201cUn hospital no \u00e9s un lloc de vida i no hi ha d\u2019haver persones vivint als hospitals. S\u2019ha iniciat un proc\u00e9s de reconversi\u00f3 per transformar el funcionament dels recursos de llarga estada en salut mental, amb l\u2019objectiu d\u2019atendre les persones d\u2019alta complexitat a la comunitat i afavorir-ne la recuperaci\u00f3 i el projecte de vida\u201d<\/span><\/strong>.<\/p>\n<\/blockquote>\n\n\n\n<p>En aquesta mateixa l\u00ednia, la taula rodona \u201cDe la instituci\u00f3 a la comunitat: reptes i oportunitats en la inclusi\u00f3 de les persones amb discapacitat\u201d, moderada per <strong>Enric Arqu\u00e9s<\/strong>, president del F\u00f2rum de Salut Mental i Addiccions, es va centrar en el repte de la reinserci\u00f3 comunit\u00e0ria de les persones usu\u00e0ries de salut mental, especialment aquelles que han passat llargues estades hospitalitzades.<br><\/p>\n\n\n\n<blockquote class=\"wp-block-quote is-layout-flow wp-block-quote-is-layout-flow\">\n<p><span style=\"color: var(--theme-palette-color-1, #9f2b68);\" class=\"stk-highlight\"><strong>\u201cNo podem pensar que els hospitals no formen part de la comunitat. Els hospitals s\u00f3n un espai dins la comunitat. Hi ha vegades que la llarga estada fa m\u00e9s mal que b\u00e9: si el tractament s\u2019allarga m\u00e9s del necessari, es generen problemes<\/strong><\/span><strong><span style=\"color: var(--theme-palette-color-1, #9f2b68);\" class=\"stk-highlight\">\u201d<\/span><\/strong>, comentava <strong>David Juanes<\/strong>, coordinador de l\u2019\u00c0rea de Rehabilitaci\u00f3 en Salut Mental de la <strong>Fundaci\u00f3 Hospital\u00e0ries Martorell<\/strong>.<\/p>\n<\/blockquote>\n\n\n\n<p>\u201cEntenem els serveis comunitaris com uns serveis amb un doble paper: sostenir la vida de les persones (autonomia, recursos, etc.) i activar els recursos, atenent la diversitat i l\u2019alta complexitat\u201d, afegia <strong>David Salgado<\/strong>, coordinador del servei d\u2019assessorament i habitatge de la Fundaci\u00f3 Nou Cam\u00ed.<\/p>\n\n\n\n<p>L\u2019habitatge, especialment en zones tan tensionades com les metropolitanes, \u00e9s un factor clau per a la recuperaci\u00f3 i per garantir els drets de les persones. L\u2019habitatge social \u00e9s una necessitat, per\u00f2, com apuntava <strong>Lourdes Borrell<\/strong>, directora de Programes i Innovaci\u00f3 Social de la Fundaci\u00f3 H\u00e0bitat3, \u201cencara hi ha resist\u00e8ncia i estigma pel que fa a l\u2019habitatge social. Tots sabem que existeix, per\u00f2 quan \u00e9s al nostre edifici ja no ens fa tanta gr\u00e0cia. Tamb\u00e9 es detecten situacions de fragilitat emocional sense vinculaci\u00f3 a tractaments de salut mental. Necessitem que la comunit\u00e0ria vingui a ajudar-nos als pisos\u201d.<\/p>\n\n\n\n<p><strong>Eduard Rafel<\/strong>, director de programes d\u2019habitatge individual (<em>Housing First<\/em>) de Sant Joan de D\u00e9u, afegia: \u201cTenir un habitatge \u00e9s un canvi molt profund. Tot i aix\u00f2, oferir habitatge no \u00e9s suficient perqu\u00e8 la situaci\u00f3 es resolgui del tot. Per aix\u00f2, proporcionem ajuda professional per acompanyar la persona i perqu\u00e8 pugui resoldre tots els aspectes de la seva vida \u2014laboral, d\u2019addiccions, etc.\u2014, sempre respectant la seva voluntat\u201d.<\/p>\n\n\n\n<p>En aquest sentit, les persones usu\u00e0ries ho tenen clar: \u201c<strong><span style=\"color: var(--theme-palette-color-1, #9f2b68);\" class=\"stk-highlight\">L\u2019empatia \u00e9s fonamental per aconseguir la inserci\u00f3 a la comunitat. Necessitem tenir veu i que se\u2019ns escolti, que ning\u00fa es quedi sol. Tots formem part de la comunitat i tots som importants.<\/span><\/strong> Haurien d\u2019existir m\u00e9s recursos per afavorir la inserci\u00f3 comunit\u00e0ria, tant en l\u2019\u00e0mbit laboral com en el formatiu o en qualsevol altre aspecte relacionat amb la vida. Els professionals que ens acompanyen han de tenir vocaci\u00f3 i coneixement dels serveis o recursos que ens poden beneficiar a la nostra zona\u201d, expliquen <strong>\u00d2scar i Xavier<\/strong>.<\/p>\n\n\n\n<figure class=\"wp-block-image size-full\"><img loading=\"lazy\" decoding=\"async\" width=\"1024\" height=\"768\" src=\"https:\/\/fundaciohospitalariesmartorell.org\/entre-tots\/wp-content\/uploads\/2025\/10\/Larraz-Nou-Cami.jpeg\" alt=\"\" class=\"wp-image-12123\" srcset=\"https:\/\/fundaciohospitalariesmartorell.org\/entre-tots\/wp-content\/uploads\/2025\/10\/Larraz-Nou-Cami.jpeg 1024w, https:\/\/fundaciohospitalariesmartorell.org\/entre-tots\/wp-content\/uploads\/2025\/10\/Larraz-Nou-Cami-300x225.jpeg 300w, https:\/\/fundaciohospitalariesmartorell.org\/entre-tots\/wp-content\/uploads\/2025\/10\/Larraz-Nou-Cami-768x576.jpeg 768w\" sizes=\"auto, (max-width: 1024px) 100vw, 1024px\" \/><\/figure>\n\n\n\n<p>Per concloure la jornada, el <strong>Dr. Jos\u00e9 Antonio Larraz<\/strong>, metge especialista en psiquiatria, va dedicar les seves paraules a la lluita contra l\u2019estigma i a la necessitat d\u2019una atenci\u00f3 centrada en la persona. \u201cUn aspecte clau en totes les activitats relacionades amb les persones \u00e9s l\u2019enlla\u00e7. Un vincle de confian\u00e7a amb la persona \u00e9s essencial perqu\u00e8 els nostres consells siguin acceptats per aquells a qui atenem. La imposici\u00f3 no \u00e9s una bona manera de fomentar aquest vincle, i no hi hem de caure. Hem de tenir formaci\u00f3, sensibilitat i habilitat per establir aquests lla\u00e7os amb les persones ateses\u201d.<\/p>\n\n\n\n<p>El Dr. Larraz va remarcar que la comunitat la formem totes les persones i tots els espais, i que l\u2019estigma continua sent una gran dificultat per desenvolupar els recursos comunitaris. \u201cQui resisteix guanya, i qui abandona acaba perdent. El valor de la resili\u00e8ncia i la perseveran\u00e7a \u00e9s clau per a la recuperaci\u00f3 d\u2019una persona: tant per part de la pr\u00f2pia persona com de la fam\u00edlia, els professionals i les entitats\u201d, va concloure.<\/p>\n\n\n\n<p>La cloenda de la jornada va anar a c\u00e0rrec de <strong>Jos\u00e9 Rom\u00e1n<\/strong>, president del Patronat de la Fundaci\u00f3 Nou Cam\u00ed, que va ressaltar la import\u00e0ncia de la reinserci\u00f3 i la dignitat de la persona a trav\u00e9s de serveis com Mennintegra\u2019t, un centre especial d\u2019ocupaci\u00f3 que t\u00e9 com a objectiu facilitar la inserci\u00f3 laboral i comunit\u00e0ria de les persones amb problemes de salut mental \u2014un dels col\u00b7lectius amb la taxa de desocupaci\u00f3 m\u00e9s alta dins l\u2019\u00e0mbit de la discapacitat.<\/p>\n","protected":false},"excerpt":{"rendered":"<p>El passat dimecres 15 d&#8217;octubre la\u00a0Fundaci\u00f3 Nou Cam\u00ed\u00a0va celebrar el seu 35\u00e8 aniversari, oferint un espai de reflexi\u00f3, aprenentatge i comprom\u00eds col\u00b7lectiu a la\u00a0jornada \u201cViure, Decidir, Participar: El cam\u00ed cap a la comunitat\u201d. Durant la jornada, diverses entitats, professionals de refer\u00e8ncia i persones amb experi\u00e8ncia en primera persona van abordar tem\u00e0tiques clau com les mesures [&hellip;]<\/p>\n","protected":false},"author":6,"featured_media":12124,"comment_status":"closed","ping_status":"","sticky":false,"template":"","format":"standard","meta":{"footnotes":""},"categories":[27],"tags":[],"class_list":["post-12122","post","type-post","status-publish","format-standard","has-post-thumbnail","hentry","category-actualitat"],"blocksy_meta":[],"featured_image_urls_v2":{"full":["https:\/\/fundaciohospitalariesmartorell.org\/entre-tots\/wp-content\/uploads\/2025\/10\/Nou-Cami-Juanes.jpeg",1024,768,false],"thumbnail":["https:\/\/fundaciohospitalariesmartorell.org\/entre-tots\/wp-content\/uploads\/2025\/10\/Nou-Cami-Juanes-150x150.jpeg",150,150,true],"medium":["https:\/\/fundaciohospitalariesmartorell.org\/entre-tots\/wp-content\/uploads\/2025\/10\/Nou-Cami-Juanes-300x225.jpeg",300,225,true],"medium_large":["https:\/\/fundaciohospitalariesmartorell.org\/entre-tots\/wp-content\/uploads\/2025\/10\/Nou-Cami-Juanes-768x576.jpeg",768,576,true],"large":["https:\/\/fundaciohospitalariesmartorell.org\/entre-tots\/wp-content\/uploads\/2025\/10\/Nou-Cami-Juanes.jpeg",1024,768,false],"1536x1536":["https:\/\/fundaciohospitalariesmartorell.org\/entre-tots\/wp-content\/uploads\/2025\/10\/Nou-Cami-Juanes.jpeg",1024,768,false],"2048x2048":["https:\/\/fundaciohospitalariesmartorell.org\/entre-tots\/wp-content\/uploads\/2025\/10\/Nou-Cami-Juanes.jpeg",1024,768,false],"mailpoet_newsletter_max":["https:\/\/fundaciohospitalariesmartorell.org\/entre-tots\/wp-content\/uploads\/2025\/10\/Nou-Cami-Juanes.jpeg",1024,768,false]},"post_excerpt_stackable_v2":"<p>El passat dimecres 15 d&#8217;octubre la\u00a0Fundaci\u00f3 Nou Cam\u00ed\u00a0va celebrar el seu 35\u00e8 aniversari, oferint un espai de reflexi\u00f3, aprenentatge i comprom\u00eds col\u00b7lectiu a la\u00a0jornada \u201cViure, Decidir, Participar: El cam\u00ed cap a la comunitat\u201d. Durant la jornada, diverses entitats, professionals de refer\u00e8ncia i persones amb experi\u00e8ncia en primera persona van abordar tem\u00e0tiques clau com les mesures de suport a la capacitat jur\u00eddica, la desinstitucionalitzaci\u00f3 i la inclusi\u00f3 comunit\u00e0ria de les persones amb discapacitat. Despr\u00e9s d\u2019una c\u00e0lida benvinguda, a c\u00e0rrec de Lourdes Bernal, directora de la Fundaci\u00f3 Nou Cam\u00ed, l\u2019acte va ser presentat per Jos\u00e9 Mar\u00eda Pe\u00f1a, vicepresident del Patronat de la&hellip;<\/p>\n","category_list_v2":"<a href=\"https:\/\/fundaciohospitalariesmartorell.org\/entre-tots\/category\/actualitat\/\" rel=\"category tag\">ACTUALITAT<\/a>","author_info_v2":{"name":"Martorell_comunicacio","url":"https:\/\/fundaciohospitalariesmartorell.org\/entre-tots\/author\/martorell_comunicacio\/"},"comments_num_v2":"0 comments","_links":{"self":[{"href":"https:\/\/fundaciohospitalariesmartorell.org\/entre-tots\/wp-json\/wp\/v2\/posts\/12122","targetHints":{"allow":["GET"]}}],"collection":[{"href":"https:\/\/fundaciohospitalariesmartorell.org\/entre-tots\/wp-json\/wp\/v2\/posts"}],"about":[{"href":"https:\/\/fundaciohospitalariesmartorell.org\/entre-tots\/wp-json\/wp\/v2\/types\/post"}],"author":[{"embeddable":true,"href":"https:\/\/fundaciohospitalariesmartorell.org\/entre-tots\/wp-json\/wp\/v2\/users\/6"}],"replies":[{"embeddable":true,"href":"https:\/\/fundaciohospitalariesmartorell.org\/entre-tots\/wp-json\/wp\/v2\/comments?post=12122"}],"version-history":[{"count":3,"href":"https:\/\/fundaciohospitalariesmartorell.org\/entre-tots\/wp-json\/wp\/v2\/posts\/12122\/revisions"}],"predecessor-version":[{"id":12128,"href":"https:\/\/fundaciohospitalariesmartorell.org\/entre-tots\/wp-json\/wp\/v2\/posts\/12122\/revisions\/12128"}],"wp:featuredmedia":[{"embeddable":true,"href":"https:\/\/fundaciohospitalariesmartorell.org\/entre-tots\/wp-json\/wp\/v2\/media\/12124"}],"wp:attachment":[{"href":"https:\/\/fundaciohospitalariesmartorell.org\/entre-tots\/wp-json\/wp\/v2\/media?parent=12122"}],"wp:term":[{"taxonomy":"category","embeddable":true,"href":"https:\/\/fundaciohospitalariesmartorell.org\/entre-tots\/wp-json\/wp\/v2\/categories?post=12122"},{"taxonomy":"post_tag","embeddable":true,"href":"https:\/\/fundaciohospitalariesmartorell.org\/entre-tots\/wp-json\/wp\/v2\/tags?post=12122"}],"curies":[{"name":"wp","href":"https:\/\/api.w.org\/{rel}","templated":true}]}}