{"id":12129,"date":"2025-10-23T08:39:13","date_gmt":"2025-10-23T07:39:13","guid":{"rendered":"https:\/\/fundaciohospitalariesmartorell.org\/entre-tots\/?p=12129"},"modified":"2025-10-27T12:31:04","modified_gmt":"2025-10-27T11:31:04","slug":"reunio-voluntariat-madrid","status":"publish","type":"post","link":"https:\/\/fundaciohospitalariesmartorell.org\/entre-tots\/2025\/10\/reunio-voluntariat-madrid\/","title":{"rendered":"La Fundaci\u00f3 Hospital\u00e0ries celebra a Madrid una trobada de voluntariat per impulsar noves eines i formaci\u00f3 de cara al 2026"},"content":{"rendered":"\n<figure class=\"wp-block-image size-large\"><img loading=\"lazy\" decoding=\"async\" width=\"1024\" height=\"577\" src=\"https:\/\/fundaciohospitalariesmartorell.org\/entre-tots\/wp-content\/uploads\/2025\/10\/image-9-1024x577.png\" alt=\"\" class=\"wp-image-12130\" srcset=\"https:\/\/fundaciohospitalariesmartorell.org\/entre-tots\/wp-content\/uploads\/2025\/10\/image-9-1024x577.png 1024w, https:\/\/fundaciohospitalariesmartorell.org\/entre-tots\/wp-content\/uploads\/2025\/10\/image-9-300x169.png 300w, https:\/\/fundaciohospitalariesmartorell.org\/entre-tots\/wp-content\/uploads\/2025\/10\/image-9-768x432.png 768w, https:\/\/fundaciohospitalariesmartorell.org\/entre-tots\/wp-content\/uploads\/2025\/10\/image-9-1536x865.png 1536w, https:\/\/fundaciohospitalariesmartorell.org\/entre-tots\/wp-content\/uploads\/2025\/10\/image-9-1320x743.png 1320w, https:\/\/fundaciohospitalariesmartorell.org\/entre-tots\/wp-content\/uploads\/2025\/10\/image-9.png 2000w\" sizes=\"auto, (max-width: 1024px) 100vw, 1024px\" \/><\/figure>\n\n\n\n<p>El passat 25 de setembre, la Fundaci\u00f3 Hospital\u00e0ries va celebrar a Madrid una jornada de trobada i formaci\u00f3 per als seus equips de voluntariat, amb l\u2019objectiu de compartir experi\u00e8ncies, refor\u00e7ar el comprom\u00eds amb la tasca social i presentar les novetats del programa per als pr\u00f2xims anys. Per part de Martorell hi va participar Mercedes P\u00e9rez, treballadora social i coordinadora de Voluntariat.<\/p>\n\n\n\n<p>Durant el mat\u00ed, les persones assistents van realitzar una sessi\u00f3 formativa impartida per la Plataforma de Voluntariado de Espa\u00f1a, centrada en t\u00e8cniques d\u2019acollida i acompanyament de persones volunt\u00e0ries. Aquesta formaci\u00f3 va oferir eines pr\u00e0ctiques per millorar la qualitat de l\u2019acollida, el treball en equip i el suport mutu entre voluntaris\/es i professionals.<\/p>\n\n\n\n<p>A la tarda, Antonio Molina, coordinador de voluntariat de la Fundaci\u00f3 Hospital\u00e0ries, va presentar les principals novetats del programa de voluntariat per al 2026, entre les quals destaquen:<\/p>\n\n\n\n<ul class=\"wp-block-list\">\n<li>la creaci\u00f3 d\u2019un nou aplicatiu digital per a la gesti\u00f3 i comunicaci\u00f3 del voluntariat,<\/li>\n\n\n\n<li>la posada en marxa de formacions presencials per refor\u00e7ar les compet\u00e8ncies i valors dels equips,<\/li>\n\n\n\n<li>i l\u2019organitzaci\u00f3 d\u2019una trobada de voluntaris\/es i coordinadors\/es prevista per a l\u2019any vinent.<\/li>\n<\/ul>\n\n\n\n<p>La trobada va finalitzar amb un espai de debat i intercanvi d\u2019experi\u00e8ncies entre coordinadors, posant en valor el paper essencial del voluntariat en la missi\u00f3 d\u2019humanitzaci\u00f3 i servei de la Fundaci\u00f3 Hospital\u00e0ries.<\/p>\n\n\n\n<p><\/p>\n","protected":false},"excerpt":{"rendered":"<p>El passat 25 de setembre, la Fundaci\u00f3 Hospital\u00e0ries va celebrar a Madrid una jornada de trobada i formaci\u00f3 per als seus equips de voluntariat, amb l\u2019objectiu de compartir experi\u00e8ncies, refor\u00e7ar el comprom\u00eds amb la tasca social i presentar les novetats del programa per als pr\u00f2xims anys. Per part de Martorell hi va participar Mercedes P\u00e9rez, [&hellip;]<\/p>\n","protected":false},"author":6,"featured_media":12130,"comment_status":"closed","ping_status":"closed","sticky":false,"template":"","format":"standard","meta":{"footnotes":""},"categories":[27],"tags":[],"class_list":["post-12129","post","type-post","status-publish","format-standard","has-post-thumbnail","hentry","category-actualitat"],"blocksy_meta":[],"featured_image_urls_v2":{"full":["https:\/\/fundaciohospitalariesmartorell.org\/entre-tots\/wp-content\/uploads\/2025\/10\/image-9.png",2000,1126,false],"thumbnail":["https:\/\/fundaciohospitalariesmartorell.org\/entre-tots\/wp-content\/uploads\/2025\/10\/image-9-150x150.png",150,150,true],"medium":["https:\/\/fundaciohospitalariesmartorell.org\/entre-tots\/wp-content\/uploads\/2025\/10\/image-9-300x169.png",300,169,true],"medium_large":["https:\/\/fundaciohospitalariesmartorell.org\/entre-tots\/wp-content\/uploads\/2025\/10\/image-9-768x432.png",768,432,true],"large":["https:\/\/fundaciohospitalariesmartorell.org\/entre-tots\/wp-content\/uploads\/2025\/10\/image-9-1024x577.png",1024,577,true],"1536x1536":["https:\/\/fundaciohospitalariesmartorell.org\/entre-tots\/wp-content\/uploads\/2025\/10\/image-9-1536x865.png",1536,865,true],"2048x2048":["https:\/\/fundaciohospitalariesmartorell.org\/entre-tots\/wp-content\/uploads\/2025\/10\/image-9.png",2000,1126,false],"mailpoet_newsletter_max":["https:\/\/fundaciohospitalariesmartorell.org\/entre-tots\/wp-content\/uploads\/2025\/10\/image-9-1320x743.png",1320,743,true]},"post_excerpt_stackable_v2":"<p>El passat 25 de setembre, la Fundaci\u00f3 Hospital\u00e0ries va celebrar a Madrid una jornada de trobada i formaci\u00f3 per als seus equips de voluntariat, amb l\u2019objectiu de compartir experi\u00e8ncies, refor\u00e7ar el comprom\u00eds amb la tasca social i presentar les novetats del programa per als pr\u00f2xims anys. Per part de Martorell hi va participar Mercedes P\u00e9rez, treballadora social i coordinadora de Voluntariat. Durant el mat\u00ed, les persones assistents van realitzar una sessi\u00f3 formativa impartida per la Plataforma de Voluntariado de Espa\u00f1a, centrada en t\u00e8cniques d\u2019acollida i acompanyament de persones volunt\u00e0ries. Aquesta formaci\u00f3 va oferir eines pr\u00e0ctiques per millorar la qualitat de&hellip;<\/p>\n","category_list_v2":"<a href=\"https:\/\/fundaciohospitalariesmartorell.org\/entre-tots\/category\/actualitat\/\" rel=\"category tag\">ACTUALITAT<\/a>","author_info_v2":{"name":"Martorell_comunicacio","url":"https:\/\/fundaciohospitalariesmartorell.org\/entre-tots\/author\/martorell_comunicacio\/"},"comments_num_v2":"0 comments","_links":{"self":[{"href":"https:\/\/fundaciohospitalariesmartorell.org\/entre-tots\/wp-json\/wp\/v2\/posts\/12129","targetHints":{"allow":["GET"]}}],"collection":[{"href":"https:\/\/fundaciohospitalariesmartorell.org\/entre-tots\/wp-json\/wp\/v2\/posts"}],"about":[{"href":"https:\/\/fundaciohospitalariesmartorell.org\/entre-tots\/wp-json\/wp\/v2\/types\/post"}],"author":[{"embeddable":true,"href":"https:\/\/fundaciohospitalariesmartorell.org\/entre-tots\/wp-json\/wp\/v2\/users\/6"}],"replies":[{"embeddable":true,"href":"https:\/\/fundaciohospitalariesmartorell.org\/entre-tots\/wp-json\/wp\/v2\/comments?post=12129"}],"version-history":[{"count":4,"href":"https:\/\/fundaciohospitalariesmartorell.org\/entre-tots\/wp-json\/wp\/v2\/posts\/12129\/revisions"}],"predecessor-version":[{"id":12150,"href":"https:\/\/fundaciohospitalariesmartorell.org\/entre-tots\/wp-json\/wp\/v2\/posts\/12129\/revisions\/12150"}],"wp:featuredmedia":[{"embeddable":true,"href":"https:\/\/fundaciohospitalariesmartorell.org\/entre-tots\/wp-json\/wp\/v2\/media\/12130"}],"wp:attachment":[{"href":"https:\/\/fundaciohospitalariesmartorell.org\/entre-tots\/wp-json\/wp\/v2\/media?parent=12129"}],"wp:term":[{"taxonomy":"category","embeddable":true,"href":"https:\/\/fundaciohospitalariesmartorell.org\/entre-tots\/wp-json\/wp\/v2\/categories?post=12129"},{"taxonomy":"post_tag","embeddable":true,"href":"https:\/\/fundaciohospitalariesmartorell.org\/entre-tots\/wp-json\/wp\/v2\/tags?post=12129"}],"curies":[{"name":"wp","href":"https:\/\/api.w.org\/{rel}","templated":true}]}}