{"id":12134,"date":"2025-10-23T09:14:52","date_gmt":"2025-10-23T08:14:52","guid":{"rendered":"https:\/\/fundaciohospitalariesmartorell.org\/entre-tots\/?p=12134"},"modified":"2025-10-23T09:26:21","modified_gmt":"2025-10-23T08:26:21","slug":"la-fundacio-hospitalaries-present-al-xxii-congres-de-psicogeriatria","status":"publish","type":"post","link":"https:\/\/fundaciohospitalariesmartorell.org\/entre-tots\/2025\/10\/la-fundacio-hospitalaries-present-al-xxii-congres-de-psicogeriatria\/","title":{"rendered":"La Fundaci\u00f3 Hospital\u00e0ries Martorell, present al XXII Congr\u00e9s de Psicogeriatria de Las Palmas de Gran Canaria"},"content":{"rendered":"\n<figure class=\"wp-block-image size-large\"><img loading=\"lazy\" decoding=\"async\" width=\"1024\" height=\"576\" src=\"https:\/\/fundaciohospitalariesmartorell.org\/entre-tots\/wp-content\/uploads\/2025\/10\/image-13-1024x576.png\" alt=\"\" class=\"wp-image-12136\" srcset=\"https:\/\/fundaciohospitalariesmartorell.org\/entre-tots\/wp-content\/uploads\/2025\/10\/image-13-1024x576.png 1024w, https:\/\/fundaciohospitalariesmartorell.org\/entre-tots\/wp-content\/uploads\/2025\/10\/image-13-300x169.png 300w, https:\/\/fundaciohospitalariesmartorell.org\/entre-tots\/wp-content\/uploads\/2025\/10\/image-13-768x432.png 768w, https:\/\/fundaciohospitalariesmartorell.org\/entre-tots\/wp-content\/uploads\/2025\/10\/image-13-1536x864.png 1536w, https:\/\/fundaciohospitalariesmartorell.org\/entre-tots\/wp-content\/uploads\/2025\/10\/image-13-1320x743.png 1320w, https:\/\/fundaciohospitalariesmartorell.org\/entre-tots\/wp-content\/uploads\/2025\/10\/image-13.png 1600w\" sizes=\"auto, (max-width: 1024px) 100vw, 1024px\" \/><\/figure>\n\n\n\n<p>Del 16 al 18 d&#8217;octubre de 2025, l&#8217;Auditori Alfredo Kraus de Las Palmas de Gran Canaria ha acollit el XXII Congr\u00e9s de la Societat Espanyola de Psicogeriatria (SEPG) sota el lema &#8220;Uniendo\u00a0saberes:\u00a0Humanizaci\u00f3n\u00a0y\u00a0ciencia\u00a0para una\u00a0psicogeriatr\u00eda\u00a0en\u00a0evoluci\u00f3n&#8221;. L&#8217;esdeveniment ha reunit especialistes de tot l&#8217;Estat per compartir coneixements i experi\u00e8ncies sobre els reptes actuals de l&#8217;atenci\u00f3 a les persones grans amb trastorns mentals.<\/p>\n\n\n\n<p>El Dr. Manel S\u00e1nchez, president de la&nbsp;SEPG&nbsp;i responsable de l&#8217;\u00c0rea de Gesti\u00f3 del Coneixement de la Fundaci\u00f3 Hospital\u00e0ries Martorell, ha presidit el congr\u00e9s, que ha&nbsp;posat en valor&nbsp;la import\u00e0ncia d&#8217;una psicogeriatria basada en la ci\u00e8ncia, la humanitzaci\u00f3 i la cooperaci\u00f3 interdisciplin\u00e0ria. S\u00e1nchez tamb\u00e9 ha moderat la taula &#8220;Dem\u00e8ncies, m\u00e9s enll\u00e0 de la cognici\u00f3: fragilitat i s\u00edmptomes neuropsiqui\u00e0trics&#8221;, amb la participaci\u00f3 dels especialistes&nbsp;Javier Olivera&nbsp;i&nbsp;Miguel&nbsp;Borda.<\/p>\n\n\n\n<figure class=\"wp-block-image size-large\"><img loading=\"lazy\" decoding=\"async\" width=\"1024\" height=\"768\" src=\"https:\/\/fundaciohospitalariesmartorell.org\/entre-tots\/wp-content\/uploads\/2025\/10\/image-26-1024x768.png\" alt=\"\" class=\"wp-image-12137\" srcset=\"https:\/\/fundaciohospitalariesmartorell.org\/entre-tots\/wp-content\/uploads\/2025\/10\/image-26-1024x768.png 1024w, https:\/\/fundaciohospitalariesmartorell.org\/entre-tots\/wp-content\/uploads\/2025\/10\/image-26-300x225.png 300w, https:\/\/fundaciohospitalariesmartorell.org\/entre-tots\/wp-content\/uploads\/2025\/10\/image-26-768x576.png 768w, https:\/\/fundaciohospitalariesmartorell.org\/entre-tots\/wp-content\/uploads\/2025\/10\/image-26-1536x1152.png 1536w, https:\/\/fundaciohospitalariesmartorell.org\/entre-tots\/wp-content\/uploads\/2025\/10\/image-26-1320x990.png 1320w, https:\/\/fundaciohospitalariesmartorell.org\/entre-tots\/wp-content\/uploads\/2025\/10\/image-26.png 1600w\" sizes=\"auto, (max-width: 1024px) 100vw, 1024px\" \/><\/figure>\n\n\n\n<p>Per la seva banda, el Dr. Carles&nbsp;Franquelo, director m\u00e8dic de la Fundaci\u00f3 Hospital\u00e0ries Martorell, ha intervingut com a moderador de la taula &#8220;Recursos assistencials espec\u00edfics en psicogeriatria&#8221;, que ha comptat amb representants de diferents unitats de salut mental de tot l&#8217;Estat: Barcelona, Vigo,&nbsp;Huesca&nbsp;i Gran Can\u00e0ria.<\/p>\n\n\n\n<p>L&#8217;acte inaugural va estar presidit per la consellera de Sanitat del Govern de Can\u00e0ries, Esther&nbsp;Monz\u00f3n, qui va exposar l&#8217;Estrat\u00e8gia d&#8217;Atenci\u00f3 Sanit\u00e0ria Centrada en la Persona, un pla amb m\u00e9s de 70 accions orientades a transformar el model assistencial cap a una atenci\u00f3 m\u00e9s hol\u00edstica, humana i compassiva.&nbsp;Monz\u00f3n&nbsp;va destacar la import\u00e0ncia de la formaci\u00f3 dels professionals en humanitzaci\u00f3 de l&#8217;assist\u00e8ncia, la millora de la continu\u00eftat assistencial, la digitalitzaci\u00f3 de processos i l&#8217;enfortiment de l&#8217;atenci\u00f3 domicili\u00e0ria com a eixos de la seva estrat\u00e8gia.<\/p>\n\n\n\n<p>El congr\u00e9s ha abordat q\u00fcestions d&#8217;actualitat com la fragilitat, la polifarm\u00e0cia, les dem\u00e8ncies i els s\u00edmptomes neuropsiqui\u00e0trics, tot posant l&#8217;accent en la necessitat de respostes basades en l&#8217;evid\u00e8ncia cient\u00edfica i en el reconeixement del valor i la dignitat de cada persona gran.<\/p>\n\n\n\n<p>Amb aquesta edici\u00f3, la Societat Espanyola de Psicogeriatria refor\u00e7a el seu comprom\u00eds amb una psicogeriatria moderna, \u00e8tica i centrada en la persona, que integra coneixement cient\u00edfic, visi\u00f3 humanista i una atenci\u00f3 de qualitat per a les persones grans i les seves fam\u00edlies.<\/p>\n\n\n\n<p>Podeu veure un v\u00eddeo resum, aqu\u00ed:<\/p>\n\n\n\n<figure class=\"wp-block-image size-full\"><a href=\"https:\/\/congreso2025.sepg.es\/\"><img loading=\"lazy\" decoding=\"async\" width=\"837\" height=\"477\" src=\"https:\/\/fundaciohospitalariesmartorell.org\/entre-tots\/wp-content\/uploads\/2025\/10\/image-11.png\" alt=\"\" class=\"wp-image-12135\" srcset=\"https:\/\/fundaciohospitalariesmartorell.org\/entre-tots\/wp-content\/uploads\/2025\/10\/image-11.png 837w, https:\/\/fundaciohospitalariesmartorell.org\/entre-tots\/wp-content\/uploads\/2025\/10\/image-11-300x171.png 300w, https:\/\/fundaciohospitalariesmartorell.org\/entre-tots\/wp-content\/uploads\/2025\/10\/image-11-768x438.png 768w\" sizes=\"auto, (max-width: 837px) 100vw, 837px\" \/><\/a><\/figure>\n","protected":false},"excerpt":{"rendered":"<p>Del 16 al 18 d&#8217;octubre de 2025, l&#8217;Auditori Alfredo Kraus de Las Palmas de Gran Canaria ha acollit el XXII Congr\u00e9s de la Societat Espanyola de Psicogeriatria (SEPG) sota el lema &#8220;Uniendo\u00a0saberes:\u00a0Humanizaci\u00f3n\u00a0y\u00a0ciencia\u00a0para una\u00a0psicogeriatr\u00eda\u00a0en\u00a0evoluci\u00f3n&#8221;. L&#8217;esdeveniment ha reunit especialistes de tot l&#8217;Estat per compartir coneixements i experi\u00e8ncies sobre els reptes actuals de l&#8217;atenci\u00f3 a les persones grans [&hellip;]<\/p>\n","protected":false},"author":6,"featured_media":12136,"comment_status":"closed","ping_status":"closed","sticky":false,"template":"","format":"standard","meta":{"footnotes":""},"categories":[27],"tags":[],"class_list":["post-12134","post","type-post","status-publish","format-standard","has-post-thumbnail","hentry","category-actualitat"],"blocksy_meta":[],"featured_image_urls_v2":{"full":["https:\/\/fundaciohospitalariesmartorell.org\/entre-tots\/wp-content\/uploads\/2025\/10\/image-13.png",1600,900,false],"thumbnail":["https:\/\/fundaciohospitalariesmartorell.org\/entre-tots\/wp-content\/uploads\/2025\/10\/image-13-150x150.png",150,150,true],"medium":["https:\/\/fundaciohospitalariesmartorell.org\/entre-tots\/wp-content\/uploads\/2025\/10\/image-13-300x169.png",300,169,true],"medium_large":["https:\/\/fundaciohospitalariesmartorell.org\/entre-tots\/wp-content\/uploads\/2025\/10\/image-13-768x432.png",768,432,true],"large":["https:\/\/fundaciohospitalariesmartorell.org\/entre-tots\/wp-content\/uploads\/2025\/10\/image-13-1024x576.png",1024,576,true],"1536x1536":["https:\/\/fundaciohospitalariesmartorell.org\/entre-tots\/wp-content\/uploads\/2025\/10\/image-13-1536x864.png",1536,864,true],"2048x2048":["https:\/\/fundaciohospitalariesmartorell.org\/entre-tots\/wp-content\/uploads\/2025\/10\/image-13.png",1600,900,false],"mailpoet_newsletter_max":["https:\/\/fundaciohospitalariesmartorell.org\/entre-tots\/wp-content\/uploads\/2025\/10\/image-13-1320x743.png",1320,743,true]},"post_excerpt_stackable_v2":"<p>Del 16 al 18 d&#8217;octubre de 2025, l&#8217;Auditori Alfredo Kraus de Las Palmas de Gran Canaria ha acollit el XXII Congr\u00e9s de la Societat Espanyola de Psicogeriatria (SEPG) sota el lema &#8220;Uniendo\u00a0saberes:\u00a0Humanizaci\u00f3n\u00a0y\u00a0ciencia\u00a0para una\u00a0psicogeriatr\u00eda\u00a0en\u00a0evoluci\u00f3n&#8221;. L&#8217;esdeveniment ha reunit especialistes de tot l&#8217;Estat per compartir coneixements i experi\u00e8ncies sobre els reptes actuals de l&#8217;atenci\u00f3 a les persones grans amb trastorns mentals. El Dr. Manel S\u00e1nchez, president de la&nbsp;SEPG&nbsp;i responsable de l&#8217;\u00c0rea de Gesti\u00f3 del Coneixement de la Fundaci\u00f3 Hospital\u00e0ries Martorell, ha presidit el congr\u00e9s, que ha&nbsp;posat en valor&nbsp;la import\u00e0ncia d&#8217;una psicogeriatria basada en la ci\u00e8ncia, la humanitzaci\u00f3 i la cooperaci\u00f3 interdisciplin\u00e0ria. S\u00e1nchez tamb\u00e9&hellip;<\/p>\n","category_list_v2":"<a href=\"https:\/\/fundaciohospitalariesmartorell.org\/entre-tots\/category\/actualitat\/\" rel=\"category tag\">ACTUALITAT<\/a>","author_info_v2":{"name":"Martorell_comunicacio","url":"https:\/\/fundaciohospitalariesmartorell.org\/entre-tots\/author\/martorell_comunicacio\/"},"comments_num_v2":"0 comments","_links":{"self":[{"href":"https:\/\/fundaciohospitalariesmartorell.org\/entre-tots\/wp-json\/wp\/v2\/posts\/12134","targetHints":{"allow":["GET"]}}],"collection":[{"href":"https:\/\/fundaciohospitalariesmartorell.org\/entre-tots\/wp-json\/wp\/v2\/posts"}],"about":[{"href":"https:\/\/fundaciohospitalariesmartorell.org\/entre-tots\/wp-json\/wp\/v2\/types\/post"}],"author":[{"embeddable":true,"href":"https:\/\/fundaciohospitalariesmartorell.org\/entre-tots\/wp-json\/wp\/v2\/users\/6"}],"replies":[{"embeddable":true,"href":"https:\/\/fundaciohospitalariesmartorell.org\/entre-tots\/wp-json\/wp\/v2\/comments?post=12134"}],"version-history":[{"count":3,"href":"https:\/\/fundaciohospitalariesmartorell.org\/entre-tots\/wp-json\/wp\/v2\/posts\/12134\/revisions"}],"predecessor-version":[{"id":12143,"href":"https:\/\/fundaciohospitalariesmartorell.org\/entre-tots\/wp-json\/wp\/v2\/posts\/12134\/revisions\/12143"}],"wp:featuredmedia":[{"embeddable":true,"href":"https:\/\/fundaciohospitalariesmartorell.org\/entre-tots\/wp-json\/wp\/v2\/media\/12136"}],"wp:attachment":[{"href":"https:\/\/fundaciohospitalariesmartorell.org\/entre-tots\/wp-json\/wp\/v2\/media?parent=12134"}],"wp:term":[{"taxonomy":"category","embeddable":true,"href":"https:\/\/fundaciohospitalariesmartorell.org\/entre-tots\/wp-json\/wp\/v2\/categories?post=12134"},{"taxonomy":"post_tag","embeddable":true,"href":"https:\/\/fundaciohospitalariesmartorell.org\/entre-tots\/wp-json\/wp\/v2\/tags?post=12134"}],"curies":[{"name":"wp","href":"https:\/\/api.w.org\/{rel}","templated":true}]}}