{"id":12140,"date":"2025-10-23T09:24:55","date_gmt":"2025-10-23T08:24:55","guid":{"rendered":"https:\/\/fundaciohospitalariesmartorell.org\/entre-tots\/?p=12140"},"modified":"2025-10-23T14:08:48","modified_gmt":"2025-10-23T13:08:48","slug":"participem-en-la-jornada-musicoterapia-en-lambit-de-salut-mental","status":"publish","type":"post","link":"https:\/\/fundaciohospitalariesmartorell.org\/entre-tots\/2025\/10\/participem-en-la-jornada-musicoterapia-en-lambit-de-salut-mental\/","title":{"rendered":"Participem en la jornada \u201cMusicoter\u00e0pia en l\u2019\u00e0mbit de Salut Mental. El cas de Ritmes en Companyia\u201d"},"content":{"rendered":"\n<p>El passat dimecres 22 d&#8217;octubre es va celebrar al Gran Teatre del Liceu la jornada <em>\u201cMusicoter\u00e0pia en l\u2019\u00e0mbit de Salut Mental. El cas de Ritmes en Companyia\u201d<\/em>, una trobada plantejada per a explorar els beneficis terap\u00e8utics de la m\u00fasica en el benestar emocional i mental de les persones.<\/p>\n\n\n\n<figure class=\"wp-block-embed is-type-video is-provider-youtube wp-block-embed-youtube wp-embed-aspect-16-9 wp-has-aspect-ratio\"><div class=\"wp-block-embed__wrapper\">\n<iframe loading=\"lazy\" title=\"Ritmes en companyia | M\u00fasica, salut mental i connexi\u00f3 humana\" width=\"1290\" height=\"726\" src=\"https:\/\/www.youtube.com\/embed\/g5BCAav5p1o?feature=oembed\" frameborder=\"0\" allow=\"accelerometer; autoplay; clipboard-write; encrypted-media; gyroscope; picture-in-picture; web-share\" referrerpolicy=\"strict-origin-when-cross-origin\" allowfullscreen><\/iframe>\n<\/div><\/figure>\n\n\n\n<p>L\u2019acte va comptar amb la participaci\u00f3 de professionals de diferents \u00e0mbits, entre els quals el <strong>Dr. Manel S\u00e1nchez<\/strong>, psiquiatre i responsable de l\u2019\u00c0rea de Gesti\u00f3 del Coneixement de la Fundaci\u00f3 Hospital\u00e0ries Martorell. El Dr. S\u00e1nchez va participar en la taula \u201cConnexi\u00f3, identitat, esperan\u00e7a i empoderament\u201d, on va dialogar amb Judit Soler, musicoterapeuta, sobre el paper de la m\u00fasica en la construcci\u00f3 i la recuperaci\u00f3 de la identitat de les persones amb problemes de salut mental. Tots dos van coincidir a subratllar com la musicoter\u00e0pia afavoreix la connexi\u00f3 emocional, la comunicaci\u00f3 i el sentiment de pertinen\u00e7a, especialment en persones amb depressi\u00f3, esquizofr\u00e8nia o dem\u00e8ncia.<\/p>\n\n\n\n<p>La sessi\u00f3 va comptar tamb\u00e9 amb les intervencions, entre d&#8217;altres, de Sergio Guzm\u00e1n, terapeuta ocupacional, i Elisenda F\u00e0bregas, musicoterapeuta, que van abordar el valor de l\u2019esperan\u00e7a i l\u2019empoderament; aix\u00ed com de Laia Arnal, directora del Pacte Nacional de Salut Mental; S\u00f2nia Gainza, directora d\u2019Apropa Cultura; i Merc\u00e8 Mateo, musicoterapeuta, que van reflexionar sobre la connexi\u00f3 entre cultura i salut mental.<\/p>\n\n\n\n<p>La confer\u00e8ncia va comptar, tamb\u00e9, amb la participaci\u00f3 del Dr. Simon Procter, reconegut professor de Ter\u00e0pies Creatives a la Universitat de York (Regne Unit).<\/p>\n\n\n\n<p>La jornada va posar en relleu l\u2019evid\u00e8ncia cient\u00edfica que demostra els beneficis de la m\u00fasica en la salut mental i la necessitat d\u2019incorporar la musicoter\u00e0pia com a recurs habitual en l\u2019\u00e0mbit assistencial.<\/p>\n\n\n\n<figure class=\"wp-block-image size-large\"><img loading=\"lazy\" decoding=\"async\" width=\"1024\" height=\"768\" src=\"https:\/\/fundaciohospitalariesmartorell.org\/entre-tots\/wp-content\/uploads\/2025\/10\/image-27-1024x768.png\" alt=\"\" class=\"wp-image-12141\" srcset=\"https:\/\/fundaciohospitalariesmartorell.org\/entre-tots\/wp-content\/uploads\/2025\/10\/image-27-1024x768.png 1024w, https:\/\/fundaciohospitalariesmartorell.org\/entre-tots\/wp-content\/uploads\/2025\/10\/image-27-300x225.png 300w, https:\/\/fundaciohospitalariesmartorell.org\/entre-tots\/wp-content\/uploads\/2025\/10\/image-27-768x576.png 768w, https:\/\/fundaciohospitalariesmartorell.org\/entre-tots\/wp-content\/uploads\/2025\/10\/image-27-1536x1152.png 1536w, https:\/\/fundaciohospitalariesmartorell.org\/entre-tots\/wp-content\/uploads\/2025\/10\/image-27-1320x990.png 1320w, https:\/\/fundaciohospitalariesmartorell.org\/entre-tots\/wp-content\/uploads\/2025\/10\/image-27.png 1600w\" sizes=\"auto, (max-width: 1024px) 100vw, 1024px\" \/><\/figure>\n","protected":false},"excerpt":{"rendered":"<p>El passat dimecres 22 d&#8217;octubre es va celebrar al Gran Teatre del Liceu la jornada \u201cMusicoter\u00e0pia en l\u2019\u00e0mbit de Salut Mental. El cas de Ritmes en Companyia\u201d, una trobada plantejada per a explorar els beneficis terap\u00e8utics de la m\u00fasica en el benestar emocional i mental de les persones. L\u2019acte va comptar amb la participaci\u00f3 de [&hellip;]<\/p>\n","protected":false},"author":6,"featured_media":12141,"comment_status":"closed","ping_status":"closed","sticky":false,"template":"","format":"standard","meta":{"footnotes":""},"categories":[27],"tags":[],"class_list":["post-12140","post","type-post","status-publish","format-standard","has-post-thumbnail","hentry","category-actualitat"],"blocksy_meta":[],"featured_image_urls_v2":{"full":["https:\/\/fundaciohospitalariesmartorell.org\/entre-tots\/wp-content\/uploads\/2025\/10\/image-27.png",1600,1200,false],"thumbnail":["https:\/\/fundaciohospitalariesmartorell.org\/entre-tots\/wp-content\/uploads\/2025\/10\/image-27-150x150.png",150,150,true],"medium":["https:\/\/fundaciohospitalariesmartorell.org\/entre-tots\/wp-content\/uploads\/2025\/10\/image-27-300x225.png",300,225,true],"medium_large":["https:\/\/fundaciohospitalariesmartorell.org\/entre-tots\/wp-content\/uploads\/2025\/10\/image-27-768x576.png",768,576,true],"large":["https:\/\/fundaciohospitalariesmartorell.org\/entre-tots\/wp-content\/uploads\/2025\/10\/image-27-1024x768.png",1024,768,true],"1536x1536":["https:\/\/fundaciohospitalariesmartorell.org\/entre-tots\/wp-content\/uploads\/2025\/10\/image-27-1536x1152.png",1536,1152,true],"2048x2048":["https:\/\/fundaciohospitalariesmartorell.org\/entre-tots\/wp-content\/uploads\/2025\/10\/image-27.png",1600,1200,false],"mailpoet_newsletter_max":["https:\/\/fundaciohospitalariesmartorell.org\/entre-tots\/wp-content\/uploads\/2025\/10\/image-27-1320x990.png",1320,990,true]},"post_excerpt_stackable_v2":"<p>El passat dimecres 22 d&#8217;octubre es va celebrar al Gran Teatre del Liceu la jornada \u201cMusicoter\u00e0pia en l\u2019\u00e0mbit de Salut Mental. El cas de Ritmes en Companyia\u201d, una trobada plantejada per a explorar els beneficis terap\u00e8utics de la m\u00fasica en el benestar emocional i mental de les persones. L\u2019acte va comptar amb la participaci\u00f3 de professionals de diferents \u00e0mbits, entre els quals el Dr. Manel S\u00e1nchez, psiquiatre i responsable de l\u2019\u00c0rea de Gesti\u00f3 del Coneixement de la Fundaci\u00f3 Hospital\u00e0ries Martorell. El Dr. S\u00e1nchez va participar en la taula \u201cConnexi\u00f3, identitat, esperan\u00e7a i empoderament\u201d, on va dialogar amb Judit Soler, musicoterapeuta,&hellip;<\/p>\n","category_list_v2":"<a href=\"https:\/\/fundaciohospitalariesmartorell.org\/entre-tots\/category\/actualitat\/\" rel=\"category tag\">ACTUALITAT<\/a>","author_info_v2":{"name":"Martorell_comunicacio","url":"https:\/\/fundaciohospitalariesmartorell.org\/entre-tots\/author\/martorell_comunicacio\/"},"comments_num_v2":"0 comments","_links":{"self":[{"href":"https:\/\/fundaciohospitalariesmartorell.org\/entre-tots\/wp-json\/wp\/v2\/posts\/12140","targetHints":{"allow":["GET"]}}],"collection":[{"href":"https:\/\/fundaciohospitalariesmartorell.org\/entre-tots\/wp-json\/wp\/v2\/posts"}],"about":[{"href":"https:\/\/fundaciohospitalariesmartorell.org\/entre-tots\/wp-json\/wp\/v2\/types\/post"}],"author":[{"embeddable":true,"href":"https:\/\/fundaciohospitalariesmartorell.org\/entre-tots\/wp-json\/wp\/v2\/users\/6"}],"replies":[{"embeddable":true,"href":"https:\/\/fundaciohospitalariesmartorell.org\/entre-tots\/wp-json\/wp\/v2\/comments?post=12140"}],"version-history":[{"count":2,"href":"https:\/\/fundaciohospitalariesmartorell.org\/entre-tots\/wp-json\/wp\/v2\/posts\/12140\/revisions"}],"predecessor-version":[{"id":12146,"href":"https:\/\/fundaciohospitalariesmartorell.org\/entre-tots\/wp-json\/wp\/v2\/posts\/12140\/revisions\/12146"}],"wp:featuredmedia":[{"embeddable":true,"href":"https:\/\/fundaciohospitalariesmartorell.org\/entre-tots\/wp-json\/wp\/v2\/media\/12141"}],"wp:attachment":[{"href":"https:\/\/fundaciohospitalariesmartorell.org\/entre-tots\/wp-json\/wp\/v2\/media?parent=12140"}],"wp:term":[{"taxonomy":"category","embeddable":true,"href":"https:\/\/fundaciohospitalariesmartorell.org\/entre-tots\/wp-json\/wp\/v2\/categories?post=12140"},{"taxonomy":"post_tag","embeddable":true,"href":"https:\/\/fundaciohospitalariesmartorell.org\/entre-tots\/wp-json\/wp\/v2\/tags?post=12140"}],"curies":[{"name":"wp","href":"https:\/\/api.w.org\/{rel}","templated":true}]}}