{"id":12180,"date":"2025-10-30T08:39:06","date_gmt":"2025-10-30T07:39:06","guid":{"rendered":"https:\/\/fundaciohospitalariesmartorell.org\/entre-tots\/?p=12180"},"modified":"2025-10-30T08:39:06","modified_gmt":"2025-10-30T07:39:06","slug":"truco-trato-invisible-a-lsrc-vilafranca","status":"publish","type":"post","link":"https:\/\/fundaciohospitalariesmartorell.org\/entre-tots\/2025\/10\/truco-trato-invisible-a-lsrc-vilafranca\/","title":{"rendered":"\u201cTruco Trato invisible\u201d a l&#8217;SRC Vilafranca"},"content":{"rendered":"\n<div class=\"wp-block-media-text is-stacked-on-mobile\" style=\"grid-template-columns:44% auto\"><figure class=\"wp-block-media-text__media\"><img loading=\"lazy\" decoding=\"async\" width=\"768\" height=\"1024\" src=\"https:\/\/fundaciohospitalariesmartorell.org\/entre-tots\/wp-content\/uploads\/2025\/10\/image-32-768x1024.png\" alt=\"\" class=\"wp-image-12182 size-full\" srcset=\"https:\/\/fundaciohospitalariesmartorell.org\/entre-tots\/wp-content\/uploads\/2025\/10\/image-32-768x1024.png 768w, https:\/\/fundaciohospitalariesmartorell.org\/entre-tots\/wp-content\/uploads\/2025\/10\/image-32-225x300.png 225w, https:\/\/fundaciohospitalariesmartorell.org\/entre-tots\/wp-content\/uploads\/2025\/10\/image-32-1152x1536.png 1152w, https:\/\/fundaciohospitalariesmartorell.org\/entre-tots\/wp-content\/uploads\/2025\/10\/image-32-1320x1760.png 1320w, https:\/\/fundaciohospitalariesmartorell.org\/entre-tots\/wp-content\/uploads\/2025\/10\/image-32.png 1440w\" sizes=\"auto, (max-width: 768px) 100vw, 768px\" \/><\/figure><div class=\"wp-block-media-text__content\">\n<p>Aquest any, el Servei de Rehabilitaci\u00f3 Comunit\u00e0ria (SRC) de Vilafranca, ha celebrat Halloween amb una activitat plena de creativitat: el \u201cTruco Trato Invisible\u201d. La proposta ha partit d\u2019una idea ben original: cada usuari ha hagut d\u2019escollir quin animal li feia m\u00e9s por i transformar-lo en una versi\u00f3 divertida i desenfadada per celebrar Halloween. Despr\u00e9s d\u2019una votaci\u00f3, els animals escollits van ser l\u2019aranya i el ratol\u00ed.<\/p>\n\n\n\n<p>Cada participant ha dissenyat i vestit aquests animals al seu gust, donant-los un toc personal i simp\u00e0tic. Les aranyes s\u2019han exposat penjades en un arbre decorat amb ambient de Halloween.<\/p>\n<\/div><\/div>\n\n\n\n<p>Per completar l\u2019activitat, els usuaris han penjat a l\u2019arbre una manualitat o dibuix acompanyat d\u2019una llaminadura, convertint-lo en un regal del \u201cTruco Trato Invisible\u201d. Fins al 31 d\u2019octubre, tothom ha pogut participar-hi deixant-hi la seva creaci\u00f3.<\/p>\n\n\n\n<p>El mateix 31 d\u2019octubre, durant l\u2019espai de Tert\u00falia, cada participant ha recollit un dibuix que no fos el seu i ha pogut descobrir, de manera simb\u00f2lica, el seu \u201camic visible\u201d, mantenint la sorpresa fins al final.<\/p>\n\n\n\n<p><\/p>\n","protected":false},"excerpt":{"rendered":"<p>Aquest any, el Servei de Rehabilitaci\u00f3 Comunit\u00e0ria (SRC) de Vilafranca, ha celebrat Halloween amb una activitat plena de creativitat: el \u201cTruco Trato Invisible\u201d. La proposta ha partit d\u2019una idea ben original: cada usuari ha hagut d\u2019escollir quin animal li feia m\u00e9s por i transformar-lo en una versi\u00f3 divertida i desenfadada per celebrar Halloween. Despr\u00e9s d\u2019una [&hellip;]<\/p>\n","protected":false},"author":6,"featured_media":12181,"comment_status":"closed","ping_status":"","sticky":false,"template":"","format":"standard","meta":{"footnotes":""},"categories":[27],"tags":[],"class_list":["post-12180","post","type-post","status-publish","format-standard","has-post-thumbnail","hentry","category-actualitat"],"blocksy_meta":[],"featured_image_urls_v2":{"full":["https:\/\/fundaciohospitalariesmartorell.org\/entre-tots\/wp-content\/uploads\/2025\/10\/image-31.png",1440,1920,false],"thumbnail":["https:\/\/fundaciohospitalariesmartorell.org\/entre-tots\/wp-content\/uploads\/2025\/10\/image-31-150x150.png",150,150,true],"medium":["https:\/\/fundaciohospitalariesmartorell.org\/entre-tots\/wp-content\/uploads\/2025\/10\/image-31-225x300.png",225,300,true],"medium_large":["https:\/\/fundaciohospitalariesmartorell.org\/entre-tots\/wp-content\/uploads\/2025\/10\/image-31-768x1024.png",768,1024,true],"large":["https:\/\/fundaciohospitalariesmartorell.org\/entre-tots\/wp-content\/uploads\/2025\/10\/image-31-768x1024.png",768,1024,true],"1536x1536":["https:\/\/fundaciohospitalariesmartorell.org\/entre-tots\/wp-content\/uploads\/2025\/10\/image-31-1152x1536.png",1152,1536,true],"2048x2048":["https:\/\/fundaciohospitalariesmartorell.org\/entre-tots\/wp-content\/uploads\/2025\/10\/image-31.png",1440,1920,false],"mailpoet_newsletter_max":["https:\/\/fundaciohospitalariesmartorell.org\/entre-tots\/wp-content\/uploads\/2025\/10\/image-31-1320x1760.png",1320,1760,true]},"post_excerpt_stackable_v2":"<p>Aquest any, el Servei de Rehabilitaci\u00f3 Comunit\u00e0ria (SRC) de Vilafranca, ha celebrat Halloween amb una activitat plena de creativitat: el \u201cTruco Trato Invisible\u201d. La proposta ha partit d\u2019una idea ben original: cada usuari ha hagut d\u2019escollir quin animal li feia m\u00e9s por i transformar-lo en una versi\u00f3 divertida i desenfadada per celebrar Halloween. Despr\u00e9s d\u2019una votaci\u00f3, els animals escollits van ser l\u2019aranya i el ratol\u00ed. Cada participant ha dissenyat i vestit aquests animals al seu gust, donant-los un toc personal i simp\u00e0tic. Les aranyes s\u2019han exposat penjades en un arbre decorat amb ambient de Halloween. Per completar l\u2019activitat, els usuaris&hellip;<\/p>\n","category_list_v2":"<a href=\"https:\/\/fundaciohospitalariesmartorell.org\/entre-tots\/category\/actualitat\/\" rel=\"category tag\">ACTUALITAT<\/a>","author_info_v2":{"name":"Martorell_comunicacio","url":"https:\/\/fundaciohospitalariesmartorell.org\/entre-tots\/author\/martorell_comunicacio\/"},"comments_num_v2":"0 comments","_links":{"self":[{"href":"https:\/\/fundaciohospitalariesmartorell.org\/entre-tots\/wp-json\/wp\/v2\/posts\/12180","targetHints":{"allow":["GET"]}}],"collection":[{"href":"https:\/\/fundaciohospitalariesmartorell.org\/entre-tots\/wp-json\/wp\/v2\/posts"}],"about":[{"href":"https:\/\/fundaciohospitalariesmartorell.org\/entre-tots\/wp-json\/wp\/v2\/types\/post"}],"author":[{"embeddable":true,"href":"https:\/\/fundaciohospitalariesmartorell.org\/entre-tots\/wp-json\/wp\/v2\/users\/6"}],"replies":[{"embeddable":true,"href":"https:\/\/fundaciohospitalariesmartorell.org\/entre-tots\/wp-json\/wp\/v2\/comments?post=12180"}],"version-history":[{"count":1,"href":"https:\/\/fundaciohospitalariesmartorell.org\/entre-tots\/wp-json\/wp\/v2\/posts\/12180\/revisions"}],"predecessor-version":[{"id":12183,"href":"https:\/\/fundaciohospitalariesmartorell.org\/entre-tots\/wp-json\/wp\/v2\/posts\/12180\/revisions\/12183"}],"wp:featuredmedia":[{"embeddable":true,"href":"https:\/\/fundaciohospitalariesmartorell.org\/entre-tots\/wp-json\/wp\/v2\/media\/12181"}],"wp:attachment":[{"href":"https:\/\/fundaciohospitalariesmartorell.org\/entre-tots\/wp-json\/wp\/v2\/media?parent=12180"}],"wp:term":[{"taxonomy":"category","embeddable":true,"href":"https:\/\/fundaciohospitalariesmartorell.org\/entre-tots\/wp-json\/wp\/v2\/categories?post=12180"},{"taxonomy":"post_tag","embeddable":true,"href":"https:\/\/fundaciohospitalariesmartorell.org\/entre-tots\/wp-json\/wp\/v2\/tags?post=12180"}],"curies":[{"name":"wp","href":"https:\/\/api.w.org\/{rel}","templated":true}]}}