{"id":12191,"date":"2025-11-03T20:21:39","date_gmt":"2025-11-03T19:21:39","guid":{"rendered":"https:\/\/fundaciohospitalariesmartorell.org\/entre-tots\/?p=12191"},"modified":"2025-11-24T14:49:19","modified_gmt":"2025-11-24T13:49:19","slug":"la-iv-jornada-de-residents-de-la-fundacio-hospitalaries-reforca-el-compromis-amb-la-docencia-i-la-innovacio","status":"publish","type":"post","link":"https:\/\/fundaciohospitalariesmartorell.org\/entre-tots\/2025\/11\/la-iv-jornada-de-residents-de-la-fundacio-hospitalaries-reforca-el-compromis-amb-la-docencia-i-la-innovacio\/","title":{"rendered":"La IV Jornada de Residents de la Fundaci\u00f3 Hospital\u00e0ries refor\u00e7a el comprom\u00eds amb la doc\u00e8ncia i la innovaci\u00f3"},"content":{"rendered":"\n<figure class=\"wp-block-image size-large\"><img loading=\"lazy\" decoding=\"async\" width=\"1024\" height=\"577\" src=\"https:\/\/fundaciohospitalariesmartorell.org\/entre-tots\/wp-content\/uploads\/2025\/11\/20251029_091904-1024x577.jpg\" alt=\"\" class=\"wp-image-12193\" srcset=\"https:\/\/fundaciohospitalariesmartorell.org\/entre-tots\/wp-content\/uploads\/2025\/11\/20251029_091904-1024x577.jpg 1024w, https:\/\/fundaciohospitalariesmartorell.org\/entre-tots\/wp-content\/uploads\/2025\/11\/20251029_091904-300x169.jpg 300w, https:\/\/fundaciohospitalariesmartorell.org\/entre-tots\/wp-content\/uploads\/2025\/11\/20251029_091904-768x432.jpg 768w, https:\/\/fundaciohospitalariesmartorell.org\/entre-tots\/wp-content\/uploads\/2025\/11\/20251029_091904-1536x865.jpg 1536w, https:\/\/fundaciohospitalariesmartorell.org\/entre-tots\/wp-content\/uploads\/2025\/11\/20251029_091904-2048x1153.jpg 2048w, https:\/\/fundaciohospitalariesmartorell.org\/entre-tots\/wp-content\/uploads\/2025\/11\/20251029_091904-1320x743.jpg 1320w\" sizes=\"auto, (max-width: 1024px) 100vw, 1024px\" \/><\/figure>\n\n\n\n<p>La IV Jornada de Residents de la Fundaci\u00f3 Hospital\u00e0ries va reunir el passat 29 d\u2019octubre una vuitantena de professionals i residents en una trobada marcada per la innovaci\u00f3, la doc\u00e8ncia i l\u2019atenci\u00f3 centrada en les persones.\u00a0<\/p>\n\n\n\n<p>L\u2019acte, celebrat a la Sala d\u2019Actes de la Fundaci\u00f3 Hospital\u00e0ries Sant Boi, va ser inaugurat per Sor Camino Agos, superiora de la Comunitat de Sant Boi, Fernando Boatas, cap d\u2019estudis de la Fundaci\u00f3 Hospital\u00e0ries Martorell, i Amalia Guerrero, cap d\u2019estudis de la Fundaci\u00f3 Hospital\u00e0ries Sant Boi, qui van destacar la import\u00e0ncia de compartir coneixement i seguir creixent com a comunitat docent i assistencial.&nbsp;<\/p>\n\n\n\n<p>La jornada es va estructurar en tres taules tem\u00e0tiques que van abordar reptes actuals de la salut mental, les addiccions i la innovaci\u00f3 en recerca.&nbsp;<\/p>\n\n\n\n<p>La primera taula, \u201cNous recursos per a la salut mental infantil i dels joves\u201d, moderada per Natalia Fort, psiquiatra de la inf\u00e0ncia i l\u2019adolesc\u00e8ncia del CSMIJ Horta Guinard\u00f3, va posar el focus en l\u2019atenci\u00f3 especialitzada a adolescents i joves. David Juanes, coordinador de l\u2019\u00c0rea de Rehabilitaci\u00f3 de Salut Mental de FH Martorell, i Mar\u00eda Mart\u00edn, coordinadora de l\u2019\u00c0rea d\u2019Adolescents de FH Sant Boi, van exposar la recent creaci\u00f3 i funcionament de les unitats d\u2019alta complexitat per a joves, un nou projecte davant la necessitat creixent de recursos adequats i especialitzats per a adolescents amb un trastorn de l\u2019espectre autista, discapacitat intel\u00b7lectual i\/o alteracions de conducta.&nbsp;<\/p>\n\n\n\n<figure class=\"wp-block-image size-large\"><img loading=\"lazy\" decoding=\"async\" width=\"1024\" height=\"577\" src=\"https:\/\/fundaciohospitalariesmartorell.org\/entre-tots\/wp-content\/uploads\/2025\/11\/20251029_103236-1024x577.jpg\" alt=\"\" class=\"wp-image-12194\" srcset=\"https:\/\/fundaciohospitalariesmartorell.org\/entre-tots\/wp-content\/uploads\/2025\/11\/20251029_103236-1024x577.jpg 1024w, https:\/\/fundaciohospitalariesmartorell.org\/entre-tots\/wp-content\/uploads\/2025\/11\/20251029_103236-300x169.jpg 300w, https:\/\/fundaciohospitalariesmartorell.org\/entre-tots\/wp-content\/uploads\/2025\/11\/20251029_103236-768x432.jpg 768w, https:\/\/fundaciohospitalariesmartorell.org\/entre-tots\/wp-content\/uploads\/2025\/11\/20251029_103236-1536x865.jpg 1536w, https:\/\/fundaciohospitalariesmartorell.org\/entre-tots\/wp-content\/uploads\/2025\/11\/20251029_103236-2048x1153.jpg 2048w, https:\/\/fundaciohospitalariesmartorell.org\/entre-tots\/wp-content\/uploads\/2025\/11\/20251029_103236-1320x743.jpg 1320w\" sizes=\"auto, (max-width: 1024px) 100vw, 1024px\" \/><\/figure>\n\n\n\n<p>A continuaci\u00f3, Teresa Ribalta, directora de la Fundaci\u00f3 Orienta i vicepresidenta del Grup TLP Barcelona, va presentar el projecte \u201cAdolescents al l\u00edmit\u201d, basat en la ter\u00e0pia focalitzada en la transfer\u00e8ncia pels trastorns de personalitat, un model innovador que promou la comprensi\u00f3 profunda de la relaci\u00f3 terap\u00e8utica com a element de canvi.&nbsp;<\/p>\n\n\n\n<p>Despr\u00e9s del descans, la segona taula, dedicada a les Addiccions, va ser moderada per Gloria Adam Torres, tutora i psic\u00f2loga cl\u00ednica del CASD de L\u2019Hospitalet de FH Sant Boi. Anna Aquino, investigadora de la FIDMAG Germanes Hospital\u00e0ries Research Foundation, va exposar els resultats m\u00e9s recents sobre els canvis cerebrals associats al consum habitual de c\u00e0nnabis, aportant evid\u00e8ncia cient\u00edfica sobre l\u2019impacte en la cognici\u00f3 i la conducta. Tot seguit, Oscar Pino, coordinador del CASD de L\u2019Hospitalet de FH Sant Boi, va reflexionar sobre el maneig de les addiccions i la imputabilitat, tractant el consum de t\u00f2xics, els danys relacionats, la depend\u00e8ncia i la presa de decisions.&nbsp;<\/p>\n\n\n\n<p>La tercera taula, sobre recerca i innovaci\u00f3, va donar veu als residents, sota la moderaci\u00f3 de Raul Ortega, psiquiatra i tutor de residents de FH Martorell. Les presentacions van evidenciar l\u2019inter\u00e8s creixent per la tecnologia, la perspectiva de g\u00e8nere i la salut mental. B\u00e1rbara Escudero i Clara Torner, residents MIR de tercer any de la FH Martorell, van parlar de la integraci\u00f3 de la IA generativa en atenci\u00f3 prim\u00e0ria, presentant tres exemples d\u2019eines amb intel\u00b7lig\u00e8ncia artificial sobre seguiment de s\u00edmptomes, alertes per a detectar empitjorament i suport emocional. Alba Moreno, IIR de segon any de FH Sant Boi, va exposar el seu projecte de fi de resid\u00e8ncia, tractant l\u2019impacte de l\u2019esport com a eina\u00a0rehabilitadora en dones amb trastorn per \u00fas de subst\u00e0ncies, mentre que Natalia Hern\u00e1ndez, MIR de tercer any de FH Sant Boi, va abordar la relaci\u00f3 entre deliris i biaixos cognitius, compartint un projecte pilot al voltant del pensament r\u00e0pid i lent. Finalment, Carla Mariscal, PIR de quart any de FH Sant Boi, va oferir una pon\u00e8ncia sobre intel\u00b7lig\u00e8ncia artificial i trastorns de la conducta aliment\u00e0ria, reflexionant sobre l\u2019impacte que t\u00e9 l\u2019\u00fas de IA, xatbots i xarxes socials en el camp de la salut mental.\u00a0<\/p>\n\n\n\n<figure class=\"wp-block-image size-large\"><img loading=\"lazy\" decoding=\"async\" width=\"1024\" height=\"768\" src=\"https:\/\/fundaciohospitalariesmartorell.org\/entre-tots\/wp-content\/uploads\/2025\/11\/20251029_123048-1024x768.jpg\" alt=\"\" class=\"wp-image-12192\" srcset=\"https:\/\/fundaciohospitalariesmartorell.org\/entre-tots\/wp-content\/uploads\/2025\/11\/20251029_123048-1024x768.jpg 1024w, https:\/\/fundaciohospitalariesmartorell.org\/entre-tots\/wp-content\/uploads\/2025\/11\/20251029_123048-300x225.jpg 300w, https:\/\/fundaciohospitalariesmartorell.org\/entre-tots\/wp-content\/uploads\/2025\/11\/20251029_123048-768x576.jpg 768w, https:\/\/fundaciohospitalariesmartorell.org\/entre-tots\/wp-content\/uploads\/2025\/11\/20251029_123048-1536x1152.jpg 1536w, https:\/\/fundaciohospitalariesmartorell.org\/entre-tots\/wp-content\/uploads\/2025\/11\/20251029_123048-1320x990.jpg 1320w, https:\/\/fundaciohospitalariesmartorell.org\/entre-tots\/wp-content\/uploads\/2025\/11\/20251029_123048.jpg 1832w\" sizes=\"auto, (max-width: 1024px) 100vw, 1024px\" \/><\/figure>\n\n\n\n<p>La cloenda de la jornada va comptar amb la participaci\u00f3 de tres residents d\u2019\u00faltim any: Sonia Calvo, IIR de segon any de FH Sant Boi; Carla Mariscal, PIR de quart any de FH Sant Boi; i Carla Ferro, IIR de segon any de FH Martorell; qui van expressar el seu agra\u00efment i van exposar la seva experi\u00e8ncia als diferents centres. Manuel S\u00e1nchez, director de l\u2019\u00e0rea de gesti\u00f3 del coneixement i coordinador de la Unitat de Psiquiatria Geri\u00e0trica de FH Martorell, va tancar la jornada subratllant el paper fonamental dels residents, la doc\u00e8ncia i la innovaci\u00f3 dins la Fundaci\u00f3 Hospital\u00e0ries.<\/p>\n","protected":false},"excerpt":{"rendered":"<p>La IV Jornada de Residents de la Fundaci\u00f3 Hospital\u00e0ries va reunir el passat 29 d\u2019octubre una vuitantena de professionals i residents en una trobada marcada per la innovaci\u00f3, la doc\u00e8ncia i l\u2019atenci\u00f3 centrada en les persones.\u00a0 L\u2019acte, celebrat a la Sala d\u2019Actes de la Fundaci\u00f3 Hospital\u00e0ries Sant Boi, va ser inaugurat per Sor Camino Agos, [&hellip;]<\/p>\n","protected":false},"author":7,"featured_media":12193,"comment_status":"closed","ping_status":"closed","sticky":false,"template":"","format":"standard","meta":{"footnotes":""},"categories":[28],"tags":[],"class_list":["post-12191","post","type-post","status-publish","format-standard","has-post-thumbnail","hentry","category-tot-aixo-es-nostre"],"blocksy_meta":[],"featured_image_urls_v2":{"full":["https:\/\/fundaciohospitalariesmartorell.org\/entre-tots\/wp-content\/uploads\/2025\/11\/20251029_091904-scaled.jpg",2560,1441,false],"thumbnail":["https:\/\/fundaciohospitalariesmartorell.org\/entre-tots\/wp-content\/uploads\/2025\/11\/20251029_091904-150x150.jpg",150,150,true],"medium":["https:\/\/fundaciohospitalariesmartorell.org\/entre-tots\/wp-content\/uploads\/2025\/11\/20251029_091904-300x169.jpg",300,169,true],"medium_large":["https:\/\/fundaciohospitalariesmartorell.org\/entre-tots\/wp-content\/uploads\/2025\/11\/20251029_091904-768x432.jpg",768,432,true],"large":["https:\/\/fundaciohospitalariesmartorell.org\/entre-tots\/wp-content\/uploads\/2025\/11\/20251029_091904-1024x577.jpg",1024,577,true],"1536x1536":["https:\/\/fundaciohospitalariesmartorell.org\/entre-tots\/wp-content\/uploads\/2025\/11\/20251029_091904-1536x865.jpg",1536,865,true],"2048x2048":["https:\/\/fundaciohospitalariesmartorell.org\/entre-tots\/wp-content\/uploads\/2025\/11\/20251029_091904-2048x1153.jpg",2048,1153,true],"mailpoet_newsletter_max":["https:\/\/fundaciohospitalariesmartorell.org\/entre-tots\/wp-content\/uploads\/2025\/11\/20251029_091904-1320x743.jpg",1320,743,true]},"post_excerpt_stackable_v2":"<p>La IV Jornada de Residents de la Fundaci\u00f3 Hospital\u00e0ries va reunir el passat 29 d\u2019octubre una vuitantena de professionals i residents en una trobada marcada per la innovaci\u00f3, la doc\u00e8ncia i l\u2019atenci\u00f3 centrada en les persones.\u00a0 L\u2019acte, celebrat a la Sala d\u2019Actes de la Fundaci\u00f3 Hospital\u00e0ries Sant Boi, va ser inaugurat per Sor Camino Agos, superiora de la Comunitat de Sant Boi, Fernando Boatas, cap d\u2019estudis de la Fundaci\u00f3 Hospital\u00e0ries Martorell, i Amalia Guerrero, cap d\u2019estudis de la Fundaci\u00f3 Hospital\u00e0ries Sant Boi, qui van destacar la import\u00e0ncia de compartir coneixement i seguir creixent com a comunitat docent i assistencial.&nbsp; La&hellip;<\/p>\n","category_list_v2":"<a href=\"https:\/\/fundaciohospitalariesmartorell.org\/entre-tots\/category\/tot-aixo-es-nostre\/\" rel=\"category tag\">TOT AIX\u00d2 \u00c9S NOSTRE<\/a>","author_info_v2":{"name":"ALBA_FELIP","url":"https:\/\/fundaciohospitalariesmartorell.org\/entre-tots\/author\/alba_felip\/"},"comments_num_v2":"0 comments","_links":{"self":[{"href":"https:\/\/fundaciohospitalariesmartorell.org\/entre-tots\/wp-json\/wp\/v2\/posts\/12191","targetHints":{"allow":["GET"]}}],"collection":[{"href":"https:\/\/fundaciohospitalariesmartorell.org\/entre-tots\/wp-json\/wp\/v2\/posts"}],"about":[{"href":"https:\/\/fundaciohospitalariesmartorell.org\/entre-tots\/wp-json\/wp\/v2\/types\/post"}],"author":[{"embeddable":true,"href":"https:\/\/fundaciohospitalariesmartorell.org\/entre-tots\/wp-json\/wp\/v2\/users\/7"}],"replies":[{"embeddable":true,"href":"https:\/\/fundaciohospitalariesmartorell.org\/entre-tots\/wp-json\/wp\/v2\/comments?post=12191"}],"version-history":[{"count":3,"href":"https:\/\/fundaciohospitalariesmartorell.org\/entre-tots\/wp-json\/wp\/v2\/posts\/12191\/revisions"}],"predecessor-version":[{"id":12215,"href":"https:\/\/fundaciohospitalariesmartorell.org\/entre-tots\/wp-json\/wp\/v2\/posts\/12191\/revisions\/12215"}],"wp:featuredmedia":[{"embeddable":true,"href":"https:\/\/fundaciohospitalariesmartorell.org\/entre-tots\/wp-json\/wp\/v2\/media\/12193"}],"wp:attachment":[{"href":"https:\/\/fundaciohospitalariesmartorell.org\/entre-tots\/wp-json\/wp\/v2\/media?parent=12191"}],"wp:term":[{"taxonomy":"category","embeddable":true,"href":"https:\/\/fundaciohospitalariesmartorell.org\/entre-tots\/wp-json\/wp\/v2\/categories?post=12191"},{"taxonomy":"post_tag","embeddable":true,"href":"https:\/\/fundaciohospitalariesmartorell.org\/entre-tots\/wp-json\/wp\/v2\/tags?post=12191"}],"curies":[{"name":"wp","href":"https:\/\/api.w.org\/{rel}","templated":true}]}}