{"id":12196,"date":"2025-11-03T20:38:09","date_gmt":"2025-11-03T19:38:09","guid":{"rendered":"https:\/\/fundaciohospitalariesmartorell.org\/entre-tots\/?p=12196"},"modified":"2025-11-04T10:47:05","modified_gmt":"2025-11-04T09:47:05","slug":"cures_palliatives_ia","status":"publish","type":"post","link":"https:\/\/fundaciohospitalariesmartorell.org\/entre-tots\/2025\/11\/cures_palliatives_ia\/","title":{"rendered":"La Fundaci\u00f3 Hospital\u00e0ries lidera el debat sobre la IA al servei de les cures pal\u00b7liatives"},"content":{"rendered":"\n<figure class=\"wp-block-image size-large\"><img loading=\"lazy\" decoding=\"async\" width=\"1024\" height=\"683\" src=\"https:\/\/fundaciohospitalariesmartorell.org\/entre-tots\/wp-content\/uploads\/2025\/11\/DSC06153-1024x683.jpg\" alt=\"\" class=\"wp-image-12206\" srcset=\"https:\/\/fundaciohospitalariesmartorell.org\/entre-tots\/wp-content\/uploads\/2025\/11\/DSC06153-1024x683.jpg 1024w, https:\/\/fundaciohospitalariesmartorell.org\/entre-tots\/wp-content\/uploads\/2025\/11\/DSC06153-300x200.jpg 300w, https:\/\/fundaciohospitalariesmartorell.org\/entre-tots\/wp-content\/uploads\/2025\/11\/DSC06153-768x512.jpg 768w, https:\/\/fundaciohospitalariesmartorell.org\/entre-tots\/wp-content\/uploads\/2025\/11\/DSC06153-1536x1024.jpg 1536w, https:\/\/fundaciohospitalariesmartorell.org\/entre-tots\/wp-content\/uploads\/2025\/11\/DSC06153-1320x880.jpg 1320w, https:\/\/fundaciohospitalariesmartorell.org\/entre-tots\/wp-content\/uploads\/2025\/11\/DSC06153.jpg 2048w\" sizes=\"auto, (max-width: 1024px) 100vw, 1024px\" \/><\/figure>\n\n\n\n<p>La Fundaci\u00f3 Hospital\u00e0ries va celebrar el passat 27 d&#8217;octubre a Madrid la I Jornada Nacional de Cures Pal\u00b7liatives, sota el t\u00edtol &#8220;Malalties avan\u00e7ades i final de vida en la societat actual i del futur&#8221;, reafirmant aix\u00ed el seu paper com a referent en l&#8217;atenci\u00f3 pal\u00b7liativa integral, humanitzada i adaptada als nous temps. L&#8217;any 2024, la instituci\u00f3 va atendre gaireb\u00e9 800 persones en cures pal\u00b7liatives.<\/p>\n\n\n\n<p>L&#8217;esdeveniment va comptar amb la participaci\u00f3 de destacats representants de la instituci\u00f3 i del sector, aix\u00ed com nombroses personalitats com Almudena Quintana, directora general assistencial del Servei Madrileny de Salut, i Elia Mart\u00ednez, presidenta de la Societat Espanyola de Cures Pal\u00b7liatives (SECPAL), que van aportar la seva visi\u00f3 sobre l&#8217;atenci\u00f3 al final de la vida.<\/p>\n\n\n\n<blockquote class=\"wp-block-quote is-layout-flow wp-block-quote-is-layout-flow\">\n<p>Elia Mart\u00ednez: &#8220;en cures pal\u00b7liatives deliberem en equip, intentant utilitzar el nostre coneixement cient\u00edfic de manera compassiva. Sense bio\u00e8tica no podem fer cures pal\u00b7liatives, i la IA nom\u00e9s ens ajudar\u00e0 si la fem servir com una eina m\u00e9s, per\u00f2 sempre acompanyada de valors&#8221;.<\/p>\n<\/blockquote>\n\n\n\n<p>El Dr. Santi Bernades, subdirector m\u00e8dic de Martorell i coordinador de la Comissi\u00f3 de Cures Pal\u00b7liatives de la Fundaci\u00f3 Hospital\u00e0ries, va explicar que &#8220;les cures pal\u00b7liatives ens interpel\u00b7len com a sistema, com a professionals i com a comunitat. Ens recorden que cuidar no \u00e9s nom\u00e9s curar, sin\u00f3 tamb\u00e9 alleujar, acompanyar i respectar la dignitat de cada persona. Les noves tecnologies i la intel\u00b7lig\u00e8ncia artificial ofereixen oportunitats valuoses per millorar la qualitat de les cures pal\u00b7liatives, per\u00f2 tamb\u00e9 ens plantegen reptes \u00e8tics i humans: hem d&#8217;assegurar-nos que la tecnologia estigui al servei de la cura, i no a l&#8217;inrev\u00e9s&#8221;.<\/p>\n\n\n\n<figure class=\"wp-block-image size-large\"><img loading=\"lazy\" decoding=\"async\" width=\"1024\" height=\"682\" src=\"https:\/\/fundaciohospitalariesmartorell.org\/entre-tots\/wp-content\/uploads\/2025\/11\/image-2-1024x682.png\" alt=\"\" class=\"wp-image-12207\" srcset=\"https:\/\/fundaciohospitalariesmartorell.org\/entre-tots\/wp-content\/uploads\/2025\/11\/image-2-1024x682.png 1024w, https:\/\/fundaciohospitalariesmartorell.org\/entre-tots\/wp-content\/uploads\/2025\/11\/image-2-300x200.png 300w, https:\/\/fundaciohospitalariesmartorell.org\/entre-tots\/wp-content\/uploads\/2025\/11\/image-2-768x512.png 768w, https:\/\/fundaciohospitalariesmartorell.org\/entre-tots\/wp-content\/uploads\/2025\/11\/image-2-1536x1023.png 1536w, https:\/\/fundaciohospitalariesmartorell.org\/entre-tots\/wp-content\/uploads\/2025\/11\/image-2-1320x879.png 1320w, https:\/\/fundaciohospitalariesmartorell.org\/entre-tots\/wp-content\/uploads\/2025\/11\/image-2.png 1920w\" sizes=\"auto, (max-width: 1024px) 100vw, 1024px\" \/><\/figure>\n\n\n\n<p>Antonio Alemany, director gerent de la Fundaci\u00f3 Hospital\u00e0ries Madrid \u2013 Hospital Universitari, va destacar que &#8220;cada persona que s&#8217;enfronta als seus \u00faltims moments ens recorda que l&#8217;atenci\u00f3 en cures pal\u00b7liatives ha d&#8217;omplir de sentit el temps que queda i que cada exist\u00e8ncia t\u00e9 un valor&#8221;. <\/p>\n\n\n\n<h4 class=\"wp-block-heading\"><span style=\"color: var(--theme-palette-color-1, #9f2b68);\" class=\"stk-highlight\">L&#8217;\u00fas de la intel\u00b7lig\u00e8ncia artificial en les cures pal\u00b7liatives<\/span><\/h4>\n\n\n\n<p>La Dra.&nbsp;Mar\u00eda&nbsp;Herrera&nbsp;Abi\u00e1n, cap de Cures Pal\u00b7liatives dels hospitals&nbsp;Quir\u00f3nsalud&nbsp;i vocal de la&nbsp;SECPAL, va oferir la confer\u00e8ncia &#8220;Com pot ajudar la IA i la tecnologia en el desenvolupament d&#8217;intervencions complexes en cures pal\u00b7liatives?&#8221;.<\/p>\n\n\n\n<p>Abi\u00e1n&nbsp;va remarcar que un dels aven\u00e7os m\u00e9s significatius que suposa la IA \u00e9s que assumeix tasques mec\u00e0niques, com la redacci\u00f3 d&#8217;informes m\u00e8dics mitjan\u00e7ant sistemes d&#8217;escolta que recullen la conversa entre pacient i metge. Aix\u00f2 permet als professionals centrar-se&nbsp;a&nbsp;escoltar activament el pacient i oferir una atenci\u00f3 m\u00e9s propera i humana. &#8220;<\/p>\n\n\n\n<blockquote class=\"wp-block-quote is-layout-flow wp-block-quote-is-layout-flow\">\n<p>Maria Herrera Abi\u00e1n: &#8220;En cures pal\u00b7liatives, on sovint flueixen moments d&#8217;una emoci\u00f3 molt intesa, permeten una cosa fonamental: poder escoltar, abra\u00e7ar i consolar, sense que la tecnologia s&#8217;interposi entre les persones. Aix\u00ed, la IA pot ser una eina al servei de la sensibilitat i la compassi\u00f3. No substitueix la pres\u00e8ncia humana, sin\u00f3 que la potencia&#8221;.<\/p>\n<\/blockquote>\n\n\n\n<p>Tamb\u00e9 va destacaraltres&nbsp;tecnologies,&nbsp;com les ulleres de realitat virtual, que redueixen l&#8217;ansietat i el dolor i permeten als pacients reviure experi\u00e8ncies significatives abans de morir o fins i tot retornar virtualment al seu lloc d&#8217;origen per acomiadar-se. &#8220;D&#8217;aquesta manera, la tecnologia m\u00e9s avan\u00e7ada es posa al servei del m\u00e9s hum\u00e0: l&#8217;acompanyament i la pres\u00e8ncia en els moments m\u00e9s delicats de la vida&#8221;, ha explicat.<\/p>\n\n\n\n<p>A m\u00e9s, va exposar com la tecnologia resulta molt \u00fatil en les visites domicili\u00e0ries, ja que la IA pot registrar tota la informaci\u00f3 rellevant i generar autom\u00e0ticament els informes, alliberant temps per dedicar-lo a cuidar i estar presents. En el futur, s&#8217;espera la integraci\u00f3 de&nbsp;robots&nbsp;cuidadors i&nbsp;avatars&nbsp;d&#8217;IA que ajudin en la gesti\u00f3 del dol, tot i que aix\u00f2 planteja nous reptes \u00e8tics.<\/p>\n\n\n\n<h4 class=\"wp-block-heading\"><span style=\"color: var(--theme-palette-color-1, #9f2b68);\" class=\"stk-highlight\">Reptes en l&#8217;atenci\u00f3 de les cures pal\u00b7liatives<\/span><\/h4>\n\n\n\n<p>Durant la jornada tamb\u00e9 es van abordar els principals reptes del sector. L&#8217;envelliment de la poblaci\u00f3 i una major conscienciaci\u00f3 sobre el dret a una mort digna han augmentat la demanda de cures pal\u00b7liatives. Tanmateix, la manca de professionals especialitzats i la desigualtat territorial en dificulten l&#8217;acc\u00e9s. Segons l&#8217;Atlas&nbsp;Mundial del&nbsp;Observatorio&nbsp;Atlantes (Universitat de Navarra), Espanya ocupa la pen\u00faltima posici\u00f3 entre els pa\u00efsos avan\u00e7ats, per darrere d&#8217;Uganda i Tail\u00e0ndia.&nbsp;I&nbsp;segons la&nbsp;SECPAL, nom\u00e9s el&nbsp;40%&nbsp;dels pacients que les necessiten les reben.<\/p>\n\n\n\n<figure class=\"wp-block-image size-large\"><img loading=\"lazy\" decoding=\"async\" width=\"1024\" height=\"643\" src=\"https:\/\/fundaciohospitalariesmartorell.org\/entre-tots\/wp-content\/uploads\/2025\/11\/image-3-1024x643.png\" alt=\"\" class=\"wp-image-12209\" srcset=\"https:\/\/fundaciohospitalariesmartorell.org\/entre-tots\/wp-content\/uploads\/2025\/11\/image-3-1024x643.png 1024w, https:\/\/fundaciohospitalariesmartorell.org\/entre-tots\/wp-content\/uploads\/2025\/11\/image-3-300x188.png 300w, https:\/\/fundaciohospitalariesmartorell.org\/entre-tots\/wp-content\/uploads\/2025\/11\/image-3-768x482.png 768w, https:\/\/fundaciohospitalariesmartorell.org\/entre-tots\/wp-content\/uploads\/2025\/11\/image-3-1536x965.png 1536w, https:\/\/fundaciohospitalariesmartorell.org\/entre-tots\/wp-content\/uploads\/2025\/11\/image-3-1320x829.png 1320w, https:\/\/fundaciohospitalariesmartorell.org\/entre-tots\/wp-content\/uploads\/2025\/11\/image-3.png 1920w\" sizes=\"auto, (max-width: 1024px) 100vw, 1024px\" \/><\/figure>\n\n\n\n<p>El Dr. Xavier G\u00f3mez Batista, catedr\u00e0tic de Medicina Pal\u00b7liativa, va reflexionar sobre la necessitat de generalitzar les cures pal\u00b7liatives com a dret hum\u00e0 fonamental, implicant tota la societat en la millora del final de la vida. Va subratllar les desigualtats existents per edat, g\u00e8nere, territori o tipus de pacient, com les dones majors de&nbsp;80&nbsp;anys amb soledat i pobresa, o els pacients amb discapacitat intel\u00b7lectual&nbsp;severa, pedi\u00e0trics o amb malalties rares. <\/p>\n\n\n\n<h4 class=\"wp-block-heading\"><span style=\"color: var(--theme-palette-color-1, #9f2b68);\" class=\"stk-highlight\">El paper de la bio\u00e8tica en les cures pal\u00b7liatives<\/span><\/h4>\n\n\n\n<p>A la taula &#8220;Perspectiva dels dilemes bio\u00e8tics en la societat actual&#8221;, Montse Esquerda, degana de la Facultat de Ci\u00e8ncies de la Salut Blanquerna \u2013 Universitat Ramon Llull i doctora en Bio\u00e8tica, va reflexionar sobre la paradoxa actual: &#8220;Mai&nbsp;hav\u00edem tingut tant coneixement sobre com morir b\u00e9, per\u00f2 continuem morint malament&#8221;. Va subratllar que &#8220;morir \u00e9s m\u00e9s un proc\u00e9s relacional i espiritual que biol\u00f2gic&#8221; i que cal recuperar les converses quotidianes sobre la mort, ja que la majoria&nbsp;de&nbsp;persones mai n&#8217;han parlat abans d&#8217;enfrontar-s&#8217;hi.<\/p>\n\n\n\n<p>Tayra&nbsp;Velasco, presidenta de la Comissi\u00f3 Deontol\u00f2gica del Consell General d&#8217;Infermeria, va explicar que &#8220;a la nostra societat la mort es percep com un frac\u00e0s&#8221; i va reflexionar sobre el concepte de bona mort, definida per elements com el confort, la serenitat, la intimitat, el respecte i la plenitud. Va recordar que la mort digna \u00e9s un dret, per\u00f2 tamb\u00e9 una experi\u00e8ncia subjectiva i personal.<\/p>\n\n\n\n<p>Trobareu la cr\u00f2nica sencera de la jornada, <a href=\"https:\/\/fundacionhospitalarias.org\/es\/actualidad\/la-inteligencia-artificial-protagonista-en-la-jornada-de-cuidados-paliativos-de-la\">aqu\u00ed<\/a>.<\/p>\n\n\n\n<p><\/p>\n","protected":false},"excerpt":{"rendered":"<p>La Fundaci\u00f3 Hospital\u00e0ries va celebrar el passat 27 d&#8217;octubre a Madrid la I Jornada Nacional de Cures Pal\u00b7liatives, sota el t\u00edtol &#8220;Malalties avan\u00e7ades i final de vida en la societat actual i del futur&#8221;, reafirmant aix\u00ed el seu paper com a referent en l&#8217;atenci\u00f3 pal\u00b7liativa integral, humanitzada i adaptada als nous temps. L&#8217;any 2024, la [&hellip;]<\/p>\n","protected":false},"author":7,"featured_media":12204,"comment_status":"closed","ping_status":"closed","sticky":false,"template":"","format":"standard","meta":{"footnotes":""},"categories":[27],"tags":[],"class_list":["post-12196","post","type-post","status-publish","format-standard","has-post-thumbnail","hentry","category-actualitat"],"blocksy_meta":[],"featured_image_urls_v2":{"full":["https:\/\/fundaciohospitalariesmartorell.org\/entre-tots\/wp-content\/uploads\/2025\/11\/image-1-edited.png",800,600,false],"thumbnail":["https:\/\/fundaciohospitalariesmartorell.org\/entre-tots\/wp-content\/uploads\/2025\/11\/image-1-edited-150x150.png",150,150,true],"medium":["https:\/\/fundaciohospitalariesmartorell.org\/entre-tots\/wp-content\/uploads\/2025\/11\/image-1-edited-300x225.png",300,225,true],"medium_large":["https:\/\/fundaciohospitalariesmartorell.org\/entre-tots\/wp-content\/uploads\/2025\/11\/image-1-edited-768x576.png",768,576,true],"large":["https:\/\/fundaciohospitalariesmartorell.org\/entre-tots\/wp-content\/uploads\/2025\/11\/image-1-edited.png",800,600,false],"1536x1536":["https:\/\/fundaciohospitalariesmartorell.org\/entre-tots\/wp-content\/uploads\/2025\/11\/image-1-edited.png",800,600,false],"2048x2048":["https:\/\/fundaciohospitalariesmartorell.org\/entre-tots\/wp-content\/uploads\/2025\/11\/image-1-edited.png",800,600,false],"mailpoet_newsletter_max":["https:\/\/fundaciohospitalariesmartorell.org\/entre-tots\/wp-content\/uploads\/2025\/11\/image-1-edited.png",800,600,false]},"post_excerpt_stackable_v2":"<p>La Fundaci\u00f3 Hospital\u00e0ries va celebrar el passat 27 d&#8217;octubre a Madrid la I Jornada Nacional de Cures Pal\u00b7liatives, sota el t\u00edtol &#8220;Malalties avan\u00e7ades i final de vida en la societat actual i del futur&#8221;, reafirmant aix\u00ed el seu paper com a referent en l&#8217;atenci\u00f3 pal\u00b7liativa integral, humanitzada i adaptada als nous temps. L&#8217;any 2024, la instituci\u00f3 va atendre gaireb\u00e9 800 persones en cures pal\u00b7liatives. L&#8217;esdeveniment va comptar amb la participaci\u00f3 de destacats representants de la instituci\u00f3 i del sector, aix\u00ed com nombroses personalitats com Almudena Quintana, directora general assistencial del Servei Madrileny de Salut, i Elia Mart\u00ednez, presidenta de la&hellip;<\/p>\n","category_list_v2":"<a href=\"https:\/\/fundaciohospitalariesmartorell.org\/entre-tots\/category\/actualitat\/\" rel=\"category tag\">ACTUALITAT<\/a>","author_info_v2":{"name":"ALBA_FELIP","url":"https:\/\/fundaciohospitalariesmartorell.org\/entre-tots\/author\/alba_felip\/"},"comments_num_v2":"0 comments","_links":{"self":[{"href":"https:\/\/fundaciohospitalariesmartorell.org\/entre-tots\/wp-json\/wp\/v2\/posts\/12196","targetHints":{"allow":["GET"]}}],"collection":[{"href":"https:\/\/fundaciohospitalariesmartorell.org\/entre-tots\/wp-json\/wp\/v2\/posts"}],"about":[{"href":"https:\/\/fundaciohospitalariesmartorell.org\/entre-tots\/wp-json\/wp\/v2\/types\/post"}],"author":[{"embeddable":true,"href":"https:\/\/fundaciohospitalariesmartorell.org\/entre-tots\/wp-json\/wp\/v2\/users\/7"}],"replies":[{"embeddable":true,"href":"https:\/\/fundaciohospitalariesmartorell.org\/entre-tots\/wp-json\/wp\/v2\/comments?post=12196"}],"version-history":[{"count":6,"href":"https:\/\/fundaciohospitalariesmartorell.org\/entre-tots\/wp-json\/wp\/v2\/posts\/12196\/revisions"}],"predecessor-version":[{"id":12210,"href":"https:\/\/fundaciohospitalariesmartorell.org\/entre-tots\/wp-json\/wp\/v2\/posts\/12196\/revisions\/12210"}],"wp:featuredmedia":[{"embeddable":true,"href":"https:\/\/fundaciohospitalariesmartorell.org\/entre-tots\/wp-json\/wp\/v2\/media\/12204"}],"wp:attachment":[{"href":"https:\/\/fundaciohospitalariesmartorell.org\/entre-tots\/wp-json\/wp\/v2\/media?parent=12196"}],"wp:term":[{"taxonomy":"category","embeddable":true,"href":"https:\/\/fundaciohospitalariesmartorell.org\/entre-tots\/wp-json\/wp\/v2\/categories?post=12196"},{"taxonomy":"post_tag","embeddable":true,"href":"https:\/\/fundaciohospitalariesmartorell.org\/entre-tots\/wp-json\/wp\/v2\/tags?post=12196"}],"curies":[{"name":"wp","href":"https:\/\/api.w.org\/{rel}","templated":true}]}}