{"id":12216,"date":"2025-11-04T15:51:30","date_gmt":"2025-11-04T14:51:30","guid":{"rendered":"https:\/\/fundaciohospitalariesmartorell.org\/entre-tots\/?p=12216"},"modified":"2025-11-20T10:06:19","modified_gmt":"2025-11-20T09:06:19","slug":"lsrc-vilafranca-sendu-dos-guardons-del-premi-agusti-de-semir-conxa-millan","status":"publish","type":"post","link":"https:\/\/fundaciohospitalariesmartorell.org\/entre-tots\/2025\/11\/lsrc-vilafranca-sendu-dos-guardons-del-premi-agusti-de-semir-conxa-millan\/","title":{"rendered":"L&#8217;SRC Vilafranca s&#8217;end\u00fa dos guardons del Premi Agust\u00ed de Semir &amp; Conxa Mill\u00e1n"},"content":{"rendered":"\n<figure class=\"wp-block-image size-large\"><img loading=\"lazy\" decoding=\"async\" width=\"1024\" height=\"768\" src=\"https:\/\/fundaciohospitalariesmartorell.org\/entre-tots\/wp-content\/uploads\/2025\/11\/image-5-1024x768.png\" alt=\"\" class=\"wp-image-12217\" srcset=\"https:\/\/fundaciohospitalariesmartorell.org\/entre-tots\/wp-content\/uploads\/2025\/11\/image-5-1024x768.png 1024w, https:\/\/fundaciohospitalariesmartorell.org\/entre-tots\/wp-content\/uploads\/2025\/11\/image-5-300x225.png 300w, https:\/\/fundaciohospitalariesmartorell.org\/entre-tots\/wp-content\/uploads\/2025\/11\/image-5-768x576.png 768w, https:\/\/fundaciohospitalariesmartorell.org\/entre-tots\/wp-content\/uploads\/2025\/11\/image-5-1536x1152.png 1536w, https:\/\/fundaciohospitalariesmartorell.org\/entre-tots\/wp-content\/uploads\/2025\/11\/image-5-1320x990.png 1320w, https:\/\/fundaciohospitalariesmartorell.org\/entre-tots\/wp-content\/uploads\/2025\/11\/image-5.png 1920w\" sizes=\"auto, (max-width: 1024px) 100vw, 1024px\" \/><\/figure>\n\n\n\n<p>Aquest any hem tornat a participar en la XXVI edici\u00f3 del Premi Agust\u00ed de Semir &amp; Conxa Mill\u00e1n 2025, que en aquesta ocasi\u00f3 tenia com a tema central \u201cEL TEMPS\u201d. Des del SRC Alt Pened\u00e8s s\u2019hi han presentat nou persones usu\u00e0ries, una de les participacions m\u00e9s nombroses dels darrers anys. <\/p>\n\n\n\n<p>L\u2019acte de lliurament de premis es va celebrar el passat 31 d&#8217;octubre al Museu de la Ci\u00e8ncia CosmoCaixa, en una jornada plena d\u2019art, emoci\u00f3 i reconeixement. Enguany, el nostre centre ha estat distingit amb dos guardons:<\/p>\n\n\n\n<ul class=\"wp-block-list\">\n<li>\ud83c\udfc5 Un acc\u00e8ssit per Descans, de Josep Roca<\/li>\n\n\n\n<li>\ud83e\udd47 Un primer premi en la categoria Art-Brut Narratiu per Caminant sense temps, de Sebasti\u00e0 Urgell.<\/li>\n<\/ul>\n\n\n\n<p>La jornada va comen\u00e7ar amb una visita al Museu CosmoCaixa, seguida de la cerim\u00f2nia oficial, que va incloure dues actuacions musicals amb un fort component social, vinculades a la salut mental i a la den\u00fancia de la viol\u00e8ncia de g\u00e8nere. <\/p>\n\n\n\n<figure class=\"wp-block-image size-large\"><img loading=\"lazy\" decoding=\"async\" width=\"1920\" height=\"1080\" src=\"https:\/\/fundaciohospitalariesmartorell.org\/entre-tots\/wp-content\/uploads\/2025\/11\/image-6-edited.png\" alt=\"\" class=\"wp-image-12219\" srcset=\"https:\/\/fundaciohospitalariesmartorell.org\/entre-tots\/wp-content\/uploads\/2025\/11\/image-6-edited.png 1920w, https:\/\/fundaciohospitalariesmartorell.org\/entre-tots\/wp-content\/uploads\/2025\/11\/image-6-edited-300x169.png 300w, https:\/\/fundaciohospitalariesmartorell.org\/entre-tots\/wp-content\/uploads\/2025\/11\/image-6-edited-1024x576.png 1024w, https:\/\/fundaciohospitalariesmartorell.org\/entre-tots\/wp-content\/uploads\/2025\/11\/image-6-edited-768x432.png 768w, https:\/\/fundaciohospitalariesmartorell.org\/entre-tots\/wp-content\/uploads\/2025\/11\/image-6-edited-1536x864.png 1536w, https:\/\/fundaciohospitalariesmartorell.org\/entre-tots\/wp-content\/uploads\/2025\/11\/image-6-edited-1320x743.png 1320w\" sizes=\"auto, (max-width: 1920px) 100vw, 1920px\" \/><\/figure>\n","protected":false},"excerpt":{"rendered":"<p>Aquest any hem tornat a participar en la XXVI edici\u00f3 del Premi Agust\u00ed de Semir &amp; Conxa Mill\u00e1n 2025, que en aquesta ocasi\u00f3 tenia com a tema central \u201cEL TEMPS\u201d. Des del SRC Alt Pened\u00e8s s\u2019hi han presentat nou persones usu\u00e0ries, una de les participacions m\u00e9s nombroses dels darrers anys. L\u2019acte de lliurament de premis [&hellip;]<\/p>\n","protected":false},"author":6,"featured_media":12217,"comment_status":"closed","ping_status":"closed","sticky":false,"template":"","format":"standard","meta":{"footnotes":""},"categories":[27],"tags":[],"class_list":["post-12216","post","type-post","status-publish","format-standard","has-post-thumbnail","hentry","category-actualitat"],"blocksy_meta":[],"featured_image_urls_v2":{"full":["https:\/\/fundaciohospitalariesmartorell.org\/entre-tots\/wp-content\/uploads\/2025\/11\/image-5.png",1920,1440,false],"thumbnail":["https:\/\/fundaciohospitalariesmartorell.org\/entre-tots\/wp-content\/uploads\/2025\/11\/image-5-150x150.png",150,150,true],"medium":["https:\/\/fundaciohospitalariesmartorell.org\/entre-tots\/wp-content\/uploads\/2025\/11\/image-5-300x225.png",300,225,true],"medium_large":["https:\/\/fundaciohospitalariesmartorell.org\/entre-tots\/wp-content\/uploads\/2025\/11\/image-5-768x576.png",768,576,true],"large":["https:\/\/fundaciohospitalariesmartorell.org\/entre-tots\/wp-content\/uploads\/2025\/11\/image-5-1024x768.png",1024,768,true],"1536x1536":["https:\/\/fundaciohospitalariesmartorell.org\/entre-tots\/wp-content\/uploads\/2025\/11\/image-5-1536x1152.png",1536,1152,true],"2048x2048":["https:\/\/fundaciohospitalariesmartorell.org\/entre-tots\/wp-content\/uploads\/2025\/11\/image-5.png",1920,1440,false],"mailpoet_newsletter_max":["https:\/\/fundaciohospitalariesmartorell.org\/entre-tots\/wp-content\/uploads\/2025\/11\/image-5-1320x990.png",1320,990,true]},"post_excerpt_stackable_v2":"<p>Aquest any hem tornat a participar en la XXVI edici\u00f3 del Premi Agust\u00ed de Semir &amp; Conxa Mill\u00e1n 2025, que en aquesta ocasi\u00f3 tenia com a tema central \u201cEL TEMPS\u201d. Des del SRC Alt Pened\u00e8s s\u2019hi han presentat nou persones usu\u00e0ries, una de les participacions m\u00e9s nombroses dels darrers anys. L\u2019acte de lliurament de premis es va celebrar el passat 31 d&#8217;octubre al Museu de la Ci\u00e8ncia CosmoCaixa, en una jornada plena d\u2019art, emoci\u00f3 i reconeixement. Enguany, el nostre centre ha estat distingit amb dos guardons: \ud83c\udfc5 Un acc\u00e8ssit per Descans, de Josep Roca \ud83e\udd47 Un primer premi en la&hellip;<\/p>\n","category_list_v2":"<a href=\"https:\/\/fundaciohospitalariesmartorell.org\/entre-tots\/category\/actualitat\/\" rel=\"category tag\">ACTUALITAT<\/a>","author_info_v2":{"name":"Martorell_comunicacio","url":"https:\/\/fundaciohospitalariesmartorell.org\/entre-tots\/author\/martorell_comunicacio\/"},"comments_num_v2":"0 comments","_links":{"self":[{"href":"https:\/\/fundaciohospitalariesmartorell.org\/entre-tots\/wp-json\/wp\/v2\/posts\/12216","targetHints":{"allow":["GET"]}}],"collection":[{"href":"https:\/\/fundaciohospitalariesmartorell.org\/entre-tots\/wp-json\/wp\/v2\/posts"}],"about":[{"href":"https:\/\/fundaciohospitalariesmartorell.org\/entre-tots\/wp-json\/wp\/v2\/types\/post"}],"author":[{"embeddable":true,"href":"https:\/\/fundaciohospitalariesmartorell.org\/entre-tots\/wp-json\/wp\/v2\/users\/6"}],"replies":[{"embeddable":true,"href":"https:\/\/fundaciohospitalariesmartorell.org\/entre-tots\/wp-json\/wp\/v2\/comments?post=12216"}],"version-history":[{"count":2,"href":"https:\/\/fundaciohospitalariesmartorell.org\/entre-tots\/wp-json\/wp\/v2\/posts\/12216\/revisions"}],"predecessor-version":[{"id":12221,"href":"https:\/\/fundaciohospitalariesmartorell.org\/entre-tots\/wp-json\/wp\/v2\/posts\/12216\/revisions\/12221"}],"wp:featuredmedia":[{"embeddable":true,"href":"https:\/\/fundaciohospitalariesmartorell.org\/entre-tots\/wp-json\/wp\/v2\/media\/12217"}],"wp:attachment":[{"href":"https:\/\/fundaciohospitalariesmartorell.org\/entre-tots\/wp-json\/wp\/v2\/media?parent=12216"}],"wp:term":[{"taxonomy":"category","embeddable":true,"href":"https:\/\/fundaciohospitalariesmartorell.org\/entre-tots\/wp-json\/wp\/v2\/categories?post=12216"},{"taxonomy":"post_tag","embeddable":true,"href":"https:\/\/fundaciohospitalariesmartorell.org\/entre-tots\/wp-json\/wp\/v2\/tags?post=12216"}],"curies":[{"name":"wp","href":"https:\/\/api.w.org\/{rel}","templated":true}]}}