{"id":12224,"date":"2025-11-10T15:11:48","date_gmt":"2025-11-10T14:11:48","guid":{"rendered":"https:\/\/fundaciohospitalariesmartorell.org\/entre-tots\/?p=12224"},"modified":"2025-11-12T08:28:23","modified_gmt":"2025-11-12T07:28:23","slug":"continuitat-pressupostaria-i-implicacio-claus-per-avancar-en-salut-mental-a-lalt-penedes","status":"publish","type":"post","link":"https:\/\/fundaciohospitalariesmartorell.org\/entre-tots\/2025\/11\/continuitat-pressupostaria-i-implicacio-claus-per-avancar-en-salut-mental-a-lalt-penedes\/","title":{"rendered":"Continu\u00eftat pressupost\u00e0ria i implicaci\u00f3, claus per avan\u00e7ar en salut mental a l\u2019Alt Pened\u00e8s"},"content":{"rendered":"\n<figure class=\"wp-block-image size-full\"><img loading=\"lazy\" decoding=\"async\" width=\"872\" height=\"496\" src=\"https:\/\/fundaciohospitalariesmartorell.org\/entre-tots\/wp-content\/uploads\/2025\/11\/image-7.png\" alt=\"\" class=\"wp-image-12225\" srcset=\"https:\/\/fundaciohospitalariesmartorell.org\/entre-tots\/wp-content\/uploads\/2025\/11\/image-7.png 872w, https:\/\/fundaciohospitalariesmartorell.org\/entre-tots\/wp-content\/uploads\/2025\/11\/image-7-300x171.png 300w, https:\/\/fundaciohospitalariesmartorell.org\/entre-tots\/wp-content\/uploads\/2025\/11\/image-7-768x437.png 768w\" sizes=\"auto, (max-width: 872px) 100vw, 872px\" \/><\/figure>\n\n\n\n<p>La\u00a0Taula\u00a0de\u00a0Salut\u00a0Mental\u00a0de\u00a0l&#8217;Alt\u00a0Pened\u00e8s, de la qual formem part, va organitzar el passat 6 de novembre\u00a0la\u00a0Jornada\u00a0\u201cSalut\u00a0mental\u00a0i\u00a0Inclusi\u00f3\u00a0a\u00a0l&#8217;Alt\u00a0Pened\u00e8s\u201d, que va comptar amb la participaci\u00f3 de 130 persones.<\/p>\n\n\n\n<p>La jornada va incloure la pon\u00e8ncia <em>\u201cTransformant serveis, respectant drets: el cam\u00ed dels QualityRights\u201d<\/em>, a c\u00e0rrec de t\u00e8cnics de Salut Mental Catalunya, i dues taules rodones sobre oci inclusiu i bones pr\u00e0ctiques laborals. En l\u2019\u00e0mbit de l\u2019oci, es va subratllar la necessitat de m\u00e9s formaci\u00f3 i informaci\u00f3 a les entitats per afavorir la participaci\u00f3 de tothom. Per la seva banda, Gemma Sivill, directora de la Fundaci\u00f3 Pro Pened\u00e8s, va destacar el paper de les empreses en la inserci\u00f3 laboral de persones amb discapacitat intel\u00b7lectual o problemes de salut mental.<\/p>\n\n\n\n<p>Des de la Taula per la Salut Mental de l\u2019Alt Pened\u00e8s, Carina Leal, directora de l\u2019\u00c0rea d\u2019Atenci\u00f3 a les Persones del Grup Entrem, i Pilar Muley, psiquiatre coordinadora dels Serveis de Salut Mental d&#8217;adults de la comarca, van destacar la necessitat de garantir continu\u00eftat pressupost\u00e0ria als projectes de salut mental en tots els \u00e0mbits.<\/p>\n\n\n\n<p>Tot i els aven\u00e7os socials dels darrers anys en mat\u00e8ria d\u2019inclusi\u00f3, la gesti\u00f3 de la diversitat continua sent un repte i pot continuar-ho sent si es limita al compliment de quotes o normatives. Les ponents van subratllar que la implicaci\u00f3 col\u00b7lectiva \u00e9s essencial per consolidar un canvi real.<\/p>\n\n\n\n<p>La Taula per la Salut Mental de l\u2019Alt Pened\u00e8s reuneix administracions, fundacions, agents sanitaris i empreses socials amb l\u2019objectiu de visibilitzar i impulsar recursos que contribueixin a millorar la qualitat de vida de les persones amb problemes de salut mental i del seu entorn.<\/p>\n\n\n\n<p><\/p>\n","protected":false},"excerpt":{"rendered":"<p>La\u00a0Taula\u00a0de\u00a0Salut\u00a0Mental\u00a0de\u00a0l&#8217;Alt\u00a0Pened\u00e8s, de la qual formem part, va organitzar el passat 6 de novembre\u00a0la\u00a0Jornada\u00a0\u201cSalut\u00a0mental\u00a0i\u00a0Inclusi\u00f3\u00a0a\u00a0l&#8217;Alt\u00a0Pened\u00e8s\u201d, que va comptar amb la participaci\u00f3 de 130 persones. La jornada va incloure la pon\u00e8ncia \u201cTransformant serveis, respectant drets: el cam\u00ed dels QualityRights\u201d, a c\u00e0rrec de t\u00e8cnics de Salut Mental Catalunya, i dues taules rodones sobre oci inclusiu i bones pr\u00e0ctiques laborals. [&hellip;]<\/p>\n","protected":false},"author":6,"featured_media":12225,"comment_status":"closed","ping_status":"closed","sticky":false,"template":"","format":"standard","meta":{"footnotes":""},"categories":[27],"tags":[],"class_list":["post-12224","post","type-post","status-publish","format-standard","has-post-thumbnail","hentry","category-actualitat"],"blocksy_meta":[],"featured_image_urls_v2":{"full":["https:\/\/fundaciohospitalariesmartorell.org\/entre-tots\/wp-content\/uploads\/2025\/11\/image-7.png",872,496,false],"thumbnail":["https:\/\/fundaciohospitalariesmartorell.org\/entre-tots\/wp-content\/uploads\/2025\/11\/image-7-150x150.png",150,150,true],"medium":["https:\/\/fundaciohospitalariesmartorell.org\/entre-tots\/wp-content\/uploads\/2025\/11\/image-7-300x171.png",300,171,true],"medium_large":["https:\/\/fundaciohospitalariesmartorell.org\/entre-tots\/wp-content\/uploads\/2025\/11\/image-7-768x437.png",768,437,true],"large":["https:\/\/fundaciohospitalariesmartorell.org\/entre-tots\/wp-content\/uploads\/2025\/11\/image-7.png",872,496,false],"1536x1536":["https:\/\/fundaciohospitalariesmartorell.org\/entre-tots\/wp-content\/uploads\/2025\/11\/image-7.png",872,496,false],"2048x2048":["https:\/\/fundaciohospitalariesmartorell.org\/entre-tots\/wp-content\/uploads\/2025\/11\/image-7.png",872,496,false],"mailpoet_newsletter_max":["https:\/\/fundaciohospitalariesmartorell.org\/entre-tots\/wp-content\/uploads\/2025\/11\/image-7.png",872,496,false]},"post_excerpt_stackable_v2":"<p>La\u00a0Taula\u00a0de\u00a0Salut\u00a0Mental\u00a0de\u00a0l&#8217;Alt\u00a0Pened\u00e8s, de la qual formem part, va organitzar el passat 6 de novembre\u00a0la\u00a0Jornada\u00a0\u201cSalut\u00a0mental\u00a0i\u00a0Inclusi\u00f3\u00a0a\u00a0l&#8217;Alt\u00a0Pened\u00e8s\u201d, que va comptar amb la participaci\u00f3 de 130 persones. La jornada va incloure la pon\u00e8ncia \u201cTransformant serveis, respectant drets: el cam\u00ed dels QualityRights\u201d, a c\u00e0rrec de t\u00e8cnics de Salut Mental Catalunya, i dues taules rodones sobre oci inclusiu i bones pr\u00e0ctiques laborals. En l\u2019\u00e0mbit de l\u2019oci, es va subratllar la necessitat de m\u00e9s formaci\u00f3 i informaci\u00f3 a les entitats per afavorir la participaci\u00f3 de tothom. Per la seva banda, Gemma Sivill, directora de la Fundaci\u00f3 Pro Pened\u00e8s, va destacar el paper de les empreses en la inserci\u00f3&hellip;<\/p>\n","category_list_v2":"<a href=\"https:\/\/fundaciohospitalariesmartorell.org\/entre-tots\/category\/actualitat\/\" rel=\"category tag\">ACTUALITAT<\/a>","author_info_v2":{"name":"Martorell_comunicacio","url":"https:\/\/fundaciohospitalariesmartorell.org\/entre-tots\/author\/martorell_comunicacio\/"},"comments_num_v2":"0 comments","_links":{"self":[{"href":"https:\/\/fundaciohospitalariesmartorell.org\/entre-tots\/wp-json\/wp\/v2\/posts\/12224","targetHints":{"allow":["GET"]}}],"collection":[{"href":"https:\/\/fundaciohospitalariesmartorell.org\/entre-tots\/wp-json\/wp\/v2\/posts"}],"about":[{"href":"https:\/\/fundaciohospitalariesmartorell.org\/entre-tots\/wp-json\/wp\/v2\/types\/post"}],"author":[{"embeddable":true,"href":"https:\/\/fundaciohospitalariesmartorell.org\/entre-tots\/wp-json\/wp\/v2\/users\/6"}],"replies":[{"embeddable":true,"href":"https:\/\/fundaciohospitalariesmartorell.org\/entre-tots\/wp-json\/wp\/v2\/comments?post=12224"}],"version-history":[{"count":1,"href":"https:\/\/fundaciohospitalariesmartorell.org\/entre-tots\/wp-json\/wp\/v2\/posts\/12224\/revisions"}],"predecessor-version":[{"id":12226,"href":"https:\/\/fundaciohospitalariesmartorell.org\/entre-tots\/wp-json\/wp\/v2\/posts\/12224\/revisions\/12226"}],"wp:featuredmedia":[{"embeddable":true,"href":"https:\/\/fundaciohospitalariesmartorell.org\/entre-tots\/wp-json\/wp\/v2\/media\/12225"}],"wp:attachment":[{"href":"https:\/\/fundaciohospitalariesmartorell.org\/entre-tots\/wp-json\/wp\/v2\/media?parent=12224"}],"wp:term":[{"taxonomy":"category","embeddable":true,"href":"https:\/\/fundaciohospitalariesmartorell.org\/entre-tots\/wp-json\/wp\/v2\/categories?post=12224"},{"taxonomy":"post_tag","embeddable":true,"href":"https:\/\/fundaciohospitalariesmartorell.org\/entre-tots\/wp-json\/wp\/v2\/tags?post=12224"}],"curies":[{"name":"wp","href":"https:\/\/api.w.org\/{rel}","templated":true}]}}