{"id":12227,"date":"2025-11-12T08:27:30","date_gmt":"2025-11-12T07:27:30","guid":{"rendered":"https:\/\/fundaciohospitalariesmartorell.org\/entre-tots\/?p=12227"},"modified":"2025-11-19T13:07:48","modified_gmt":"2025-11-19T12:07:48","slug":"visita-de-magda-casamitjana-en-el-marc-del-projecte-quality-rights","status":"publish","type":"post","link":"https:\/\/fundaciohospitalariesmartorell.org\/entre-tots\/2025\/11\/visita-de-magda-casamitjana-en-el-marc-del-projecte-quality-rights\/","title":{"rendered":"Visita de Magda Casamitjana en el marc del projecte Quality Rights"},"content":{"rendered":"\n<p>El passat mes d&#8217;octubre vam rebre la visita de Magda Casamitjana, coordinadora del projecte QualityRights de la Fundaci\u00f3 Hospital\u00e0ries-Sant Joan de D\u00e9u, en el marc del proc\u00e9s d&#8217;avaluaci\u00f3 dels est\u00e0ndards <a href=\"https:\/\/fundaciohospitalariesmartorell.org\/entre-tots\/2025\/05\/sant-joan-de-deu-i-la-fundacio-hospitalaries-impulsen-el-desplegament-del-model-qualityrights-a-catalunya\/\" data-type=\"post\" data-id=\"11467\">QualityRights<\/a> (QR) de set centres assistencials d&#8217;ambdues institucions.<\/p>\n\n\n\n<p>Durant els dies que va estar amb nosaltres, Casamitjana es va reunir amb referents de formaci\u00f3 QR, comissions internes, i equips de professionals de diverses unitats, com ara urg\u00e8ncies, hospitalitzaci\u00f3 especialitzada, comunit\u00e0ria, seguretat del pacient i voluntariat, entre d\u2019altres.<\/p>\n\n\n\n<figure class=\"wp-block-image size-large\"><img loading=\"lazy\" decoding=\"async\" width=\"1024\" height=\"568\" src=\"https:\/\/fundaciohospitalariesmartorell.org\/entre-tots\/wp-content\/uploads\/2025\/11\/image-8-1024x568.png\" alt=\"\" class=\"wp-image-12228\" srcset=\"https:\/\/fundaciohospitalariesmartorell.org\/entre-tots\/wp-content\/uploads\/2025\/11\/image-8-1024x568.png 1024w, https:\/\/fundaciohospitalariesmartorell.org\/entre-tots\/wp-content\/uploads\/2025\/11\/image-8-300x166.png 300w, https:\/\/fundaciohospitalariesmartorell.org\/entre-tots\/wp-content\/uploads\/2025\/11\/image-8-768x426.png 768w, https:\/\/fundaciohospitalariesmartorell.org\/entre-tots\/wp-content\/uploads\/2025\/11\/image-8-1320x732.png 1320w, https:\/\/fundaciohospitalariesmartorell.org\/entre-tots\/wp-content\/uploads\/2025\/11\/image-8.png 1537w\" sizes=\"auto, (max-width: 1024px) 100vw, 1024px\" \/><\/figure>\n\n\n\n<p>A les trobades, es van abordar temes clau com el projecte de portes obertes, la gesti\u00f3 de contencions, la participaci\u00f3 de les persones usu\u00e0ries i la promoci\u00f3 dels drets en salut mental, amb l\u2019objectiu de continuar avan\u00e7ant en un model assistencial centrat en la persona i respectu\u00f3s amb els drets humans.<\/p>\n\n\n\n<p>La visita va comptar amb la participaci\u00f3 activa dels equips professionals i va servir per refor\u00e7ar el comprom\u00eds del centre amb la millora cont\u00ednua de la qualitat assistencial i amb els principis del projecte QualityRights.<\/p>\n\n\n\n<figure class=\"wp-block-image size-large\"><img loading=\"lazy\" decoding=\"async\" width=\"1024\" height=\"562\" src=\"https:\/\/fundaciohospitalariesmartorell.org\/entre-tots\/wp-content\/uploads\/2025\/11\/Captura-de-pantalla-2025-11-11-132341-1024x562.png\" alt=\"\" class=\"wp-image-12229\" srcset=\"https:\/\/fundaciohospitalariesmartorell.org\/entre-tots\/wp-content\/uploads\/2025\/11\/Captura-de-pantalla-2025-11-11-132341-1024x562.png 1024w, https:\/\/fundaciohospitalariesmartorell.org\/entre-tots\/wp-content\/uploads\/2025\/11\/Captura-de-pantalla-2025-11-11-132341-300x165.png 300w, https:\/\/fundaciohospitalariesmartorell.org\/entre-tots\/wp-content\/uploads\/2025\/11\/Captura-de-pantalla-2025-11-11-132341-768x422.png 768w, https:\/\/fundaciohospitalariesmartorell.org\/entre-tots\/wp-content\/uploads\/2025\/11\/Captura-de-pantalla-2025-11-11-132341.png 1067w\" sizes=\"auto, (max-width: 1024px) 100vw, 1024px\" \/><\/figure>\n\n\n\n<p>Casamitjana tamb\u00e9 va poder con\u00e8ixer els diferents dispositius de salut mental d&#8217;adults del Bergued\u00e0, en una profitosa jornada en qu\u00e8 es va reunir amb l&#8217;equip de l&#8217;Hospital de Dia, el CSMA i l&#8217;SRC, a m\u00e9s d&#8217;una persona usu\u00e0ria que va explicar la seva experi\u00e8ncia en els diferents serveis.<\/p>\n\n\n\n<p>Aquesta primera trobada la recollim en aquesta entrevista:<\/p>\n\n\n\n<p class=\"has-large-font-size\"><strong><span style=\"color: var(--theme-palette-color-1, #9f2b68);\" class=\"stk-highlight\">\u00abEl repte \u00e9s continuar reduint les restriccions f\u00edsiques i avan\u00e7ar cap a unitats m\u00e9s obertes, c\u00e0lides i humanitzades\u00bb<\/span><\/strong><\/p>\n\n\n\n<p><strong>1. Com valores la feina que s\u2019est\u00e0 fent des de la Fundaci\u00f3 Hospital\u00e0ries Martorell en l\u2019\u00e0mbit dels QualityRights?<\/strong><br>La feina que s\u2019est\u00e0 fent \u00e9s molt gran, sovint invisible per\u00f2 molt efectiva. Els professionals coneixen el Model QualityRights i ja han completat la formaci\u00f3 en l\u00ednia de l\u2019OMS.<br>Els QR comencen per una rebuda al servei ordenada, emp\u00e0tica i plena d\u2019esperan\u00e7a per a la persona que ingressa. El rol de tots els professionals en aquesta primera etapa \u00e9s imprescindible, i a la Fundaci\u00f3 Hospital\u00e0ries Martorell ho feu molt b\u00e9.<br>Heu creat una Comissi\u00f3 QualityRights, que \u00e9s una iniciativa molt encertada per assegurar que el model estigui present a tots els serveis i vetllar pel compliment dels principis QR i la millora cont\u00ednua en aquest \u00e0mbit.<\/p>\n\n\n\n<figure class=\"wp-block-gallery has-nested-images columns-default is-cropped wp-block-gallery-1 is-layout-flex wp-block-gallery-is-layout-flex\">\n<figure class=\"wp-block-image size-large\"><img loading=\"lazy\" decoding=\"async\" width=\"687\" height=\"577\" data-id=\"12232\" src=\"https:\/\/fundaciohospitalariesmartorell.org\/entre-tots\/wp-content\/uploads\/2025\/11\/image-9.png\" alt=\"\" class=\"wp-image-12232\" srcset=\"https:\/\/fundaciohospitalariesmartorell.org\/entre-tots\/wp-content\/uploads\/2025\/11\/image-9.png 687w, https:\/\/fundaciohospitalariesmartorell.org\/entre-tots\/wp-content\/uploads\/2025\/11\/image-9-300x252.png 300w\" sizes=\"auto, (max-width: 687px) 100vw, 687px\" \/><\/figure>\n\n\n\n<figure class=\"wp-block-image size-large\"><img loading=\"lazy\" decoding=\"async\" width=\"772\" height=\"589\" data-id=\"12233\" src=\"https:\/\/fundaciohospitalariesmartorell.org\/entre-tots\/wp-content\/uploads\/2025\/11\/image-10.png\" alt=\"\" class=\"wp-image-12233\" srcset=\"https:\/\/fundaciohospitalariesmartorell.org\/entre-tots\/wp-content\/uploads\/2025\/11\/image-10.png 772w, https:\/\/fundaciohospitalariesmartorell.org\/entre-tots\/wp-content\/uploads\/2025\/11\/image-10-300x229.png 300w, https:\/\/fundaciohospitalariesmartorell.org\/entre-tots\/wp-content\/uploads\/2025\/11\/image-10-768x586.png 768w\" sizes=\"auto, (max-width: 772px) 100vw, 772px\" \/><\/figure>\n<\/figure>\n\n\n\n<p><strong>2. Quines bones pr\u00e0ctiques o iniciatives destacaries de les que vas con\u00e8ixer durant la teva estada?<\/strong><br>Sobretot, la visi\u00f3 integral de la persona, m\u00e9s enll\u00e0 del trastorn que pateix. He pogut veure la capacitat de fer sentir la persona ingressada acollida, ben cuidada i amb esperan\u00e7a de recuperaci\u00f3, vinculant-la a recursos comunitaris per al seu retorn.<br>Una molt bona pr\u00e0ctica \u00e9s la <a href=\"https:\/\/fundaciohospitalariesmartorell.org\/entre-tots\/2023\/10\/es-posa-en-marxa-la-unitat-funcional-de-recuperacio-i-projecte-de-vida\/\" data-type=\"post\" data-id=\"7374\">Unitat Funcional de Recuperaci\u00f3 i Projecte de Vida<\/a>, aix\u00ed com la creaci\u00f3 de l\u2019<a href=\"https:\/\/fundaciohospitalariesmartorell.org\/entre-tots\/2023\/12\/lhospital-sagrat-cor-estrena-lespai-de-silenci-interconfessional\/\" data-type=\"post\" data-id=\"7795\">Espai Obert<\/a> o les activitats f\u00edsiques amb enfocament terap\u00e8utic i comunitari, que van m\u00e9s enll\u00e0 de l\u2019exercici: l\u2019objectiu \u00e9s que la persona pugui continuar l\u2019activitat dins la comunitat.<\/p>\n\n\n\n<p><strong>3. Quins reptes creus que encara tenim per davant en la implementaci\u00f3 dels est\u00e0ndards QR?<\/strong><br>Els principals reptes s\u00f3n reduir les restriccions f\u00edsiques, com les contencions, i avan\u00e7ar en el model de portes obertes. Les contencions mec\u00e0niques han disminu\u00eft notablement i es treballa per erradicar-les del tot, amb projectes efectius com Safewards i <a href=\"https:\/\/fundaciohospitalariesmartorell.org\/entre-tots\/2024\/12\/la-unitat-de-psiquiatria-geriatrica-obte-el-certificat-inicial-de-la-norma-libera-care\/\" data-type=\"post\" data-id=\"10535\">Liberacare<\/a>.<br>Tamb\u00e9 s\u2019est\u00e0 desenvolupant un projecte de portes obertes en una de les unitats, un pas molt important cap a un model m\u00e9s respectu\u00f3s i centrat en la persona.<\/p>\n\n\n\n<p><strong>4. Quins passos recomanaries a la Fundaci\u00f3 per continuar consolidant els principis QualityRights?<\/strong><br>S\u2019ha constru\u00eft un nou edifici que acull trastorns de conducta aliment\u00e0ria d\u2019adults, la UHEDI+ i una Unitat de Psiquiatria Geri\u00e0trica, amb una visi\u00f3 innovadora i plenament alineada amb els principis QR.<br>Caldria repensar les unitats de les estructures m\u00e9s antigues, per crear entorns m\u00e9s c\u00e0lids, emp\u00e0tics i humanitzats. Tamb\u00e9 \u00e9s important mantenir i refor\u00e7ar la formaci\u00f3 pr\u00e0ctica en bones pr\u00e0ctiques QR, desplegar una estrat\u00e8gia de participaci\u00f3 activa de la persona usu\u00e0ria, incloure m\u00e9s atenci\u00f3 a les fam\u00edlies, per exemple a trav\u00e9s de l\u2019espai Situa\u2019t i continuar la sensibilitzaci\u00f3 i la lluita contra l\u2019estigma en salut mental.<\/p>\n\n\n\n<figure class=\"wp-block-image size-full\"><img loading=\"lazy\" decoding=\"async\" width=\"935\" height=\"576\" src=\"https:\/\/fundaciohospitalariesmartorell.org\/entre-tots\/wp-content\/uploads\/2025\/11\/image-11.png\" alt=\"\" class=\"wp-image-12234\" srcset=\"https:\/\/fundaciohospitalariesmartorell.org\/entre-tots\/wp-content\/uploads\/2025\/11\/image-11.png 935w, https:\/\/fundaciohospitalariesmartorell.org\/entre-tots\/wp-content\/uploads\/2025\/11\/image-11-300x185.png 300w, https:\/\/fundaciohospitalariesmartorell.org\/entre-tots\/wp-content\/uploads\/2025\/11\/image-11-768x473.png 768w\" sizes=\"auto, (max-width: 935px) 100vw, 935px\" \/><\/figure>\n\n\n\n<p><\/p>\n","protected":false},"excerpt":{"rendered":"<p>El passat mes d&#8217;octubre vam rebre la visita de Magda Casamitjana, coordinadora del projecte QualityRights de la Fundaci\u00f3 Hospital\u00e0ries-Sant Joan de D\u00e9u, en el marc del proc\u00e9s d&#8217;avaluaci\u00f3 dels est\u00e0ndards QualityRights (QR) de set centres assistencials d&#8217;ambdues institucions. Durant els dies que va estar amb nosaltres, Casamitjana es va reunir amb referents de formaci\u00f3 QR, [&hellip;]<\/p>\n","protected":false},"author":6,"featured_media":12234,"comment_status":"closed","ping_status":"closed","sticky":false,"template":"","format":"standard","meta":{"footnotes":""},"categories":[27],"tags":[],"class_list":["post-12227","post","type-post","status-publish","format-standard","has-post-thumbnail","hentry","category-actualitat"],"blocksy_meta":[],"featured_image_urls_v2":{"full":["https:\/\/fundaciohospitalariesmartorell.org\/entre-tots\/wp-content\/uploads\/2025\/11\/image-11.png",935,576,false],"thumbnail":["https:\/\/fundaciohospitalariesmartorell.org\/entre-tots\/wp-content\/uploads\/2025\/11\/image-11-150x150.png",150,150,true],"medium":["https:\/\/fundaciohospitalariesmartorell.org\/entre-tots\/wp-content\/uploads\/2025\/11\/image-11-300x185.png",300,185,true],"medium_large":["https:\/\/fundaciohospitalariesmartorell.org\/entre-tots\/wp-content\/uploads\/2025\/11\/image-11-768x473.png",768,473,true],"large":["https:\/\/fundaciohospitalariesmartorell.org\/entre-tots\/wp-content\/uploads\/2025\/11\/image-11.png",935,576,false],"1536x1536":["https:\/\/fundaciohospitalariesmartorell.org\/entre-tots\/wp-content\/uploads\/2025\/11\/image-11.png",935,576,false],"2048x2048":["https:\/\/fundaciohospitalariesmartorell.org\/entre-tots\/wp-content\/uploads\/2025\/11\/image-11.png",935,576,false],"mailpoet_newsletter_max":["https:\/\/fundaciohospitalariesmartorell.org\/entre-tots\/wp-content\/uploads\/2025\/11\/image-11.png",935,576,false]},"post_excerpt_stackable_v2":"<p>El passat mes d&#8217;octubre vam rebre la visita de Magda Casamitjana, coordinadora del projecte QualityRights de la Fundaci\u00f3 Hospital\u00e0ries-Sant Joan de D\u00e9u, en el marc del proc\u00e9s d&#8217;avaluaci\u00f3 dels est\u00e0ndards QualityRights (QR) de set centres assistencials d&#8217;ambdues institucions. Durant els dies que va estar amb nosaltres, Casamitjana es va reunir amb referents de formaci\u00f3 QR, comissions internes, i equips de professionals de diverses unitats, com ara urg\u00e8ncies, hospitalitzaci\u00f3 especialitzada, comunit\u00e0ria, seguretat del pacient i voluntariat, entre d\u2019altres. A les trobades, es van abordar temes clau com el projecte de portes obertes, la gesti\u00f3 de contencions, la participaci\u00f3 de les persones&hellip;<\/p>\n","category_list_v2":"<a href=\"https:\/\/fundaciohospitalariesmartorell.org\/entre-tots\/category\/actualitat\/\" rel=\"category tag\">ACTUALITAT<\/a>","author_info_v2":{"name":"Martorell_comunicacio","url":"https:\/\/fundaciohospitalariesmartorell.org\/entre-tots\/author\/martorell_comunicacio\/"},"comments_num_v2":"0 comments","_links":{"self":[{"href":"https:\/\/fundaciohospitalariesmartorell.org\/entre-tots\/wp-json\/wp\/v2\/posts\/12227","targetHints":{"allow":["GET"]}}],"collection":[{"href":"https:\/\/fundaciohospitalariesmartorell.org\/entre-tots\/wp-json\/wp\/v2\/posts"}],"about":[{"href":"https:\/\/fundaciohospitalariesmartorell.org\/entre-tots\/wp-json\/wp\/v2\/types\/post"}],"author":[{"embeddable":true,"href":"https:\/\/fundaciohospitalariesmartorell.org\/entre-tots\/wp-json\/wp\/v2\/users\/6"}],"replies":[{"embeddable":true,"href":"https:\/\/fundaciohospitalariesmartorell.org\/entre-tots\/wp-json\/wp\/v2\/comments?post=12227"}],"version-history":[{"count":3,"href":"https:\/\/fundaciohospitalariesmartorell.org\/entre-tots\/wp-json\/wp\/v2\/posts\/12227\/revisions"}],"predecessor-version":[{"id":12265,"href":"https:\/\/fundaciohospitalariesmartorell.org\/entre-tots\/wp-json\/wp\/v2\/posts\/12227\/revisions\/12265"}],"wp:featuredmedia":[{"embeddable":true,"href":"https:\/\/fundaciohospitalariesmartorell.org\/entre-tots\/wp-json\/wp\/v2\/media\/12234"}],"wp:attachment":[{"href":"https:\/\/fundaciohospitalariesmartorell.org\/entre-tots\/wp-json\/wp\/v2\/media?parent=12227"}],"wp:term":[{"taxonomy":"category","embeddable":true,"href":"https:\/\/fundaciohospitalariesmartorell.org\/entre-tots\/wp-json\/wp\/v2\/categories?post=12227"},{"taxonomy":"post_tag","embeddable":true,"href":"https:\/\/fundaciohospitalariesmartorell.org\/entre-tots\/wp-json\/wp\/v2\/tags?post=12227"}],"curies":[{"name":"wp","href":"https:\/\/api.w.org\/{rel}","templated":true}]}}