{"id":12236,"date":"2025-11-18T08:55:12","date_gmt":"2025-11-18T07:55:12","guid":{"rendered":"https:\/\/fundaciohospitalariesmartorell.org\/entre-tots\/?p=12236"},"modified":"2025-11-18T13:46:21","modified_gmt":"2025-11-18T12:46:21","slug":"la-deteccio-de-persones-amb-ideacio-suicida-a-la-catalunya-central-sha-multiplicat-per-tres-en-tres-anys","status":"publish","type":"post","link":"https:\/\/fundaciohospitalariesmartorell.org\/entre-tots\/2025\/11\/la-deteccio-de-persones-amb-ideacio-suicida-a-la-catalunya-central-sha-multiplicat-per-tres-en-tres-anys\/","title":{"rendered":"La detecci\u00f3 de persones amb ideaci\u00f3 su\u00efcida a la Catalunya Central s\u2019ha multiplicat per tres en tres anys"},"content":{"rendered":"\n<h5 class=\"wp-block-heading\"><strong><span style=\"color: var(--theme-palette-color-1, #9f2b68);\" class=\"stk-highlight\">La Catalunya Central afronta l&#8217;augment de detecci\u00f3 de persones amb ideaci\u00f3 su\u00efcida amb un treball coordinat. <\/span><\/strong><span style=\"color: var(--theme-palette-color-1, #9f2b68);\" class=\"stk-highlight\"><strong>\u201cLa prevenci\u00f3 del su\u00efcidi \u00e9s un dels reptes m\u00e9s complexos que afrontem com a societat. No hi ha una \u00fanica resposta, ni un \u00fanic \u00e0mbit que en tingui la responsabilitat. Ens interpel\u00b7la a tots i ens demana escolta, coordinaci\u00f3, coneixement compartit i, sobretot, comprom\u00eds.\u201d, va assegurar la Dra. Montse Guitart.<\/strong><\/span><\/h5>\n\n\n\n<figure class=\"wp-block-image size-large\"><img loading=\"lazy\" decoding=\"async\" width=\"1024\" height=\"577\" src=\"https:\/\/fundaciohospitalariesmartorell.org\/entre-tots\/wp-content\/uploads\/2025\/11\/image-16-1024x577.png\" alt=\"\" class=\"wp-image-12256\" srcset=\"https:\/\/fundaciohospitalariesmartorell.org\/entre-tots\/wp-content\/uploads\/2025\/11\/image-16-1024x577.png 1024w, https:\/\/fundaciohospitalariesmartorell.org\/entre-tots\/wp-content\/uploads\/2025\/11\/image-16-300x169.png 300w, https:\/\/fundaciohospitalariesmartorell.org\/entre-tots\/wp-content\/uploads\/2025\/11\/image-16-768x432.png 768w, https:\/\/fundaciohospitalariesmartorell.org\/entre-tots\/wp-content\/uploads\/2025\/11\/image-16-1536x865.png 1536w, https:\/\/fundaciohospitalariesmartorell.org\/entre-tots\/wp-content\/uploads\/2025\/11\/image-16-1320x743.png 1320w, https:\/\/fundaciohospitalariesmartorell.org\/entre-tots\/wp-content\/uploads\/2025\/11\/image-16.png 2000w\" sizes=\"auto, (max-width: 1024px) 100vw, 1024px\" \/><\/figure>\n\n\n\n<p>La detecci\u00f3 de persones amb ideaci\u00f3 su\u00efcida a la Catalunya Central s\u2019ha multiplicat per tres en tres anys, segons les dades de la Comissi\u00f3 Territorial del Su\u00efcidi. Les consultes registrades han passat de 45 l\u2019any 2022 a 142 el 2023, i s\u2019han mantingut en nivells elevats el 2024 (119 casos). Durant els vuit primers mesos del 2025, ja s\u2019han registrat 84 noves situacions, fet que evidencia una millora en la detecci\u00f3 i coordinaci\u00f3 entre serveis, per\u00f2 tamb\u00e9 la persist\u00e8ncia d\u2019una problem\u00e0tica de salut p\u00fablica de primer ordre.<\/p>\n\n\n\n<p>Malgrat aquest increment en la detecci\u00f3, les dades tamb\u00e9 mostren que, en el darrer any, 62 persones han mort per su\u00efcidi a la Catalunya Central, i que el 50% no tenien cap antecedent psiqui\u00e0tric. Aquesta dada subratlla la necessitat d\u2019implicar tota la societat en la prevenci\u00f3, m\u00e9s enll\u00e0 de l\u2019\u00e0mbit sanitari.<\/p>\n\n\n\n<p>Precisament, amb la voluntat de treballar la prevenci\u00f3 del su\u00efcidi amb una mirada comunit\u00e0ria, el passat divendres 14 de novembre es van celebrar les IV Jornades interdisciplin\u00e0ries de prevenci\u00f3 del su\u00efcidi al pavell\u00f3 Suencia, de la qual en vam ser amfitrions. Aquestes jornades que es fan cada dos anys compten amb la participaci\u00f3 de professionals de salut mental, atenci\u00f3 prim\u00e0ria, emerg\u00e8ncies m\u00e8diques, educaci\u00f3, serveis socials, cossos de seguretat i just\u00edcia. L\u2019objectiu \u00e9s avan\u00e7ar en la prevenci\u00f3 i l\u2019abordatge del su\u00efcidi com a problema de salut p\u00fablica, des d\u2019una mirada col\u00b7lectiva i transversal.<\/p>\n\n\n\n<figure class=\"wp-block-image size-large\"><img loading=\"lazy\" decoding=\"async\" width=\"1024\" height=\"577\" src=\"https:\/\/fundaciohospitalariesmartorell.org\/entre-tots\/wp-content\/uploads\/2025\/11\/image-19-1024x577.png\" alt=\"\" class=\"wp-image-12259\" srcset=\"https:\/\/fundaciohospitalariesmartorell.org\/entre-tots\/wp-content\/uploads\/2025\/11\/image-19-1024x577.png 1024w, https:\/\/fundaciohospitalariesmartorell.org\/entre-tots\/wp-content\/uploads\/2025\/11\/image-19-300x169.png 300w, https:\/\/fundaciohospitalariesmartorell.org\/entre-tots\/wp-content\/uploads\/2025\/11\/image-19-768x432.png 768w, https:\/\/fundaciohospitalariesmartorell.org\/entre-tots\/wp-content\/uploads\/2025\/11\/image-19-1536x865.png 1536w, https:\/\/fundaciohospitalariesmartorell.org\/entre-tots\/wp-content\/uploads\/2025\/11\/image-19-1320x743.png 1320w, https:\/\/fundaciohospitalariesmartorell.org\/entre-tots\/wp-content\/uploads\/2025\/11\/image-19.png 2000w\" sizes=\"auto, (max-width: 1024px) 100vw, 1024px\" \/><\/figure>\n\n\n\n<p>A l\u2019obertura de la jornada, el gerent de la Regi\u00f3 Sanit\u00e0ria Catalunya Central,&nbsp;Toni S\u00e1nchez, va remarcar la necessitat de trencar el silenci, els mites i els tab\u00fas que encara giren entorn del su\u00efcidi.&nbsp;\u201cNom\u00e9s&nbsp;si som capa\u00e7os de parlar-ne obertament podrem avan\u00e7ar en la prevenci\u00f3&nbsp;i en l\u2019acompanyament de les persones que pateixen. Darrere de cada dada hi ha hist\u00f2ries de vida, fam\u00edlies i comunitats&nbsp;que viuen un dolor immens, i \u00e9s la nostra responsabilitat col\u00b7lectiva mirar-ho de cara i actuar-hi\u201d, va assegurar. <\/p>\n\n\n\n<p>S\u00e1nchez va posar tamb\u00e9 en valor&nbsp;el treball col\u00b7lectiu nascut d\u2019edicions anteriors de les jornades, com el projecte pioner&nbsp;<em>Salut mental i mitjans de comunicaci\u00f3<\/em>, impulsat per l\u2019equip de comunicaci\u00f3 de la Regi\u00f3 Sanit\u00e0ria Catalunya Central i la demarcaci\u00f3 del Col\u00b7legi de Periodistes de Catalunya. Aquest taller va servir per&nbsp;reflexionar sobre el tractament informatiu de la salut mental i el su\u00efcidi, amb la participaci\u00f3 de periodistes, professionals sanitaris, comunicadors institucionals, entitats i fam\u00edlies, i ha generat bones pr\u00e0ctiques per reduir l\u2019estigma i promoure una comunicaci\u00f3 m\u00e9s humana.<\/p>\n\n\n\n<blockquote class=\"wp-block-quote is-layout-flow wp-block-quote-is-layout-flow\">\n<p>Montse Guitart, coordinadora dels serveis d\u2019atenci\u00f3 comunit\u00e0ria de&nbsp;Fundaci\u00f3 Hospital\u00e0ries de Martorell&nbsp;va remarcar que la prevenci\u00f3 del su\u00efcidi necessita la implicaci\u00f3 de tota la xarxa de serveis i de la societat. &#8220;Des del territori del Bergued\u00e0 i des de FH Martorell, sabem com d\u2019important \u00e9s fer xarxa. Sabem que la detecci\u00f3 preco\u00e7 i l\u2019acompanyament respectu\u00f3s no depenen nom\u00e9s de la compet\u00e8ncia professional, sin\u00f3 tamb\u00e9 de la capacitat de treballar conjuntament, de generar confian\u00e7a i de teixir vincles entre serveis, institucions i comunitat&#8221;, va assegurar.<\/p>\n<\/blockquote>\n\n\n\n<p>Durant la jornada es va insistir en els factors que incideixen en conductes de risc de su\u00efcidi com son&nbsp;els trastorns mentals, l\u2019\u00fas nociu de subst\u00e0ncies o la desesperan\u00e7a. I es van exposar senyals d\u2019alarma tant en la conducta de les persones, les expressions verbals que fan servir o el seu estat d\u2019\u00e0nim. Indicadors que poden permetre identificar persones amb una situaci\u00f3 complexa i fer accions per prevenir ideacions de su\u00efcidi.<\/p>\n\n\n\n<p>La jornada tamb\u00e9 va comptar amb pon\u00e8ncies sobre malestar juvenil, prevenci\u00f3 en la vellesa, mirada de g\u00e8nere i relaci\u00f3 entre su\u00efcidi i consum de subst\u00e0ncies. La Dra. Tania Bravo, del CSMA Berga, va oferir la pon\u00e8ncia Su\u00efcidi i subst\u00e0ncies: un vincle de risc, una oportunitat d\u2019abordatge.<\/p>\n\n\n\n<p>Els debats van posar \u00e9mfasi en la import\u00e0ncia de refor\u00e7ar la coordinaci\u00f3 territorial i millorar la sensibilitzaci\u00f3 comunit\u00e0ria per detectar situacions de risc abans que esdevinguin urg\u00e8ncies.<\/p>\n\n\n\n<figure class=\"wp-block-image size-large\"><img loading=\"lazy\" decoding=\"async\" width=\"1024\" height=\"577\" src=\"https:\/\/fundaciohospitalariesmartorell.org\/entre-tots\/wp-content\/uploads\/2025\/11\/image-20-1024x577.png\" alt=\"\" class=\"wp-image-12260\" srcset=\"https:\/\/fundaciohospitalariesmartorell.org\/entre-tots\/wp-content\/uploads\/2025\/11\/image-20-1024x577.png 1024w, https:\/\/fundaciohospitalariesmartorell.org\/entre-tots\/wp-content\/uploads\/2025\/11\/image-20-300x169.png 300w, https:\/\/fundaciohospitalariesmartorell.org\/entre-tots\/wp-content\/uploads\/2025\/11\/image-20-768x432.png 768w, https:\/\/fundaciohospitalariesmartorell.org\/entre-tots\/wp-content\/uploads\/2025\/11\/image-20-1536x865.png 1536w, https:\/\/fundaciohospitalariesmartorell.org\/entre-tots\/wp-content\/uploads\/2025\/11\/image-20-1320x743.png 1320w, https:\/\/fundaciohospitalariesmartorell.org\/entre-tots\/wp-content\/uploads\/2025\/11\/image-20.png 2000w\" sizes=\"auto, (max-width: 1024px) 100vw, 1024px\" \/><\/figure>\n\n\n\n<p>Finalment, a la pon\u00e8ncia sobre com cuidar els professionals que justament tracten directament amb situacions de risc de su\u00efcidi es va incidir en la necessitat que els professionals disposin d\u2019espais d\u2019autocura, de suport emocional en cas que sigui necessari i de recuperaci\u00f3. \u00c9s essencial mantenir el benestar f\u00edsic, emocional i psicol\u00f2gic davant l\u2019estr\u00e8s i el desgast professional.\u200b<\/p>\n\n\n\n<figure class=\"wp-block-embed is-type-video is-provider-youtube wp-block-embed-youtube wp-embed-aspect-9-16 wp-has-aspect-ratio\"><div class=\"wp-block-embed__wrapper\">\n<iframe loading=\"lazy\" title=\"La detecci\u00f3 de persones amb ideaci\u00f3 su\u00efcida a la Catalunya Central es multiplica per tres en 3 anys\" width=\"563\" height=\"1000\" src=\"https:\/\/www.youtube.com\/embed\/G9QCmjSeYH4?feature=oembed\" frameborder=\"0\" allow=\"accelerometer; autoplay; clipboard-write; encrypted-media; gyroscope; picture-in-picture; web-share\" referrerpolicy=\"strict-origin-when-cross-origin\" allowfullscreen><\/iframe>\n<\/div><\/figure>\n\n\n\n<p><\/p>\n","protected":false},"excerpt":{"rendered":"<p>La Catalunya Central afronta l&#8217;augment de detecci\u00f3 de persones amb ideaci\u00f3 su\u00efcida amb un treball coordinat. \u201cLa prevenci\u00f3 del su\u00efcidi \u00e9s un dels reptes m\u00e9s complexos que afrontem com a societat. No hi ha una \u00fanica resposta, ni un \u00fanic \u00e0mbit que en tingui la responsabilitat. Ens interpel\u00b7la a tots i ens demana escolta, coordinaci\u00f3, [&hellip;]<\/p>\n","protected":false},"author":6,"featured_media":12257,"comment_status":"closed","ping_status":"closed","sticky":false,"template":"","format":"standard","meta":{"footnotes":""},"categories":[27],"tags":[],"class_list":["post-12236","post","type-post","status-publish","format-standard","has-post-thumbnail","hentry","category-actualitat"],"blocksy_meta":[],"featured_image_urls_v2":{"full":["https:\/\/fundaciohospitalariesmartorell.org\/entre-tots\/wp-content\/uploads\/2025\/11\/image-17.png",2000,1126,false],"thumbnail":["https:\/\/fundaciohospitalariesmartorell.org\/entre-tots\/wp-content\/uploads\/2025\/11\/image-17-150x150.png",150,150,true],"medium":["https:\/\/fundaciohospitalariesmartorell.org\/entre-tots\/wp-content\/uploads\/2025\/11\/image-17-300x169.png",300,169,true],"medium_large":["https:\/\/fundaciohospitalariesmartorell.org\/entre-tots\/wp-content\/uploads\/2025\/11\/image-17-768x432.png",768,432,true],"large":["https:\/\/fundaciohospitalariesmartorell.org\/entre-tots\/wp-content\/uploads\/2025\/11\/image-17-1024x577.png",1024,577,true],"1536x1536":["https:\/\/fundaciohospitalariesmartorell.org\/entre-tots\/wp-content\/uploads\/2025\/11\/image-17-1536x865.png",1536,865,true],"2048x2048":["https:\/\/fundaciohospitalariesmartorell.org\/entre-tots\/wp-content\/uploads\/2025\/11\/image-17.png",2000,1126,false],"mailpoet_newsletter_max":["https:\/\/fundaciohospitalariesmartorell.org\/entre-tots\/wp-content\/uploads\/2025\/11\/image-17-1320x743.png",1320,743,true]},"post_excerpt_stackable_v2":"<p>La Catalunya Central afronta l&#8217;augment de detecci\u00f3 de persones amb ideaci\u00f3 su\u00efcida amb un treball coordinat. \u201cLa prevenci\u00f3 del su\u00efcidi \u00e9s un dels reptes m\u00e9s complexos que afrontem com a societat. No hi ha una \u00fanica resposta, ni un \u00fanic \u00e0mbit que en tingui la responsabilitat. Ens interpel\u00b7la a tots i ens demana escolta, coordinaci\u00f3, coneixement compartit i, sobretot, comprom\u00eds.\u201d, va assegurar la Dra. Montse Guitart. La detecci\u00f3 de persones amb ideaci\u00f3 su\u00efcida a la Catalunya Central s\u2019ha multiplicat per tres en tres anys, segons les dades de la Comissi\u00f3 Territorial del Su\u00efcidi. Les consultes registrades han passat de 45&hellip;<\/p>\n","category_list_v2":"<a href=\"https:\/\/fundaciohospitalariesmartorell.org\/entre-tots\/category\/actualitat\/\" rel=\"category tag\">ACTUALITAT<\/a>","author_info_v2":{"name":"Martorell_comunicacio","url":"https:\/\/fundaciohospitalariesmartorell.org\/entre-tots\/author\/martorell_comunicacio\/"},"comments_num_v2":"0 comments","_links":{"self":[{"href":"https:\/\/fundaciohospitalariesmartorell.org\/entre-tots\/wp-json\/wp\/v2\/posts\/12236","targetHints":{"allow":["GET"]}}],"collection":[{"href":"https:\/\/fundaciohospitalariesmartorell.org\/entre-tots\/wp-json\/wp\/v2\/posts"}],"about":[{"href":"https:\/\/fundaciohospitalariesmartorell.org\/entre-tots\/wp-json\/wp\/v2\/types\/post"}],"author":[{"embeddable":true,"href":"https:\/\/fundaciohospitalariesmartorell.org\/entre-tots\/wp-json\/wp\/v2\/users\/6"}],"replies":[{"embeddable":true,"href":"https:\/\/fundaciohospitalariesmartorell.org\/entre-tots\/wp-json\/wp\/v2\/comments?post=12236"}],"version-history":[{"count":3,"href":"https:\/\/fundaciohospitalariesmartorell.org\/entre-tots\/wp-json\/wp\/v2\/posts\/12236\/revisions"}],"predecessor-version":[{"id":12263,"href":"https:\/\/fundaciohospitalariesmartorell.org\/entre-tots\/wp-json\/wp\/v2\/posts\/12236\/revisions\/12263"}],"wp:featuredmedia":[{"embeddable":true,"href":"https:\/\/fundaciohospitalariesmartorell.org\/entre-tots\/wp-json\/wp\/v2\/media\/12257"}],"wp:attachment":[{"href":"https:\/\/fundaciohospitalariesmartorell.org\/entre-tots\/wp-json\/wp\/v2\/media?parent=12236"}],"wp:term":[{"taxonomy":"category","embeddable":true,"href":"https:\/\/fundaciohospitalariesmartorell.org\/entre-tots\/wp-json\/wp\/v2\/categories?post=12236"},{"taxonomy":"post_tag","embeddable":true,"href":"https:\/\/fundaciohospitalariesmartorell.org\/entre-tots\/wp-json\/wp\/v2\/tags?post=12236"}],"curies":[{"name":"wp","href":"https:\/\/api.w.org\/{rel}","templated":true}]}}