{"id":12238,"date":"2025-11-12T08:48:24","date_gmt":"2025-11-12T07:48:24","guid":{"rendered":"https:\/\/fundaciohospitalariesmartorell.org\/entre-tots\/?p=12238"},"modified":"2025-11-12T08:48:36","modified_gmt":"2025-11-12T07:48:36","slug":"exit-de-participacio-en-lenquesta-de-clima-i-compromis-2025","status":"publish","type":"post","link":"https:\/\/fundaciohospitalariesmartorell.org\/entre-tots\/2025\/11\/exit-de-participacio-en-lenquesta-de-clima-i-compromis-2025\/","title":{"rendered":"\u00c8xit de participaci\u00f3 en l\u2019Enquesta de Clima i Comprom\u00eds 2025"},"content":{"rendered":"\n<figure class=\"wp-block-image size-large\"><img loading=\"lazy\" decoding=\"async\" width=\"1024\" height=\"576\" src=\"https:\/\/fundaciohospitalariesmartorell.org\/entre-tots\/wp-content\/uploads\/2025\/11\/image-12-1024x576.png\" alt=\"\" class=\"wp-image-12239\" srcset=\"https:\/\/fundaciohospitalariesmartorell.org\/entre-tots\/wp-content\/uploads\/2025\/11\/image-12-1024x576.png 1024w, https:\/\/fundaciohospitalariesmartorell.org\/entre-tots\/wp-content\/uploads\/2025\/11\/image-12-300x169.png 300w, https:\/\/fundaciohospitalariesmartorell.org\/entre-tots\/wp-content\/uploads\/2025\/11\/image-12-768x432.png 768w, https:\/\/fundaciohospitalariesmartorell.org\/entre-tots\/wp-content\/uploads\/2025\/11\/image-12-1536x864.png 1536w, https:\/\/fundaciohospitalariesmartorell.org\/entre-tots\/wp-content\/uploads\/2025\/11\/image-12-1320x743.png 1320w, https:\/\/fundaciohospitalariesmartorell.org\/entre-tots\/wp-content\/uploads\/2025\/11\/image-12.png 1920w\" sizes=\"auto, (max-width: 1024px) 100vw, 1024px\" \/><\/figure>\n\n\n\n<p>La Fundaci\u00f3 Hospital\u00e0ries Martorell ha assolit un 57,7 % de participaci\u00f3 en l\u2019Enquesta de Clima i Comprom\u00eds 2025, convertint-se en el centre amb millor resultat de tot el grup.<\/p>\n\n\n\n<p>Aquest increment respecte a l\u2019any 2023 \u2014quan la participaci\u00f3 va ser del 55 %\u2014 reflecteix el comprom\u00eds creixent dels i les professionals amb la millora cont\u00ednua de l\u2019entorn laboral i la qualitat de vida a la instituci\u00f3.<\/p>\n\n\n\n<p>Durant l&#8217;acte institucional de Nadal, que tindr\u00e0 lloc el dia 22 de desembre, es dur\u00e0 a terme el sorteig de les sis targetes regal, amb qu\u00e8 es reconeixer\u00e0 la implicaci\u00f3 del nostre hospital dins la categoria de centres amb m\u00e9s de 500 professionals.<\/p>\n\n\n\n<p>Des de la direcci\u00f3, es vol agrair la participaci\u00f3 i implicaci\u00f3 de tot l\u2019equip, que contribueix cada dia a fer de la Fundaci\u00f3 Hospital\u00e0ries Martorell un espai de treball m\u00e9s comprom\u00e8s i participatiu.<\/p>\n","protected":false},"excerpt":{"rendered":"<p>La Fundaci\u00f3 Hospital\u00e0ries Martorell ha assolit un 57,7 % de participaci\u00f3 en l\u2019Enquesta de Clima i Comprom\u00eds 2025, convertint-se en el centre amb millor resultat de tot el grup. Aquest increment respecte a l\u2019any 2023 \u2014quan la participaci\u00f3 va ser del 55 %\u2014 reflecteix el comprom\u00eds creixent dels i les professionals amb la millora cont\u00ednua [&hellip;]<\/p>\n","protected":false},"author":6,"featured_media":12239,"comment_status":"closed","ping_status":"closed","sticky":false,"template":"","format":"standard","meta":{"footnotes":""},"categories":[27],"tags":[],"class_list":["post-12238","post","type-post","status-publish","format-standard","has-post-thumbnail","hentry","category-actualitat"],"blocksy_meta":[],"featured_image_urls_v2":{"full":["https:\/\/fundaciohospitalariesmartorell.org\/entre-tots\/wp-content\/uploads\/2025\/11\/image-12.png",1920,1080,false],"thumbnail":["https:\/\/fundaciohospitalariesmartorell.org\/entre-tots\/wp-content\/uploads\/2025\/11\/image-12-150x150.png",150,150,true],"medium":["https:\/\/fundaciohospitalariesmartorell.org\/entre-tots\/wp-content\/uploads\/2025\/11\/image-12-300x169.png",300,169,true],"medium_large":["https:\/\/fundaciohospitalariesmartorell.org\/entre-tots\/wp-content\/uploads\/2025\/11\/image-12-768x432.png",768,432,true],"large":["https:\/\/fundaciohospitalariesmartorell.org\/entre-tots\/wp-content\/uploads\/2025\/11\/image-12-1024x576.png",1024,576,true],"1536x1536":["https:\/\/fundaciohospitalariesmartorell.org\/entre-tots\/wp-content\/uploads\/2025\/11\/image-12-1536x864.png",1536,864,true],"2048x2048":["https:\/\/fundaciohospitalariesmartorell.org\/entre-tots\/wp-content\/uploads\/2025\/11\/image-12.png",1920,1080,false],"mailpoet_newsletter_max":["https:\/\/fundaciohospitalariesmartorell.org\/entre-tots\/wp-content\/uploads\/2025\/11\/image-12-1320x743.png",1320,743,true]},"post_excerpt_stackable_v2":"<p>La Fundaci\u00f3 Hospital\u00e0ries Martorell ha assolit un 57,7 % de participaci\u00f3 en l\u2019Enquesta de Clima i Comprom\u00eds 2025, convertint-se en el centre amb millor resultat de tot el grup. Aquest increment respecte a l\u2019any 2023 \u2014quan la participaci\u00f3 va ser del 55 %\u2014 reflecteix el comprom\u00eds creixent dels i les professionals amb la millora cont\u00ednua de l\u2019entorn laboral i la qualitat de vida a la instituci\u00f3. Durant l&#8217;acte institucional de Nadal, que tindr\u00e0 lloc el dia 22 de desembre, es dur\u00e0 a terme el sorteig de les sis targetes regal, amb qu\u00e8 es reconeixer\u00e0 la implicaci\u00f3 del nostre hospital dins&hellip;<\/p>\n","category_list_v2":"<a href=\"https:\/\/fundaciohospitalariesmartorell.org\/entre-tots\/category\/actualitat\/\" rel=\"category tag\">ACTUALITAT<\/a>","author_info_v2":{"name":"Martorell_comunicacio","url":"https:\/\/fundaciohospitalariesmartorell.org\/entre-tots\/author\/martorell_comunicacio\/"},"comments_num_v2":"0 comments","_links":{"self":[{"href":"https:\/\/fundaciohospitalariesmartorell.org\/entre-tots\/wp-json\/wp\/v2\/posts\/12238","targetHints":{"allow":["GET"]}}],"collection":[{"href":"https:\/\/fundaciohospitalariesmartorell.org\/entre-tots\/wp-json\/wp\/v2\/posts"}],"about":[{"href":"https:\/\/fundaciohospitalariesmartorell.org\/entre-tots\/wp-json\/wp\/v2\/types\/post"}],"author":[{"embeddable":true,"href":"https:\/\/fundaciohospitalariesmartorell.org\/entre-tots\/wp-json\/wp\/v2\/users\/6"}],"replies":[{"embeddable":true,"href":"https:\/\/fundaciohospitalariesmartorell.org\/entre-tots\/wp-json\/wp\/v2\/comments?post=12238"}],"version-history":[{"count":1,"href":"https:\/\/fundaciohospitalariesmartorell.org\/entre-tots\/wp-json\/wp\/v2\/posts\/12238\/revisions"}],"predecessor-version":[{"id":12240,"href":"https:\/\/fundaciohospitalariesmartorell.org\/entre-tots\/wp-json\/wp\/v2\/posts\/12238\/revisions\/12240"}],"wp:featuredmedia":[{"embeddable":true,"href":"https:\/\/fundaciohospitalariesmartorell.org\/entre-tots\/wp-json\/wp\/v2\/media\/12239"}],"wp:attachment":[{"href":"https:\/\/fundaciohospitalariesmartorell.org\/entre-tots\/wp-json\/wp\/v2\/media?parent=12238"}],"wp:term":[{"taxonomy":"category","embeddable":true,"href":"https:\/\/fundaciohospitalariesmartorell.org\/entre-tots\/wp-json\/wp\/v2\/categories?post=12238"},{"taxonomy":"post_tag","embeddable":true,"href":"https:\/\/fundaciohospitalariesmartorell.org\/entre-tots\/wp-json\/wp\/v2\/tags?post=12238"}],"curies":[{"name":"wp","href":"https:\/\/api.w.org\/{rel}","templated":true}]}}