{"id":12241,"date":"2025-11-13T08:39:58","date_gmt":"2025-11-13T07:39:58","guid":{"rendered":"https:\/\/fundaciohospitalariesmartorell.org\/entre-tots\/?p=12241"},"modified":"2025-11-20T10:06:21","modified_gmt":"2025-11-20T09:06:21","slug":"conchita-pena-i-el-dr-fernando-fernandez-aranda-guardonat-samb-la-medalla-trueta-al-merit-sanitari","status":"publish","type":"post","link":"https:\/\/fundaciohospitalariesmartorell.org\/entre-tots\/2025\/11\/conchita-pena-i-el-dr-fernando-fernandez-aranda-guardonat-samb-la-medalla-trueta-al-merit-sanitari\/","title":{"rendered":"Conchita Pe\u00f1a i el Dr. Fernando Fern\u00e1ndez Aranda, guardonats amb la Medalla Trueta al m\u00e8rit sanitari"},"content":{"rendered":"\n<figure class=\"wp-block-image size-large\"><img loading=\"lazy\" decoding=\"async\" width=\"1024\" height=\"768\" src=\"https:\/\/fundaciohospitalariesmartorell.org\/entre-tots\/wp-content\/uploads\/2025\/11\/image-15-1024x768.png\" alt=\"\" class=\"wp-image-12244\" srcset=\"https:\/\/fundaciohospitalariesmartorell.org\/entre-tots\/wp-content\/uploads\/2025\/11\/image-15-1024x768.png 1024w, https:\/\/fundaciohospitalariesmartorell.org\/entre-tots\/wp-content\/uploads\/2025\/11\/image-15-300x225.png 300w, https:\/\/fundaciohospitalariesmartorell.org\/entre-tots\/wp-content\/uploads\/2025\/11\/image-15-768x576.png 768w, https:\/\/fundaciohospitalariesmartorell.org\/entre-tots\/wp-content\/uploads\/2025\/11\/image-15-1536x1152.png 1536w, https:\/\/fundaciohospitalariesmartorell.org\/entre-tots\/wp-content\/uploads\/2025\/11\/image-15-1320x990.png 1320w, https:\/\/fundaciohospitalariesmartorell.org\/entre-tots\/wp-content\/uploads\/2025\/11\/image-15.png 1600w\" sizes=\"auto, (max-width: 1024px) 100vw, 1024px\" \/><\/figure>\n\n\n\n<p>Conchita Pe\u00f1a, directora de la L\u00ednia Social de la Fundaci\u00f3 Hospital\u00e0ries a Catalunya, i el Dr. Fernando Fern\u00e1ndez Aranda, director de la Unitat de Recuperaci\u00f3 Integral dels TCA Fundaci\u00f3 Hospital\u00e0ries-Hospital Universitari de Bellvitge, han estat guardonats amb la Medalla Trueta al m\u00e8rit sanitari, celebrat el 12 de novembre al Teatre Casino l\u2019Alian\u00e7a del Poblenou. <\/p>\n\n\n\n<p>El president de la Generalitat, Salvador Illa,\u00a0acompanyat de la consellera de Salut, Olga Pan\u00e9, han encap\u00e7alat\u00a0el lliurament de premis, que han reconegut deu professionals m\u00e9s i tres entitats, destacant que\u00a0\u201ctots ells representen la millor versi\u00f3 de Catalunya, la que dona esperan\u00e7a, millora la sanitat i fa avan\u00e7ar el pa\u00eds\u201d.<\/p>\n\n\n\n<p>Per la seva part, la consellera de Salut, Olga Pan\u00e9, ha afirmat que\u00a0&#8220;el doctor Trueta ens inspira, any rere any, a continuar treballant per un sistema p\u00fablic, universal, de qualitat i equitatiu. I ens convoca a recon\u00e8ixer aquells professionals que manteniu viu aquest esperit de ci\u00e8ncia, de coneixement i de comprom\u00eds amb les persones&#8221;.<\/p>\n\n\n\n<figure class=\"wp-block-image size-large\"><img loading=\"lazy\" decoding=\"async\" width=\"1024\" height=\"681\" src=\"https:\/\/fundaciohospitalariesmartorell.org\/entre-tots\/wp-content\/uploads\/2025\/11\/image-13-1024x681.png\" alt=\"\" class=\"wp-image-12242\" srcset=\"https:\/\/fundaciohospitalariesmartorell.org\/entre-tots\/wp-content\/uploads\/2025\/11\/image-13-1024x681.png 1024w, https:\/\/fundaciohospitalariesmartorell.org\/entre-tots\/wp-content\/uploads\/2025\/11\/image-13-300x200.png 300w, https:\/\/fundaciohospitalariesmartorell.org\/entre-tots\/wp-content\/uploads\/2025\/11\/image-13-768x511.png 768w, https:\/\/fundaciohospitalariesmartorell.org\/entre-tots\/wp-content\/uploads\/2025\/11\/image-13-1536x1022.png 1536w, https:\/\/fundaciohospitalariesmartorell.org\/entre-tots\/wp-content\/uploads\/2025\/11\/image-13-1320x878.png 1320w, https:\/\/fundaciohospitalariesmartorell.org\/entre-tots\/wp-content\/uploads\/2025\/11\/image-13.png 2048w\" sizes=\"auto, (max-width: 1024px) 100vw, 1024px\" \/><\/figure>\n\n\n\n<p>La Generalitat de Catalunya ha concedit la Medalla Josep Trueta al M\u00e8rit Sanitari a Conchita Pe\u00f1a Gallardo, directora de la L\u00ednia Social de la Fundaci\u00f3 Hospital\u00e0ries a Catalunya, \u201cper la seva traject\u00f2ria en l\u2019\u00e0mbit del treball social, especialment pel seu lideratge en el desenvolupament de la professi\u00f3, per esdevenir un referent en l\u2019\u00e0mbit de la bio\u00e8tica i per incorporar els factors de context social en la reflexi\u00f3 i el debat bio\u00e8tic.\u201d<\/p>\n\n\n\n<p>Com a directora de la nostra L\u00ednia Social, la Conchita impulsa projectes que integren la intervenci\u00f3 sanit\u00e0ria i social als cinc centres de Catalunya, refor\u00e7ant aix\u00ed el comprom\u00eds de la Instituci\u00f3 amb una atenci\u00f3 integral i centrada en la persona. Per a la Fundaci\u00f3 Hospital\u00e0ries, aquest reconeixement a la Conchita Pe\u00f1a \u00e9s un motiu d\u2019orgull i tamb\u00e9 un impuls per continuar treballant per una sanitat m\u00e9s humana, on l&#8217;\u00e0mbit social i el sanitari es complementen per cuidar millor.<\/p>\n\n\n\n<blockquote class=\"wp-block-quote is-layout-flow wp-block-quote-is-layout-flow\">\n<p>\u201cAquest reconeixement \u00e9s molt important per mi, perqu\u00e8 sempre he treballat en l\u2019\u00e0mbit de la salut com a treballadora social i he lluitat pel reconeixement de la nostra professi\u00f3 dins d\u2019aquest entorn.<br>La meva traject\u00f2ria professional m\u2019ha perm\u00e8s aportar una mirada professional i molt \u00e0mplia a la nostra especialitat \u2014des de l\u2019\u00e0mbit assistencial, la defensa dels drets de les persones, la gesti\u00f3 i l\u2019\u00e8tica en la presa de decisions professionals\u2014 i desenvolupar un coneixement molt profund del sistema sanitari i de la seva necess\u00e0ria interrelaci\u00f3 amb l\u2019\u00e0mbit social\u201d, afirma <strong>Conchita Pe\u00f1a<\/strong>.<\/p>\n<\/blockquote>\n\n\n\n<p><\/p>\n\n\n\n<figure class=\"wp-block-image size-large\"><img loading=\"lazy\" decoding=\"async\" width=\"1024\" height=\"681\" src=\"https:\/\/fundaciohospitalariesmartorell.org\/entre-tots\/wp-content\/uploads\/2025\/11\/image-14-1024x681.png\" alt=\"\" class=\"wp-image-12243\" srcset=\"https:\/\/fundaciohospitalariesmartorell.org\/entre-tots\/wp-content\/uploads\/2025\/11\/image-14-1024x681.png 1024w, https:\/\/fundaciohospitalariesmartorell.org\/entre-tots\/wp-content\/uploads\/2025\/11\/image-14-300x200.png 300w, https:\/\/fundaciohospitalariesmartorell.org\/entre-tots\/wp-content\/uploads\/2025\/11\/image-14-768x511.png 768w, https:\/\/fundaciohospitalariesmartorell.org\/entre-tots\/wp-content\/uploads\/2025\/11\/image-14-1536x1021.png 1536w, https:\/\/fundaciohospitalariesmartorell.org\/entre-tots\/wp-content\/uploads\/2025\/11\/image-14-1320x878.png 1320w, https:\/\/fundaciohospitalariesmartorell.org\/entre-tots\/wp-content\/uploads\/2025\/11\/image-14.png 1600w\" sizes=\"auto, (max-width: 1024px) 100vw, 1024px\" \/><\/figure>\n\n\n\n<p>El director de la Unitat de Recuperaci\u00f3 Integrals dels TCA Fundaci\u00f3 Hospital\u00e0ries-Hospital Universitari de Bellvitge, el Dr. Fernando Fernandez Aranda, tamb\u00e9 ha rebut una altra de les Medalles Trueta \u201cper la seva traject\u00f2ria i una dilatada i reconeguda carrera professional, com a investigador, cl\u00ednic i docent\u201d.<\/p>\n\n\n\n<p>Segons continua la decisi\u00f3 del jurat, \u201cen m\u00e9s de trenta anys de carrera, en diferents c\u00e0rrecs, ha tingut el talent de conjugar un excel\u00b7lent treball cl\u00ednic en salut mental amb una recerca del m\u00e9s alt nivell de cont\u00ednua refer\u00e8ncia que li ha suposat un ampli reconeixement cient\u00edfic tant a escala nacional com internacional\u201d.<\/p>\n\n\n\n<blockquote class=\"wp-block-quote is-layout-flow wp-block-quote-is-layout-flow\">\n<p>El <strong>Dr. Fern\u00e1ndez Aranda<\/strong> considera que el guard\u00f3 \u00e9s especialment significatiu per a la Psicologia Cl\u00ednica i per la seva \u00e0rea d\u2019expertesa, els trastorns de la conducta aliment\u00e0ria, perqu\u00e8 \u201cdonar-los visibilitat, recon\u00e8ixer la seva complexitat i l\u2019impacte que tenen en la salut mental i f\u00edsica \u00e9s per mi molt m\u00e9s important que qualsevol reconeixement personal\u201d.<\/p>\n<\/blockquote>\n\n\n\n<p>A l\u2019acte de lliurament de les Medalles Trueta, celebrat al Casino l\u2019Alian\u00e7a del Poble nou el 12 de novembre, el Dr. Fern\u00e1ndez Aranda tamb\u00e9 ha afirmat que el reconeixement no \u00e9s nom\u00e9s per a una traject\u00f2ria individual, sin\u00f3 per un treball col\u00b7lectiu. En aquesta l\u00ednia agraeix companys, estudiants, equips de recerca i pacients que han contribu\u00eft a donar veu i espai a una disciplina i a uns trastorns \u201cque mereixen ser reconeguts i atesos amb responsabilitat, sensibilitat i comprom\u00eds\u201d.<\/p>\n\n\n","protected":false},"excerpt":{"rendered":"<p>Conchita Pe\u00f1a, directora de la L\u00ednia Social de la Fundaci\u00f3 Hospital\u00e0ries a Catalunya, i el Dr. Fernando Fern\u00e1ndez Aranda, director de la Unitat de Recuperaci\u00f3 Integral dels TCA Fundaci\u00f3 Hospital\u00e0ries-Hospital Universitari de Bellvitge, han estat guardonats amb la Medalla Trueta al m\u00e8rit sanitari, celebrat el 12 de novembre al Teatre Casino l\u2019Alian\u00e7a del Poblenou. El [&hellip;]<\/p>\n","protected":false},"author":6,"featured_media":12244,"comment_status":"closed","ping_status":"closed","sticky":false,"template":"","format":"standard","meta":{"footnotes":""},"categories":[27],"tags":[],"class_list":["post-12241","post","type-post","status-publish","format-standard","has-post-thumbnail","hentry","category-actualitat"],"blocksy_meta":[],"featured_image_urls_v2":{"full":["https:\/\/fundaciohospitalariesmartorell.org\/entre-tots\/wp-content\/uploads\/2025\/11\/image-15.png",1600,1200,false],"thumbnail":["https:\/\/fundaciohospitalariesmartorell.org\/entre-tots\/wp-content\/uploads\/2025\/11\/image-15-150x150.png",150,150,true],"medium":["https:\/\/fundaciohospitalariesmartorell.org\/entre-tots\/wp-content\/uploads\/2025\/11\/image-15-300x225.png",300,225,true],"medium_large":["https:\/\/fundaciohospitalariesmartorell.org\/entre-tots\/wp-content\/uploads\/2025\/11\/image-15-768x576.png",768,576,true],"large":["https:\/\/fundaciohospitalariesmartorell.org\/entre-tots\/wp-content\/uploads\/2025\/11\/image-15-1024x768.png",1024,768,true],"1536x1536":["https:\/\/fundaciohospitalariesmartorell.org\/entre-tots\/wp-content\/uploads\/2025\/11\/image-15-1536x1152.png",1536,1152,true],"2048x2048":["https:\/\/fundaciohospitalariesmartorell.org\/entre-tots\/wp-content\/uploads\/2025\/11\/image-15.png",1600,1200,false],"mailpoet_newsletter_max":["https:\/\/fundaciohospitalariesmartorell.org\/entre-tots\/wp-content\/uploads\/2025\/11\/image-15-1320x990.png",1320,990,true]},"post_excerpt_stackable_v2":"<p>Conchita Pe\u00f1a, directora de la L\u00ednia Social de la Fundaci\u00f3 Hospital\u00e0ries a Catalunya, i el Dr. Fernando Fern\u00e1ndez Aranda, director de la Unitat de Recuperaci\u00f3 Integral dels TCA Fundaci\u00f3 Hospital\u00e0ries-Hospital Universitari de Bellvitge, han estat guardonats amb la Medalla Trueta al m\u00e8rit sanitari, celebrat el 12 de novembre al Teatre Casino l\u2019Alian\u00e7a del Poblenou. El president de la Generalitat, Salvador Illa,\u00a0acompanyat de la consellera de Salut, Olga Pan\u00e9, han encap\u00e7alat\u00a0el lliurament de premis, que han reconegut deu professionals m\u00e9s i tres entitats, destacant que\u00a0\u201ctots ells representen la millor versi\u00f3 de Catalunya, la que dona esperan\u00e7a, millora la sanitat i fa&hellip;<\/p>\n","category_list_v2":"<a href=\"https:\/\/fundaciohospitalariesmartorell.org\/entre-tots\/category\/actualitat\/\" rel=\"category tag\">ACTUALITAT<\/a>","author_info_v2":{"name":"Martorell_comunicacio","url":"https:\/\/fundaciohospitalariesmartorell.org\/entre-tots\/author\/martorell_comunicacio\/"},"comments_num_v2":"0 comments","_links":{"self":[{"href":"https:\/\/fundaciohospitalariesmartorell.org\/entre-tots\/wp-json\/wp\/v2\/posts\/12241","targetHints":{"allow":["GET"]}}],"collection":[{"href":"https:\/\/fundaciohospitalariesmartorell.org\/entre-tots\/wp-json\/wp\/v2\/posts"}],"about":[{"href":"https:\/\/fundaciohospitalariesmartorell.org\/entre-tots\/wp-json\/wp\/v2\/types\/post"}],"author":[{"embeddable":true,"href":"https:\/\/fundaciohospitalariesmartorell.org\/entre-tots\/wp-json\/wp\/v2\/users\/6"}],"replies":[{"embeddable":true,"href":"https:\/\/fundaciohospitalariesmartorell.org\/entre-tots\/wp-json\/wp\/v2\/comments?post=12241"}],"version-history":[{"count":3,"href":"https:\/\/fundaciohospitalariesmartorell.org\/entre-tots\/wp-json\/wp\/v2\/posts\/12241\/revisions"}],"predecessor-version":[{"id":12248,"href":"https:\/\/fundaciohospitalariesmartorell.org\/entre-tots\/wp-json\/wp\/v2\/posts\/12241\/revisions\/12248"}],"wp:featuredmedia":[{"embeddable":true,"href":"https:\/\/fundaciohospitalariesmartorell.org\/entre-tots\/wp-json\/wp\/v2\/media\/12244"}],"wp:attachment":[{"href":"https:\/\/fundaciohospitalariesmartorell.org\/entre-tots\/wp-json\/wp\/v2\/media?parent=12241"}],"wp:term":[{"taxonomy":"category","embeddable":true,"href":"https:\/\/fundaciohospitalariesmartorell.org\/entre-tots\/wp-json\/wp\/v2\/categories?post=12241"},{"taxonomy":"post_tag","embeddable":true,"href":"https:\/\/fundaciohospitalariesmartorell.org\/entre-tots\/wp-json\/wp\/v2\/tags?post=12241"}],"curies":[{"name":"wp","href":"https:\/\/api.w.org\/{rel}","templated":true}]}}