{"id":12249,"date":"2025-11-18T08:00:50","date_gmt":"2025-11-18T07:00:50","guid":{"rendered":"https:\/\/fundaciohospitalariesmartorell.org\/entre-tots\/?p=12249"},"modified":"2025-11-18T08:13:56","modified_gmt":"2025-11-18T07:13:56","slug":"ethicare25-reivindica-la-necessitat-de-situar-letica-i-la-identitat-al-centre-de-latencio-sanitaria-i-social","status":"publish","type":"post","link":"https:\/\/fundaciohospitalariesmartorell.org\/entre-tots\/2025\/11\/ethicare25-reivindica-la-necessitat-de-situar-letica-i-la-identitat-al-centre-de-latencio-sanitaria-i-social\/","title":{"rendered":"EthiCare\u201925 reivindica la necessitat de situar l\u2019\u00e8tica i la identitat al centre de l\u2019atenci\u00f3 sanit\u00e0ria i social"},"content":{"rendered":"\n<figure class=\"wp-block-image size-full\"><img loading=\"lazy\" decoding=\"async\" width=\"799\" height=\"533\" src=\"https:\/\/fundaciohospitalariesmartorell.org\/entre-tots\/wp-content\/uploads\/2025\/11\/54929534151_5be3d82706_c.jpg\" alt=\"\" class=\"wp-image-12251\" srcset=\"https:\/\/fundaciohospitalariesmartorell.org\/entre-tots\/wp-content\/uploads\/2025\/11\/54929534151_5be3d82706_c.jpg 799w, https:\/\/fundaciohospitalariesmartorell.org\/entre-tots\/wp-content\/uploads\/2025\/11\/54929534151_5be3d82706_c-300x200.jpg 300w, https:\/\/fundaciohospitalariesmartorell.org\/entre-tots\/wp-content\/uploads\/2025\/11\/54929534151_5be3d82706_c-768x512.jpg 768w\" sizes=\"auto, (max-width: 799px) 100vw, 799px\" \/><\/figure>\n\n\n\n<p>En un moment en qu\u00e8 s&#8217;estan posant les bases d&#8217;una nova revoluci\u00f3 tecnol\u00f2gica que transformar\u00e0 profundament l&#8217;atenci\u00f3 sanit\u00e0ria i social, la Fundaci\u00f3 Hospital\u00e0ries i l&#8217;Orde Hospitalari de Sant Joan de D\u00e9u han decidit aturar-se i reflexionar conjuntament sobre el que \u00e9s essencial: les persones, i la necessitat que l&#8217;\u00e8tica i la identitat se situ\u00efn al centre d&#8217;aquest proc\u00e9s de canvi. L&#8217;objectiu \u00e9s evitar que la manca d&#8217;empatia i compassi\u00f3 acabi convertint-se en una aut\u00e8ntica &#8220;epid\u00e8mia d&#8217;inhumanitat&#8221; dins dels sistemes de salut.<\/p>\n\n\n\n<p>Amb aquesta finalitat, totes dues entitats hem celebat els dies 13 i 14 de novembre el I Congr\u00e9s de Bio\u00e8tica\u00a0EthiCare&#8217;25 a l&#8217;Auditori de l&#8217;ONCE de Barcelona, que ha reunit m\u00e9s de 300 professionals i experts de les dues institucions.<\/p>\n\n\n\n<blockquote class=\"wp-block-quote is-layout-flow wp-block-quote-is-layout-flow\">\n<p>&#8220;Cal educar la mirada. Vivim un temps en qu\u00e8 tot passa molt de pressa i els professionals gaireb\u00e9 no tenen espai per aturar-se i deliberar. Per\u00f2 l&#8217;\u00e8tica comen\u00e7a justament quan ens aturem i ens preguntem qu\u00e8 \u00e9s el millor per a la persona. L&#8217;\u00e8tica no \u00e9s un afegit, \u00e9s una necessitat b\u00e0sica&#8221;, ha explicat Alejandro&nbsp;Florit, director d&#8217;Identitat de la Fundaci\u00f3 Hospital\u00e0ries.<\/p>\n<\/blockquote>\n\n\n\n<p>En la mateixa l\u00ednia, Jos\u00e9 Mar\u00eda&nbsp;Gal\u00e1n&nbsp;Gonz\u00e1lez-Serna, director del Departament d&#8217;\u00c8tica de Sant Joan de D\u00e9u Espanya, ha destacat que aquest congr\u00e9s \u00e9s una oportunitat per continuar construint plegats la visi\u00f3 \u00e8tica de l&#8217;hospitalitat, avan\u00e7ar en la humanitzaci\u00f3 de l&#8217;atenci\u00f3 i promoure un di\u00e0leg compartit que permeti afrontar els nous dilemes que plantegen l&#8217;evoluci\u00f3 de la ci\u00e8ncia, la tecnologia i la pr\u00e0ctica assistencial.<\/p>\n\n\n\n<h4 class=\"wp-block-heading\">High Tech, High Touch en l&#8217;atenci\u00f3 a les persones<\/h4>\n\n\n\n<p>La doctora Montserrat Esquerda, pediatra i psic\u00f2loga de l&#8217;Hospital Sant Joan de D\u00e9u Terres de Lleida i degana de la Facultat de Ci\u00e8ncies de la Salut Blanquerna-URL, ha remarcat que vivim en un moment en qu\u00e8 per primera vegada podem curar sense cuidar, una situaci\u00f3 que ens obliga a repensar el model assistencial.<\/p>\n\n\n\n<blockquote class=\"wp-block-quote is-layout-flow wp-block-quote-is-layout-flow\">\n<p>&#8220;Hem de formar professionals capa\u00e7os d&#8217;escoltar, comprendre, acompanyar i comunicar. Aquests s\u00f3n els pilars essencials de l&#8217;exercici m\u00e8dic en un escenari on la tecnologia \u00e9s cada vegada m\u00e9s determinant&#8221;, ha afirmat durant la seva pon\u00e8ncia High Tech, High Touch.<\/p>\n<\/blockquote>\n\n\n\n<p>&#8220;Cal avan\u00e7ar cap a un model en qu\u00e8 la saviesa serveixi per escollir b\u00e9 els fins, i la intel\u00b7lig\u00e8ncia per trobar els mitjans adequats; un model que valori tant les ci\u00e8ncies dures com les habilitats humanes.&#8221;<\/p>\n\n\n\n<h4 class=\"wp-block-heading\">L&#8217;\u00e8tica com a reflexi\u00f3 primordial<\/h4>\n\n\n\n<p>El professor i expert en \u00e8tica social&nbsp;Sebasti\u00e1n&nbsp;Mora, membre de la C\u00e0tedra de la Cultura de la Trobada de la Universitat Pontif\u00edcia&nbsp;Comillas, ha centrat la seva intervenci\u00f3 \u2014Hospitalitat i sostenibilitat econ\u00f2mica: trobades i desavinences\u2014 en la import\u00e0ncia que l&#8217;\u00e8tica precedeixi la sostenibilitat econ\u00f2mica. &#8220;Si una instituci\u00f3 perd la seva identitat, es trenca. La nostra missi\u00f3 no es mesura en xifres, sin\u00f3 en la capacitat de continuar posant la persona al centre. En temps de canvi i incertesa, mirar a la font de la nostra missi\u00f3 \u00e9s el que ens mant\u00e9 fidels i compromesos&#8221;, ha subratllat.<\/p>\n\n\n\n<p>Mora ha afegit que aquesta primacia implica tenir en compte la sostenibilitat econ\u00f2mica, per\u00f2 sempre al servei de la missi\u00f3 i no a l&#8217;inrev\u00e9s.<\/p>\n\n\n\n<h4 class=\"wp-block-heading\">Un acte de valentia i responsabilitat compartida<\/h4>\n\n\n\n<p>El I Congr\u00e9s de Bio\u00e8tica&nbsp;EthiCare&#8217;25&nbsp;reafirma la convicci\u00f3 tant de la Fundaci\u00f3 Hospital\u00e0ries com de Sant Joan de D\u00e9u que aturar-se, reflexionar i compartir coneixement \u00e9s avui dia un acte de valentia i responsabilitat.<\/p>\n\n\n\n<p>Davant la velocitat i la pressi\u00f3 del present, ambdues institucions aposten per un model d&#8217;atenci\u00f3 basat en l&#8217;Hospitalitat, la just\u00edcia i la dignitat humana, on l&#8217;\u00e8tica impregni cada decisi\u00f3 i cada gest de cura.<\/p>\n\n\n\n<figure class=\"wp-block-gallery has-nested-images columns-default is-cropped wp-block-gallery-1 is-layout-flex wp-block-gallery-is-layout-flex\">\n<figure class=\"wp-block-image size-large\"><img loading=\"lazy\" decoding=\"async\" width=\"1024\" height=\"683\" data-id=\"12252\" src=\"https:\/\/fundaciohospitalariesmartorell.org\/entre-tots\/wp-content\/uploads\/2025\/11\/54929839665_815fd662f0_b.jpg\" alt=\"\" class=\"wp-image-12252\" srcset=\"https:\/\/fundaciohospitalariesmartorell.org\/entre-tots\/wp-content\/uploads\/2025\/11\/54929839665_815fd662f0_b.jpg 1024w, https:\/\/fundaciohospitalariesmartorell.org\/entre-tots\/wp-content\/uploads\/2025\/11\/54929839665_815fd662f0_b-300x200.jpg 300w, https:\/\/fundaciohospitalariesmartorell.org\/entre-tots\/wp-content\/uploads\/2025\/11\/54929839665_815fd662f0_b-768x512.jpg 768w\" sizes=\"auto, (max-width: 1024px) 100vw, 1024px\" \/><\/figure>\n\n\n\n<figure class=\"wp-block-image size-large\"><img loading=\"lazy\" decoding=\"async\" width=\"800\" height=\"450\" data-id=\"12253\" src=\"https:\/\/fundaciohospitalariesmartorell.org\/entre-tots\/wp-content\/uploads\/2025\/11\/54929736923_670f93573d_c.jpg\" alt=\"\" class=\"wp-image-12253\" srcset=\"https:\/\/fundaciohospitalariesmartorell.org\/entre-tots\/wp-content\/uploads\/2025\/11\/54929736923_670f93573d_c.jpg 800w, https:\/\/fundaciohospitalariesmartorell.org\/entre-tots\/wp-content\/uploads\/2025\/11\/54929736923_670f93573d_c-300x169.jpg 300w, https:\/\/fundaciohospitalariesmartorell.org\/entre-tots\/wp-content\/uploads\/2025\/11\/54929736923_670f93573d_c-768x432.jpg 768w\" sizes=\"auto, (max-width: 800px) 100vw, 800px\" \/><\/figure>\n<\/figure>\n\n\n\n<p><\/p>\n","protected":false},"excerpt":{"rendered":"<p>En un moment en qu\u00e8 s&#8217;estan posant les bases d&#8217;una nova revoluci\u00f3 tecnol\u00f2gica que transformar\u00e0 profundament l&#8217;atenci\u00f3 sanit\u00e0ria i social, la Fundaci\u00f3 Hospital\u00e0ries i l&#8217;Orde Hospitalari de Sant Joan de D\u00e9u han decidit aturar-se i reflexionar conjuntament sobre el que \u00e9s essencial: les persones, i la necessitat que l&#8217;\u00e8tica i la identitat se situ\u00efn al [&hellip;]<\/p>\n","protected":false},"author":6,"featured_media":12252,"comment_status":"closed","ping_status":"closed","sticky":false,"template":"","format":"standard","meta":{"footnotes":""},"categories":[27],"tags":[],"class_list":["post-12249","post","type-post","status-publish","format-standard","has-post-thumbnail","hentry","category-actualitat"],"blocksy_meta":[],"featured_image_urls_v2":{"full":["https:\/\/fundaciohospitalariesmartorell.org\/entre-tots\/wp-content\/uploads\/2025\/11\/54929839665_815fd662f0_b.jpg",1024,683,false],"thumbnail":["https:\/\/fundaciohospitalariesmartorell.org\/entre-tots\/wp-content\/uploads\/2025\/11\/54929839665_815fd662f0_b-150x150.jpg",150,150,true],"medium":["https:\/\/fundaciohospitalariesmartorell.org\/entre-tots\/wp-content\/uploads\/2025\/11\/54929839665_815fd662f0_b-300x200.jpg",300,200,true],"medium_large":["https:\/\/fundaciohospitalariesmartorell.org\/entre-tots\/wp-content\/uploads\/2025\/11\/54929839665_815fd662f0_b-768x512.jpg",768,512,true],"large":["https:\/\/fundaciohospitalariesmartorell.org\/entre-tots\/wp-content\/uploads\/2025\/11\/54929839665_815fd662f0_b.jpg",1024,683,false],"1536x1536":["https:\/\/fundaciohospitalariesmartorell.org\/entre-tots\/wp-content\/uploads\/2025\/11\/54929839665_815fd662f0_b.jpg",1024,683,false],"2048x2048":["https:\/\/fundaciohospitalariesmartorell.org\/entre-tots\/wp-content\/uploads\/2025\/11\/54929839665_815fd662f0_b.jpg",1024,683,false],"mailpoet_newsletter_max":["https:\/\/fundaciohospitalariesmartorell.org\/entre-tots\/wp-content\/uploads\/2025\/11\/54929839665_815fd662f0_b.jpg",1024,683,false]},"post_excerpt_stackable_v2":"<p>En un moment en qu\u00e8 s&#8217;estan posant les bases d&#8217;una nova revoluci\u00f3 tecnol\u00f2gica que transformar\u00e0 profundament l&#8217;atenci\u00f3 sanit\u00e0ria i social, la Fundaci\u00f3 Hospital\u00e0ries i l&#8217;Orde Hospitalari de Sant Joan de D\u00e9u han decidit aturar-se i reflexionar conjuntament sobre el que \u00e9s essencial: les persones, i la necessitat que l&#8217;\u00e8tica i la identitat se situ\u00efn al centre d&#8217;aquest proc\u00e9s de canvi. L&#8217;objectiu \u00e9s evitar que la manca d&#8217;empatia i compassi\u00f3 acabi convertint-se en una aut\u00e8ntica &#8220;epid\u00e8mia d&#8217;inhumanitat&#8221; dins dels sistemes de salut. Amb aquesta finalitat, totes dues entitats hem celebat els dies 13 i 14 de novembre el I Congr\u00e9s de&hellip;<\/p>\n","category_list_v2":"<a href=\"https:\/\/fundaciohospitalariesmartorell.org\/entre-tots\/category\/actualitat\/\" rel=\"category tag\">ACTUALITAT<\/a>","author_info_v2":{"name":"Martorell_comunicacio","url":"https:\/\/fundaciohospitalariesmartorell.org\/entre-tots\/author\/martorell_comunicacio\/"},"comments_num_v2":"0 comments","_links":{"self":[{"href":"https:\/\/fundaciohospitalariesmartorell.org\/entre-tots\/wp-json\/wp\/v2\/posts\/12249","targetHints":{"allow":["GET"]}}],"collection":[{"href":"https:\/\/fundaciohospitalariesmartorell.org\/entre-tots\/wp-json\/wp\/v2\/posts"}],"about":[{"href":"https:\/\/fundaciohospitalariesmartorell.org\/entre-tots\/wp-json\/wp\/v2\/types\/post"}],"author":[{"embeddable":true,"href":"https:\/\/fundaciohospitalariesmartorell.org\/entre-tots\/wp-json\/wp\/v2\/users\/6"}],"replies":[{"embeddable":true,"href":"https:\/\/fundaciohospitalariesmartorell.org\/entre-tots\/wp-json\/wp\/v2\/comments?post=12249"}],"version-history":[{"count":3,"href":"https:\/\/fundaciohospitalariesmartorell.org\/entre-tots\/wp-json\/wp\/v2\/posts\/12249\/revisions"}],"predecessor-version":[{"id":12255,"href":"https:\/\/fundaciohospitalariesmartorell.org\/entre-tots\/wp-json\/wp\/v2\/posts\/12249\/revisions\/12255"}],"wp:featuredmedia":[{"embeddable":true,"href":"https:\/\/fundaciohospitalariesmartorell.org\/entre-tots\/wp-json\/wp\/v2\/media\/12252"}],"wp:attachment":[{"href":"https:\/\/fundaciohospitalariesmartorell.org\/entre-tots\/wp-json\/wp\/v2\/media?parent=12249"}],"wp:term":[{"taxonomy":"category","embeddable":true,"href":"https:\/\/fundaciohospitalariesmartorell.org\/entre-tots\/wp-json\/wp\/v2\/categories?post=12249"},{"taxonomy":"post_tag","embeddable":true,"href":"https:\/\/fundaciohospitalariesmartorell.org\/entre-tots\/wp-json\/wp\/v2\/tags?post=12249"}],"curies":[{"name":"wp","href":"https:\/\/api.w.org\/{rel}","templated":true}]}}