{"id":12267,"date":"2025-11-19T13:19:36","date_gmt":"2025-11-19T12:19:36","guid":{"rendered":"https:\/\/fundaciohospitalariesmartorell.org\/entre-tots\/?p=12267"},"modified":"2025-11-19T13:19:36","modified_gmt":"2025-11-19T12:19:36","slug":"cada-any-apareixen-50-drogues-noves","status":"publish","type":"post","link":"https:\/\/fundaciohospitalariesmartorell.org\/entre-tots\/2025\/11\/cada-any-apareixen-50-drogues-noves\/","title":{"rendered":"Cada any apareixen 50 drogues noves: la sessi\u00f3 del PIPPEP posa el focus en l\u2019augment de subst\u00e0ncies emergents"},"content":{"rendered":"\n<figure class=\"wp-block-image size-large\"><img loading=\"lazy\" decoding=\"async\" width=\"1024\" height=\"1015\" src=\"https:\/\/fundaciohospitalariesmartorell.org\/entre-tots\/wp-content\/uploads\/2025\/11\/image-21-1024x1015.png\" alt=\"\" class=\"wp-image-12268\" srcset=\"https:\/\/fundaciohospitalariesmartorell.org\/entre-tots\/wp-content\/uploads\/2025\/11\/image-21-1024x1015.png 1024w, https:\/\/fundaciohospitalariesmartorell.org\/entre-tots\/wp-content\/uploads\/2025\/11\/image-21-300x297.png 300w, https:\/\/fundaciohospitalariesmartorell.org\/entre-tots\/wp-content\/uploads\/2025\/11\/image-21-150x150.png 150w, https:\/\/fundaciohospitalariesmartorell.org\/entre-tots\/wp-content\/uploads\/2025\/11\/image-21-768x761.png 768w, https:\/\/fundaciohospitalariesmartorell.org\/entre-tots\/wp-content\/uploads\/2025\/11\/image-21-1536x1522.png 1536w, https:\/\/fundaciohospitalariesmartorell.org\/entre-tots\/wp-content\/uploads\/2025\/11\/image-21-1320x1308.png 1320w, https:\/\/fundaciohospitalariesmartorell.org\/entre-tots\/wp-content\/uploads\/2025\/11\/image-21.png 1920w\" sizes=\"auto, (max-width: 1024px) 100vw, 1024px\" \/><\/figure>\n\n\n\n<p>Segons l\u2019Observatori Europeu de Drogues i Toxicomanies, cada setmana s\u2019introdueix una nova droga al mercat europeu, \u00e9s a dir, prop de 50 subst\u00e0ncies noves cada any. Aquesta alerta va ser el punt de partida de la intervenci\u00f3 de la Dra. Rosa\u00a0Arias, del CASD Garraf, \u00a0durant la sessi\u00f3 del PIPPEP celebrada el passat 12 de novembre al Parc Sanitari Sant Joan de D\u00e9u.<\/p>\n\n\n\n<p>Arias&nbsp;va presentar una revisi\u00f3 exhaustiva basada en recerques de la&nbsp;<em>National Library of Medicine<\/em>&nbsp;i informes d\u2019entitats europees especialitzades en t\u00f2xics, posant de manifest tant la proliferaci\u00f3 de subst\u00e0ncies de consum juvenil \u2014com ketamina, cloretil, \u00f2xid nitr\u00f3s i tusi\u2014 com l\u2019expansi\u00f3 de les noves subst\u00e0ncies psicoactives&nbsp;derivades de modificacions estructurals que les deixen fora de es llistes de fiscalitzaci\u00f3 internacional: cannabinoides sint\u00e8tics, catinones i opioides sint\u00e8tics.<\/p>\n\n\n\n<p>Aquesta nova sessi\u00f3 sobre el Programa d&#8217;Intervenci\u00f3 Preco\u00e7 en Primers Espisodis Psic\u00f2tics (PIPPEP) va estar liderada per l\u2019equip comunitari de la Unitat Funcional del Garraf. Tamb\u00e9&nbsp;va incloure l\u2019exposici\u00f3 d\u2019un cas cl\u00ednic&nbsp;a c\u00e0rrec de Gemma Dom\u00ednguez (HD)&nbsp;i Maite Gallegos (CSMA) i una revisi\u00f3 bibliogr\u00e0fica titulada&nbsp;<em>\u201cPsicosi: de l\u2019adolesc\u00e8ncia a l\u2019edat adulta\u201d a c\u00e0rrec de&nbsp;<\/em>Javier \u00c1lvarez Subiela (CSMIJ)&nbsp;oferir\u00e0 una revisi\u00f3 bibliogr\u00e0fica titulada&nbsp;<em>\u201cPsicosi: de l\u2019adolesc\u00e8ncia a l\u2019edat adulta\u201d<\/em>, aportant una mirada actualitzada sobre l\u2019evoluci\u00f3 cl\u00ednica i assistencial d\u2019aquests trastorns. Finlament, la Dra. Marta Vallcanera (CASD) va oferir una&nbsp;exposici\u00f3 sobre la casu\u00edstica del consum entre pacients del PIPPEP del Garraf, amb un \u00e8mfasi especial en la relaci\u00f3 entre c\u00e0nnabis i psicosi, aix\u00ed com el paper del CASD en la intervenci\u00f3 i abordatge d\u2019aquests casos.<\/p>\n","protected":false},"excerpt":{"rendered":"<p>Segons l\u2019Observatori Europeu de Drogues i Toxicomanies, cada setmana s\u2019introdueix una nova droga al mercat europeu, \u00e9s a dir, prop de 50 subst\u00e0ncies noves cada any. Aquesta alerta va ser el punt de partida de la intervenci\u00f3 de la Dra. Rosa\u00a0Arias, del CASD Garraf, \u00a0durant la sessi\u00f3 del PIPPEP celebrada el passat 12 de novembre [&hellip;]<\/p>\n","protected":false},"author":6,"featured_media":12270,"comment_status":"closed","ping_status":"","sticky":false,"template":"","format":"standard","meta":{"footnotes":""},"categories":[27],"tags":[],"class_list":["post-12267","post","type-post","status-publish","format-standard","has-post-thumbnail","hentry","category-actualitat"],"blocksy_meta":[],"featured_image_urls_v2":{"full":["https:\/\/fundaciohospitalariesmartorell.org\/entre-tots\/wp-content\/uploads\/2025\/11\/image-21-edited.png",1920,1440,false],"thumbnail":["https:\/\/fundaciohospitalariesmartorell.org\/entre-tots\/wp-content\/uploads\/2025\/11\/image-21-edited-150x150.png",150,150,true],"medium":["https:\/\/fundaciohospitalariesmartorell.org\/entre-tots\/wp-content\/uploads\/2025\/11\/image-21-edited-300x225.png",300,225,true],"medium_large":["https:\/\/fundaciohospitalariesmartorell.org\/entre-tots\/wp-content\/uploads\/2025\/11\/image-21-edited-768x576.png",768,576,true],"large":["https:\/\/fundaciohospitalariesmartorell.org\/entre-tots\/wp-content\/uploads\/2025\/11\/image-21-edited-1024x768.png",1024,768,true],"1536x1536":["https:\/\/fundaciohospitalariesmartorell.org\/entre-tots\/wp-content\/uploads\/2025\/11\/image-21-edited-1536x1152.png",1536,1152,true],"2048x2048":["https:\/\/fundaciohospitalariesmartorell.org\/entre-tots\/wp-content\/uploads\/2025\/11\/image-21-edited.png",1920,1440,false],"mailpoet_newsletter_max":["https:\/\/fundaciohospitalariesmartorell.org\/entre-tots\/wp-content\/uploads\/2025\/11\/image-21-edited-1320x990.png",1320,990,true]},"post_excerpt_stackable_v2":"<p>Segons l\u2019Observatori Europeu de Drogues i Toxicomanies, cada setmana s\u2019introdueix una nova droga al mercat europeu, \u00e9s a dir, prop de 50 subst\u00e0ncies noves cada any. Aquesta alerta va ser el punt de partida de la intervenci\u00f3 de la Dra. Rosa\u00a0Arias, del CASD Garraf, \u00a0durant la sessi\u00f3 del PIPPEP celebrada el passat 12 de novembre al Parc Sanitari Sant Joan de D\u00e9u. Arias&nbsp;va presentar una revisi\u00f3 exhaustiva basada en recerques de la&nbsp;National Library of Medicine&nbsp;i informes d\u2019entitats europees especialitzades en t\u00f2xics, posant de manifest tant la proliferaci\u00f3 de subst\u00e0ncies de consum juvenil \u2014com ketamina, cloretil, \u00f2xid nitr\u00f3s i tusi\u2014 com&hellip;<\/p>\n","category_list_v2":"<a href=\"https:\/\/fundaciohospitalariesmartorell.org\/entre-tots\/category\/actualitat\/\" rel=\"category tag\">ACTUALITAT<\/a>","author_info_v2":{"name":"Martorell_comunicacio","url":"https:\/\/fundaciohospitalariesmartorell.org\/entre-tots\/author\/martorell_comunicacio\/"},"comments_num_v2":"0 comments","_links":{"self":[{"href":"https:\/\/fundaciohospitalariesmartorell.org\/entre-tots\/wp-json\/wp\/v2\/posts\/12267","targetHints":{"allow":["GET"]}}],"collection":[{"href":"https:\/\/fundaciohospitalariesmartorell.org\/entre-tots\/wp-json\/wp\/v2\/posts"}],"about":[{"href":"https:\/\/fundaciohospitalariesmartorell.org\/entre-tots\/wp-json\/wp\/v2\/types\/post"}],"author":[{"embeddable":true,"href":"https:\/\/fundaciohospitalariesmartorell.org\/entre-tots\/wp-json\/wp\/v2\/users\/6"}],"replies":[{"embeddable":true,"href":"https:\/\/fundaciohospitalariesmartorell.org\/entre-tots\/wp-json\/wp\/v2\/comments?post=12267"}],"version-history":[{"count":1,"href":"https:\/\/fundaciohospitalariesmartorell.org\/entre-tots\/wp-json\/wp\/v2\/posts\/12267\/revisions"}],"predecessor-version":[{"id":12271,"href":"https:\/\/fundaciohospitalariesmartorell.org\/entre-tots\/wp-json\/wp\/v2\/posts\/12267\/revisions\/12271"}],"wp:featuredmedia":[{"embeddable":true,"href":"https:\/\/fundaciohospitalariesmartorell.org\/entre-tots\/wp-json\/wp\/v2\/media\/12270"}],"wp:attachment":[{"href":"https:\/\/fundaciohospitalariesmartorell.org\/entre-tots\/wp-json\/wp\/v2\/media?parent=12267"}],"wp:term":[{"taxonomy":"category","embeddable":true,"href":"https:\/\/fundaciohospitalariesmartorell.org\/entre-tots\/wp-json\/wp\/v2\/categories?post=12267"},{"taxonomy":"post_tag","embeddable":true,"href":"https:\/\/fundaciohospitalariesmartorell.org\/entre-tots\/wp-json\/wp\/v2\/tags?post=12267"}],"curies":[{"name":"wp","href":"https:\/\/api.w.org\/{rel}","templated":true}]}}