{"id":12273,"date":"2025-11-19T15:10:26","date_gmt":"2025-11-19T14:10:26","guid":{"rendered":"https:\/\/fundaciohospitalariesmartorell.org\/entre-tots\/?p=12273"},"modified":"2025-11-21T09:53:17","modified_gmt":"2025-11-21T08:53:17","slug":"visita-al-gran-teatre-del-liceu-en-el-marc-del-programa-apropa-cultura","status":"publish","type":"post","link":"https:\/\/fundaciohospitalariesmartorell.org\/entre-tots\/2025\/11\/visita-al-gran-teatre-del-liceu-en-el-marc-del-programa-apropa-cultura\/","title":{"rendered":"Visita al Gran Teatre del Liceu en el marc del programa Apropa Cultura"},"content":{"rendered":"\n<figure class=\"wp-block-image size-large\"><img loading=\"lazy\" decoding=\"async\" width=\"1024\" height=\"768\" src=\"https:\/\/fundaciohospitalariesmartorell.org\/entre-tots\/wp-content\/uploads\/2025\/11\/WhatsApp-Image-2025-11-11-at-10.43.37-1-1024x768.jpeg\" alt=\"\" class=\"wp-image-12274\" srcset=\"https:\/\/fundaciohospitalariesmartorell.org\/entre-tots\/wp-content\/uploads\/2025\/11\/WhatsApp-Image-2025-11-11-at-10.43.37-1-1024x768.jpeg 1024w, https:\/\/fundaciohospitalariesmartorell.org\/entre-tots\/wp-content\/uploads\/2025\/11\/WhatsApp-Image-2025-11-11-at-10.43.37-1-300x225.jpeg 300w, https:\/\/fundaciohospitalariesmartorell.org\/entre-tots\/wp-content\/uploads\/2025\/11\/WhatsApp-Image-2025-11-11-at-10.43.37-1-768x576.jpeg 768w, https:\/\/fundaciohospitalariesmartorell.org\/entre-tots\/wp-content\/uploads\/2025\/11\/WhatsApp-Image-2025-11-11-at-10.43.37-1-1536x1152.jpeg 1536w, https:\/\/fundaciohospitalariesmartorell.org\/entre-tots\/wp-content\/uploads\/2025\/11\/WhatsApp-Image-2025-11-11-at-10.43.37-1-1320x990.jpeg 1320w, https:\/\/fundaciohospitalariesmartorell.org\/entre-tots\/wp-content\/uploads\/2025\/11\/WhatsApp-Image-2025-11-11-at-10.43.37-1.jpeg 1600w\" sizes=\"auto, (max-width: 1024px) 100vw, 1024px\" \/><\/figure>\n\n\n\n<p>Un grup de persones usu\u00e0ries de rehabilitaci\u00f3 en salut mental de la Fundaci\u00f3 Hospital\u00e0ries Martorell va visitar, el passat divendres 7 de novembre, el Gran Teatre del Liceu de Barcelona. I ho va fer acompanyat de dues professionals del centre i una volunt\u00e0ria en el marc del programa Apropa Cultura, una iniciativa que facilita l\u2019acc\u00e9s a la cultura a col\u00b7lectius en situaci\u00f3 de vulnerabilitat.<\/p>\n\n\n\n<p>El grup hi va arribar amb transport p\u00fablic i, un cop all\u00e0, van ser rebuts per la Irene, que els va oferir una introducci\u00f3 sobre la hist\u00f2ria i el funcionament del Liceu. La visita va permetre descobrir espais emblem\u00e0tics com la Sala dels Miralls, diferents cambres internes i diversos racons carregats d\u2019an\u00e8cdotes i curiositats. Tamb\u00e9 van poder accedir a la llotja, la b\u00f2veda i fins i tot a la zona del darrere de l\u2019escenari, vivint el teatre des de perspectives que normalment queden fora de la vista del p\u00fablic.<\/p>\n\n\n\n<figure class=\"wp-block-gallery has-nested-images columns-default is-cropped wp-block-gallery-1 is-layout-flex wp-block-gallery-is-layout-flex\">\n<figure class=\"wp-block-image size-large\"><img loading=\"lazy\" decoding=\"async\" width=\"768\" height=\"1024\" data-id=\"12276\" src=\"https:\/\/fundaciohospitalariesmartorell.org\/entre-tots\/wp-content\/uploads\/2025\/11\/WhatsApp-Image-2025-11-11-at-10.43.37-3-768x1024.jpeg\" alt=\"\" class=\"wp-image-12276\" srcset=\"https:\/\/fundaciohospitalariesmartorell.org\/entre-tots\/wp-content\/uploads\/2025\/11\/WhatsApp-Image-2025-11-11-at-10.43.37-3-768x1024.jpeg 768w, https:\/\/fundaciohospitalariesmartorell.org\/entre-tots\/wp-content\/uploads\/2025\/11\/WhatsApp-Image-2025-11-11-at-10.43.37-3-225x300.jpeg 225w, https:\/\/fundaciohospitalariesmartorell.org\/entre-tots\/wp-content\/uploads\/2025\/11\/WhatsApp-Image-2025-11-11-at-10.43.37-3-1152x1536.jpeg 1152w, https:\/\/fundaciohospitalariesmartorell.org\/entre-tots\/wp-content\/uploads\/2025\/11\/WhatsApp-Image-2025-11-11-at-10.43.37-3.jpeg 1200w\" sizes=\"auto, (max-width: 768px) 100vw, 768px\" \/><\/figure>\n\n\n\n<figure class=\"wp-block-image size-large\"><img loading=\"lazy\" decoding=\"async\" width=\"768\" height=\"1024\" data-id=\"12277\" src=\"https:\/\/fundaciohospitalariesmartorell.org\/entre-tots\/wp-content\/uploads\/2025\/11\/WhatsApp-Image-2025-11-11-at-10.43.36-2-768x1024.jpeg\" alt=\"\" class=\"wp-image-12277\" srcset=\"https:\/\/fundaciohospitalariesmartorell.org\/entre-tots\/wp-content\/uploads\/2025\/11\/WhatsApp-Image-2025-11-11-at-10.43.36-2-768x1024.jpeg 768w, https:\/\/fundaciohospitalariesmartorell.org\/entre-tots\/wp-content\/uploads\/2025\/11\/WhatsApp-Image-2025-11-11-at-10.43.36-2-225x300.jpeg 225w, https:\/\/fundaciohospitalariesmartorell.org\/entre-tots\/wp-content\/uploads\/2025\/11\/WhatsApp-Image-2025-11-11-at-10.43.36-2-1152x1536.jpeg 1152w, https:\/\/fundaciohospitalariesmartorell.org\/entre-tots\/wp-content\/uploads\/2025\/11\/WhatsApp-Image-2025-11-11-at-10.43.36-2.jpeg 1200w\" sizes=\"auto, (max-width: 768px) 100vw, 768px\" \/><\/figure>\n\n\n\n<figure class=\"wp-block-image size-large\"><img loading=\"lazy\" decoding=\"async\" width=\"768\" height=\"1024\" data-id=\"12275\" src=\"https:\/\/fundaciohospitalariesmartorell.org\/entre-tots\/wp-content\/uploads\/2025\/11\/WhatsApp-Image-2025-11-11-at-10.43.36-1-768x1024.jpeg\" alt=\"\" class=\"wp-image-12275\" srcset=\"https:\/\/fundaciohospitalariesmartorell.org\/entre-tots\/wp-content\/uploads\/2025\/11\/WhatsApp-Image-2025-11-11-at-10.43.36-1-768x1024.jpeg 768w, https:\/\/fundaciohospitalariesmartorell.org\/entre-tots\/wp-content\/uploads\/2025\/11\/WhatsApp-Image-2025-11-11-at-10.43.36-1-225x300.jpeg 225w, https:\/\/fundaciohospitalariesmartorell.org\/entre-tots\/wp-content\/uploads\/2025\/11\/WhatsApp-Image-2025-11-11-at-10.43.36-1-1152x1536.jpeg 1152w, https:\/\/fundaciohospitalariesmartorell.org\/entre-tots\/wp-content\/uploads\/2025\/11\/WhatsApp-Image-2025-11-11-at-10.43.36-1.jpeg 1200w\" sizes=\"auto, (max-width: 768px) 100vw, 768px\" \/><\/figure>\n<\/figure>\n\n\n\n<p>El moment m\u00e9s emocionant, tal i com expliquen les seves acompanyants, va ser l\u2019assist\u00e8ncia a un assaig de l\u2019obra <em>El trencanous<\/em>, de Txaikovski, al qual van accedir des d\u2019una t\u00e8rima elevada, un espai privilegiat que va permetre gaudir de la m\u00fasica i del moviment d\u2019una manera \u00fanica i propera. L\u2019experi\u00e8ncia va despertar &#8220;emocions molt intenses&#8221; entre les persones usu\u00e0ries.<\/p>\n\n\n\n<p>Per tancar la sortida, el grup va compartir una estona distesa al Caf\u00e8 de l\u2019\u00d2pera, on van comentar les viv\u00e8ncies i sensacions del mat\u00ed abans de tornar cap a Martorell, novament amb transport p\u00fablic.<\/p>\n\n\n\n<p><\/p>\n","protected":false},"excerpt":{"rendered":"<p>Un grup de persones usu\u00e0ries de rehabilitaci\u00f3 en salut mental de la Fundaci\u00f3 Hospital\u00e0ries Martorell va visitar, el passat divendres 7 de novembre, el Gran Teatre del Liceu de Barcelona. I ho va fer acompanyat de dues professionals del centre i una volunt\u00e0ria en el marc del programa Apropa Cultura, una iniciativa que facilita l\u2019acc\u00e9s [&hellip;]<\/p>\n","protected":false},"author":6,"featured_media":12274,"comment_status":"closed","ping_status":"closed","sticky":false,"template":"","format":"standard","meta":{"footnotes":""},"categories":[27],"tags":[],"class_list":["post-12273","post","type-post","status-publish","format-standard","has-post-thumbnail","hentry","category-actualitat"],"blocksy_meta":[],"featured_image_urls_v2":{"full":["https:\/\/fundaciohospitalariesmartorell.org\/entre-tots\/wp-content\/uploads\/2025\/11\/WhatsApp-Image-2025-11-11-at-10.43.37-1.jpeg",1600,1200,false],"thumbnail":["https:\/\/fundaciohospitalariesmartorell.org\/entre-tots\/wp-content\/uploads\/2025\/11\/WhatsApp-Image-2025-11-11-at-10.43.37-1-150x150.jpeg",150,150,true],"medium":["https:\/\/fundaciohospitalariesmartorell.org\/entre-tots\/wp-content\/uploads\/2025\/11\/WhatsApp-Image-2025-11-11-at-10.43.37-1-300x225.jpeg",300,225,true],"medium_large":["https:\/\/fundaciohospitalariesmartorell.org\/entre-tots\/wp-content\/uploads\/2025\/11\/WhatsApp-Image-2025-11-11-at-10.43.37-1-768x576.jpeg",768,576,true],"large":["https:\/\/fundaciohospitalariesmartorell.org\/entre-tots\/wp-content\/uploads\/2025\/11\/WhatsApp-Image-2025-11-11-at-10.43.37-1-1024x768.jpeg",1024,768,true],"1536x1536":["https:\/\/fundaciohospitalariesmartorell.org\/entre-tots\/wp-content\/uploads\/2025\/11\/WhatsApp-Image-2025-11-11-at-10.43.37-1-1536x1152.jpeg",1536,1152,true],"2048x2048":["https:\/\/fundaciohospitalariesmartorell.org\/entre-tots\/wp-content\/uploads\/2025\/11\/WhatsApp-Image-2025-11-11-at-10.43.37-1.jpeg",1600,1200,false],"mailpoet_newsletter_max":["https:\/\/fundaciohospitalariesmartorell.org\/entre-tots\/wp-content\/uploads\/2025\/11\/WhatsApp-Image-2025-11-11-at-10.43.37-1-1320x990.jpeg",1320,990,true]},"post_excerpt_stackable_v2":"<p>Un grup de persones usu\u00e0ries de rehabilitaci\u00f3 en salut mental de la Fundaci\u00f3 Hospital\u00e0ries Martorell va visitar, el passat divendres 7 de novembre, el Gran Teatre del Liceu de Barcelona. I ho va fer acompanyat de dues professionals del centre i una volunt\u00e0ria en el marc del programa Apropa Cultura, una iniciativa que facilita l\u2019acc\u00e9s a la cultura a col\u00b7lectius en situaci\u00f3 de vulnerabilitat. El grup hi va arribar amb transport p\u00fablic i, un cop all\u00e0, van ser rebuts per la Irene, que els va oferir una introducci\u00f3 sobre la hist\u00f2ria i el funcionament del Liceu. La visita va permetre&hellip;<\/p>\n","category_list_v2":"<a href=\"https:\/\/fundaciohospitalariesmartorell.org\/entre-tots\/category\/actualitat\/\" rel=\"category tag\">ACTUALITAT<\/a>","author_info_v2":{"name":"Martorell_comunicacio","url":"https:\/\/fundaciohospitalariesmartorell.org\/entre-tots\/author\/martorell_comunicacio\/"},"comments_num_v2":"0 comments","_links":{"self":[{"href":"https:\/\/fundaciohospitalariesmartorell.org\/entre-tots\/wp-json\/wp\/v2\/posts\/12273","targetHints":{"allow":["GET"]}}],"collection":[{"href":"https:\/\/fundaciohospitalariesmartorell.org\/entre-tots\/wp-json\/wp\/v2\/posts"}],"about":[{"href":"https:\/\/fundaciohospitalariesmartorell.org\/entre-tots\/wp-json\/wp\/v2\/types\/post"}],"author":[{"embeddable":true,"href":"https:\/\/fundaciohospitalariesmartorell.org\/entre-tots\/wp-json\/wp\/v2\/users\/6"}],"replies":[{"embeddable":true,"href":"https:\/\/fundaciohospitalariesmartorell.org\/entre-tots\/wp-json\/wp\/v2\/comments?post=12273"}],"version-history":[{"count":2,"href":"https:\/\/fundaciohospitalariesmartorell.org\/entre-tots\/wp-json\/wp\/v2\/posts\/12273\/revisions"}],"predecessor-version":[{"id":12292,"href":"https:\/\/fundaciohospitalariesmartorell.org\/entre-tots\/wp-json\/wp\/v2\/posts\/12273\/revisions\/12292"}],"wp:featuredmedia":[{"embeddable":true,"href":"https:\/\/fundaciohospitalariesmartorell.org\/entre-tots\/wp-json\/wp\/v2\/media\/12274"}],"wp:attachment":[{"href":"https:\/\/fundaciohospitalariesmartorell.org\/entre-tots\/wp-json\/wp\/v2\/media?parent=12273"}],"wp:term":[{"taxonomy":"category","embeddable":true,"href":"https:\/\/fundaciohospitalariesmartorell.org\/entre-tots\/wp-json\/wp\/v2\/categories?post=12273"},{"taxonomy":"post_tag","embeddable":true,"href":"https:\/\/fundaciohospitalariesmartorell.org\/entre-tots\/wp-json\/wp\/v2\/tags?post=12273"}],"curies":[{"name":"wp","href":"https:\/\/api.w.org\/{rel}","templated":true}]}}