{"id":12279,"date":"2025-11-20T08:46:25","date_gmt":"2025-11-20T07:46:25","guid":{"rendered":"https:\/\/fundaciohospitalariesmartorell.org\/entre-tots\/?p=12279"},"modified":"2025-11-20T08:46:33","modified_gmt":"2025-11-20T07:46:33","slug":"visita-institucional-a-la-unitat-de-psiquiatria-geriatrica-pg","status":"publish","type":"post","link":"https:\/\/fundaciohospitalariesmartorell.org\/entre-tots\/2025\/11\/visita-institucional-a-la-unitat-de-psiquiatria-geriatrica-pg\/","title":{"rendered":"Visita institucional a la Unitat de Psiquiatria Geri\u00e0trica (UPG)"},"content":{"rendered":"\n<figure class=\"wp-block-image size-full\"><img loading=\"lazy\" decoding=\"async\" width=\"969\" height=\"629\" src=\"https:\/\/fundaciohospitalariesmartorell.org\/entre-tots\/wp-content\/uploads\/2025\/11\/image-22.png\" alt=\"\" class=\"wp-image-12280\" srcset=\"https:\/\/fundaciohospitalariesmartorell.org\/entre-tots\/wp-content\/uploads\/2025\/11\/image-22.png 969w, https:\/\/fundaciohospitalariesmartorell.org\/entre-tots\/wp-content\/uploads\/2025\/11\/image-22-300x195.png 300w, https:\/\/fundaciohospitalariesmartorell.org\/entre-tots\/wp-content\/uploads\/2025\/11\/image-22-768x499.png 768w\" sizes=\"auto, (max-width: 969px) 100vw, 969px\" \/><\/figure>\n\n\n\n<p>La nostra Unitat de Psiquiatria Geri\u00e0trica (UPG), pionera en l\u2019atenci\u00f3 especialitzada a persones grans amb trastorns mentals, va rebre el passat 12 de novembre la visita de diferents responsables del Departament de Salut, entre els quals Aina Plaza, directora general de Planificaci\u00f3 en Salut, Josep Tristany, director del Pla Director de Salut Mental i Addiccions i Mireia Llonch , directora operativa per a la Transformaci\u00f3 de l\u2019Atenci\u00f3 Interm\u00e8dia. Tamb\u00e9 ens va acompanyar Sonia Sevilla, adjunta a la Ger\u00e8ncia de la Regi\u00f3 Sanit\u00e0ria Barcelona Metropolitana Sud i David Garcia, t\u00e8cnic de la Direcci\u00f3 per la Transformaci\u00f3 de l&#8217;Atenci\u00f3 Interm\u00e8dia.<br><br>Una visita que va permetre donar a con\u00e8ixer el projecte assistencial i el model d\u2019atenci\u00f3 integral i humanitzada que desenvolupa la Unitat, aix\u00ed com compartir les l\u00ednies estrat\u00e8giques que situen la salut mental de les persones grans com una prioritat en el sistema sanitari.<\/p>\n\n\n\n<figure class=\"wp-block-image size-full\"><img loading=\"lazy\" decoding=\"async\" width=\"909\" height=\"582\" src=\"https:\/\/fundaciohospitalariesmartorell.org\/entre-tots\/wp-content\/uploads\/2025\/11\/image-23.png\" alt=\"\" class=\"wp-image-12281\" srcset=\"https:\/\/fundaciohospitalariesmartorell.org\/entre-tots\/wp-content\/uploads\/2025\/11\/image-23.png 909w, https:\/\/fundaciohospitalariesmartorell.org\/entre-tots\/wp-content\/uploads\/2025\/11\/image-23-300x192.png 300w, https:\/\/fundaciohospitalariesmartorell.org\/entre-tots\/wp-content\/uploads\/2025\/11\/image-23-768x492.png 768w\" sizes=\"auto, (max-width: 909px) 100vw, 909px\" \/><\/figure>\n\n\n\n<p>Els i les representants del Departament de Salut van poder con\u00e8ixer de primera m\u00e0 els espais, els equipaments i l\u2019enfocament interdisciplinari que caracteritzaran la UPG, concebuda per a l\u2019abordatge integral de pacients majors de 65 anys amb patologia psiqui\u00e0trica aguda i cr\u00f2nica complexa.<\/p>\n\n\n\n<figure class=\"wp-block-image size-large\"><img loading=\"lazy\" decoding=\"async\" width=\"1024\" height=\"528\" src=\"https:\/\/fundaciohospitalariesmartorell.org\/entre-tots\/wp-content\/uploads\/2025\/11\/image-24-1024x528.png\" alt=\"\" class=\"wp-image-12282\" srcset=\"https:\/\/fundaciohospitalariesmartorell.org\/entre-tots\/wp-content\/uploads\/2025\/11\/image-24-1024x528.png 1024w, https:\/\/fundaciohospitalariesmartorell.org\/entre-tots\/wp-content\/uploads\/2025\/11\/image-24-300x155.png 300w, https:\/\/fundaciohospitalariesmartorell.org\/entre-tots\/wp-content\/uploads\/2025\/11\/image-24-768x396.png 768w, https:\/\/fundaciohospitalariesmartorell.org\/entre-tots\/wp-content\/uploads\/2025\/11\/image-24-1320x681.png 1320w, https:\/\/fundaciohospitalariesmartorell.org\/entre-tots\/wp-content\/uploads\/2025\/11\/image-24.png 1337w\" sizes=\"auto, (max-width: 1024px) 100vw, 1024px\" \/><\/figure>\n\n\n\n<p>La Unitat de Psicogeriatria (UPG) de Martorell \u00e9s un recurs cl\u00ednic clau per a l\u2019abordatge integral de pacients majors de 65 anys amb patologia psiqui\u00e0trica aguda i cr\u00f2nica complexa. Ofereix una atenci\u00f3 multidimensional que integra intervencions m\u00e8diques, psicol\u00f2giques, neuropsicol\u00f2giques, rehabilitadores i socials. En els darrers cinc anys, s\u2019han at\u00e8s aproximadament 700 casos, dels quals un 40% estaven relacionats amb trastorns afectius \u2014com la depressi\u00f3 i el trastorn bipolar\u2014, i un 31% amb trastorns psic\u00f2tics.<\/p>\n","protected":false},"excerpt":{"rendered":"<p>La nostra Unitat de Psiquiatria Geri\u00e0trica (UPG), pionera en l\u2019atenci\u00f3 especialitzada a persones grans amb trastorns mentals, va rebre el passat 12 de novembre la visita de diferents responsables del Departament de Salut, entre els quals Aina Plaza, directora general de Planificaci\u00f3 en Salut, Josep Tristany, director del Pla Director de Salut Mental i Addiccions [&hellip;]<\/p>\n","protected":false},"author":6,"featured_media":12281,"comment_status":"closed","ping_status":"","sticky":false,"template":"","format":"standard","meta":{"footnotes":""},"categories":[27],"tags":[],"class_list":["post-12279","post","type-post","status-publish","format-standard","has-post-thumbnail","hentry","category-actualitat"],"blocksy_meta":[],"featured_image_urls_v2":{"full":["https:\/\/fundaciohospitalariesmartorell.org\/entre-tots\/wp-content\/uploads\/2025\/11\/image-23.png",909,582,false],"thumbnail":["https:\/\/fundaciohospitalariesmartorell.org\/entre-tots\/wp-content\/uploads\/2025\/11\/image-23-150x150.png",150,150,true],"medium":["https:\/\/fundaciohospitalariesmartorell.org\/entre-tots\/wp-content\/uploads\/2025\/11\/image-23-300x192.png",300,192,true],"medium_large":["https:\/\/fundaciohospitalariesmartorell.org\/entre-tots\/wp-content\/uploads\/2025\/11\/image-23-768x492.png",768,492,true],"large":["https:\/\/fundaciohospitalariesmartorell.org\/entre-tots\/wp-content\/uploads\/2025\/11\/image-23.png",909,582,false],"1536x1536":["https:\/\/fundaciohospitalariesmartorell.org\/entre-tots\/wp-content\/uploads\/2025\/11\/image-23.png",909,582,false],"2048x2048":["https:\/\/fundaciohospitalariesmartorell.org\/entre-tots\/wp-content\/uploads\/2025\/11\/image-23.png",909,582,false],"mailpoet_newsletter_max":["https:\/\/fundaciohospitalariesmartorell.org\/entre-tots\/wp-content\/uploads\/2025\/11\/image-23.png",909,582,false]},"post_excerpt_stackable_v2":"<p>La nostra Unitat de Psiquiatria Geri\u00e0trica (UPG), pionera en l\u2019atenci\u00f3 especialitzada a persones grans amb trastorns mentals, va rebre el passat 12 de novembre la visita de diferents responsables del Departament de Salut, entre els quals Aina Plaza, directora general de Planificaci\u00f3 en Salut, Josep Tristany, director del Pla Director de Salut Mental i Addiccions i Mireia Llonch , directora operativa per a la Transformaci\u00f3 de l\u2019Atenci\u00f3 Interm\u00e8dia. Tamb\u00e9 ens va acompanyar Sonia Sevilla, adjunta a la Ger\u00e8ncia de la Regi\u00f3 Sanit\u00e0ria Barcelona Metropolitana Sud i David Garcia, t\u00e8cnic de la Direcci\u00f3 per la Transformaci\u00f3 de l&#8217;Atenci\u00f3 Interm\u00e8dia.Una visita que&hellip;<\/p>\n","category_list_v2":"<a href=\"https:\/\/fundaciohospitalariesmartorell.org\/entre-tots\/category\/actualitat\/\" rel=\"category tag\">ACTUALITAT<\/a>","author_info_v2":{"name":"Martorell_comunicacio","url":"https:\/\/fundaciohospitalariesmartorell.org\/entre-tots\/author\/martorell_comunicacio\/"},"comments_num_v2":"0 comments","_links":{"self":[{"href":"https:\/\/fundaciohospitalariesmartorell.org\/entre-tots\/wp-json\/wp\/v2\/posts\/12279","targetHints":{"allow":["GET"]}}],"collection":[{"href":"https:\/\/fundaciohospitalariesmartorell.org\/entre-tots\/wp-json\/wp\/v2\/posts"}],"about":[{"href":"https:\/\/fundaciohospitalariesmartorell.org\/entre-tots\/wp-json\/wp\/v2\/types\/post"}],"author":[{"embeddable":true,"href":"https:\/\/fundaciohospitalariesmartorell.org\/entre-tots\/wp-json\/wp\/v2\/users\/6"}],"replies":[{"embeddable":true,"href":"https:\/\/fundaciohospitalariesmartorell.org\/entre-tots\/wp-json\/wp\/v2\/comments?post=12279"}],"version-history":[{"count":2,"href":"https:\/\/fundaciohospitalariesmartorell.org\/entre-tots\/wp-json\/wp\/v2\/posts\/12279\/revisions"}],"predecessor-version":[{"id":12284,"href":"https:\/\/fundaciohospitalariesmartorell.org\/entre-tots\/wp-json\/wp\/v2\/posts\/12279\/revisions\/12284"}],"wp:featuredmedia":[{"embeddable":true,"href":"https:\/\/fundaciohospitalariesmartorell.org\/entre-tots\/wp-json\/wp\/v2\/media\/12281"}],"wp:attachment":[{"href":"https:\/\/fundaciohospitalariesmartorell.org\/entre-tots\/wp-json\/wp\/v2\/media?parent=12279"}],"wp:term":[{"taxonomy":"category","embeddable":true,"href":"https:\/\/fundaciohospitalariesmartorell.org\/entre-tots\/wp-json\/wp\/v2\/categories?post=12279"},{"taxonomy":"post_tag","embeddable":true,"href":"https:\/\/fundaciohospitalariesmartorell.org\/entre-tots\/wp-json\/wp\/v2\/tags?post=12279"}],"curies":[{"name":"wp","href":"https:\/\/api.w.org\/{rel}","templated":true}]}}