{"id":12285,"date":"2025-11-20T08:53:04","date_gmt":"2025-11-20T07:53:04","guid":{"rendered":"https:\/\/fundaciohospitalariesmartorell.org\/entre-tots\/?p=12285"},"modified":"2025-11-20T08:53:04","modified_gmt":"2025-11-20T07:53:04","slug":"lsrc-de-sant-feliu-celebra-el-dia-de-la-salut-mental-amb-un-taller-sobre-lansietat-i-la-lectura-dun-manifest","status":"publish","type":"post","link":"https:\/\/fundaciohospitalariesmartorell.org\/entre-tots\/2025\/11\/lsrc-de-sant-feliu-celebra-el-dia-de-la-salut-mental-amb-un-taller-sobre-lansietat-i-la-lectura-dun-manifest\/","title":{"rendered":"L&#8217;SRC de Sant Feliu celebra el Dia de la Salut Mental amb un taller sobre l\u2019ansietat i la lectura d\u2019un manifest"},"content":{"rendered":"\n<figure class=\"wp-block-image size-large\"><img loading=\"lazy\" decoding=\"async\" width=\"1024\" height=\"682\" src=\"https:\/\/fundaciohospitalariesmartorell.org\/entre-tots\/wp-content\/uploads\/2025\/11\/IMG-20251103-WA0000-1024x682.jpg\" alt=\"\" class=\"wp-image-12286\" srcset=\"https:\/\/fundaciohospitalariesmartorell.org\/entre-tots\/wp-content\/uploads\/2025\/11\/IMG-20251103-WA0000-1024x682.jpg 1024w, https:\/\/fundaciohospitalariesmartorell.org\/entre-tots\/wp-content\/uploads\/2025\/11\/IMG-20251103-WA0000-300x200.jpg 300w, https:\/\/fundaciohospitalariesmartorell.org\/entre-tots\/wp-content\/uploads\/2025\/11\/IMG-20251103-WA0000-768x512.jpg 768w, https:\/\/fundaciohospitalariesmartorell.org\/entre-tots\/wp-content\/uploads\/2025\/11\/IMG-20251103-WA0000-1536x1023.jpg 1536w, https:\/\/fundaciohospitalariesmartorell.org\/entre-tots\/wp-content\/uploads\/2025\/11\/IMG-20251103-WA0000-1320x879.jpg 1320w, https:\/\/fundaciohospitalariesmartorell.org\/entre-tots\/wp-content\/uploads\/2025\/11\/IMG-20251103-WA0000.jpg 1600w\" sizes=\"auto, (max-width: 1024px) 100vw, 1024px\" \/><\/figure>\n\n\n\n<p>El passat dimecres 29 d\u2019octubre, el Servei de Rehabilitaci\u00f3 Comunit\u00e0ria (SRC) de Sant Feliu va commemorar el Dia de la Salut Mental amb una activitat adre\u00e7ada a persones usu\u00e0ries i a la gent del municipi que hi tingu\u00e9s inter\u00e8s. Tot i que estava previst iniciar la jornada amb una caminada pel poble, les condicions meteorol\u00f2giques no van permetre dur-la a terme i, en el seu lloc, els participants van assistir al taller \u201cPer qu\u00e8 tinc ansietat?\u201d, condu\u00eft pel referent de Benestar Emocional (REBEC). La sessi\u00f3 va tenir lloc al Casal de la Gent Gran i forma part del programa Escola de Salut per a la Gent Gran, un conjunt d\u2019activitats de promoci\u00f3 de la salut organitzades pels Equips d\u2019Atenci\u00f3 Prim\u00e0ria del Baix Llobregat.<\/p>\n\n\n\n<p>Despr\u00e9s del taller, es va procedir a la lectura del manifest elaborat per les persones usu\u00e0ries de l&#8217;SRC, un text reivindicatiu que va posar el focus en la necessitat de recon\u00e8ixer, visibilitzar i respectar la salut mental com una part essencial del benestar integral.<\/p>\n\n\n\n<blockquote class=\"wp-block-quote is-layout-flow wp-block-quote-is-layout-flow\">\n<p>El manifest va recordar que, segons l\u2019Organitzaci\u00f3 Mundial de la Salut, la salut mental \u00e9s \u201cun estat de benestar en qu\u00e8 l\u2019individu \u00e9s conscient de les seves capacitats, pot afrontar les pressions normals de la vida, treballar de manera productiva i contribuir positivament a la comunitat\u201d. Tamb\u00e9 va denunciar la persist\u00e8ncia d\u2019estigmes socials, personals i institucionals, aix\u00ed com l\u2019\u00fas de comentaris despectius que invisibilitzen la realitat de moltes persones.<\/p>\n<\/blockquote>\n\n\n\n<p>Finalment, el text va fer una crida a les institucions, als centres educatius i a les fam\u00edlies a treballar conjuntament per eliminar els estigmes, afavorir la integraci\u00f3 i garantir que ning\u00fa quedi al marge: \u201cQuan parlin d\u2019integraci\u00f3, no ens oblideu. No som invisibles.\u201d<\/p>\n\n\n\n<p><\/p>\n","protected":false},"excerpt":{"rendered":"<p>El passat dimecres 29 d\u2019octubre, el Servei de Rehabilitaci\u00f3 Comunit\u00e0ria (SRC) de Sant Feliu va commemorar el Dia de la Salut Mental amb una activitat adre\u00e7ada a persones usu\u00e0ries i a la gent del municipi que hi tingu\u00e9s inter\u00e8s. Tot i que estava previst iniciar la jornada amb una caminada pel poble, les condicions meteorol\u00f2giques [&hellip;]<\/p>\n","protected":false},"author":6,"featured_media":12286,"comment_status":"closed","ping_status":"","sticky":false,"template":"","format":"standard","meta":{"footnotes":""},"categories":[27],"tags":[],"class_list":["post-12285","post","type-post","status-publish","format-standard","has-post-thumbnail","hentry","category-actualitat"],"blocksy_meta":[],"featured_image_urls_v2":{"full":["https:\/\/fundaciohospitalariesmartorell.org\/entre-tots\/wp-content\/uploads\/2025\/11\/IMG-20251103-WA0000.jpg",1600,1066,false],"thumbnail":["https:\/\/fundaciohospitalariesmartorell.org\/entre-tots\/wp-content\/uploads\/2025\/11\/IMG-20251103-WA0000-150x150.jpg",150,150,true],"medium":["https:\/\/fundaciohospitalariesmartorell.org\/entre-tots\/wp-content\/uploads\/2025\/11\/IMG-20251103-WA0000-300x200.jpg",300,200,true],"medium_large":["https:\/\/fundaciohospitalariesmartorell.org\/entre-tots\/wp-content\/uploads\/2025\/11\/IMG-20251103-WA0000-768x512.jpg",768,512,true],"large":["https:\/\/fundaciohospitalariesmartorell.org\/entre-tots\/wp-content\/uploads\/2025\/11\/IMG-20251103-WA0000-1024x682.jpg",1024,682,true],"1536x1536":["https:\/\/fundaciohospitalariesmartorell.org\/entre-tots\/wp-content\/uploads\/2025\/11\/IMG-20251103-WA0000-1536x1023.jpg",1536,1023,true],"2048x2048":["https:\/\/fundaciohospitalariesmartorell.org\/entre-tots\/wp-content\/uploads\/2025\/11\/IMG-20251103-WA0000.jpg",1600,1066,false],"mailpoet_newsletter_max":["https:\/\/fundaciohospitalariesmartorell.org\/entre-tots\/wp-content\/uploads\/2025\/11\/IMG-20251103-WA0000-1320x879.jpg",1320,879,true]},"post_excerpt_stackable_v2":"<p>El passat dimecres 29 d\u2019octubre, el Servei de Rehabilitaci\u00f3 Comunit\u00e0ria (SRC) de Sant Feliu va commemorar el Dia de la Salut Mental amb una activitat adre\u00e7ada a persones usu\u00e0ries i a la gent del municipi que hi tingu\u00e9s inter\u00e8s. Tot i que estava previst iniciar la jornada amb una caminada pel poble, les condicions meteorol\u00f2giques no van permetre dur-la a terme i, en el seu lloc, els participants van assistir al taller \u201cPer qu\u00e8 tinc ansietat?\u201d, condu\u00eft pel referent de Benestar Emocional (REBEC). La sessi\u00f3 va tenir lloc al Casal de la Gent Gran i forma part del programa Escola&hellip;<\/p>\n","category_list_v2":"<a href=\"https:\/\/fundaciohospitalariesmartorell.org\/entre-tots\/category\/actualitat\/\" rel=\"category tag\">ACTUALITAT<\/a>","author_info_v2":{"name":"Martorell_comunicacio","url":"https:\/\/fundaciohospitalariesmartorell.org\/entre-tots\/author\/martorell_comunicacio\/"},"comments_num_v2":"0 comments","_links":{"self":[{"href":"https:\/\/fundaciohospitalariesmartorell.org\/entre-tots\/wp-json\/wp\/v2\/posts\/12285","targetHints":{"allow":["GET"]}}],"collection":[{"href":"https:\/\/fundaciohospitalariesmartorell.org\/entre-tots\/wp-json\/wp\/v2\/posts"}],"about":[{"href":"https:\/\/fundaciohospitalariesmartorell.org\/entre-tots\/wp-json\/wp\/v2\/types\/post"}],"author":[{"embeddable":true,"href":"https:\/\/fundaciohospitalariesmartorell.org\/entre-tots\/wp-json\/wp\/v2\/users\/6"}],"replies":[{"embeddable":true,"href":"https:\/\/fundaciohospitalariesmartorell.org\/entre-tots\/wp-json\/wp\/v2\/comments?post=12285"}],"version-history":[{"count":1,"href":"https:\/\/fundaciohospitalariesmartorell.org\/entre-tots\/wp-json\/wp\/v2\/posts\/12285\/revisions"}],"predecessor-version":[{"id":12287,"href":"https:\/\/fundaciohospitalariesmartorell.org\/entre-tots\/wp-json\/wp\/v2\/posts\/12285\/revisions\/12287"}],"wp:featuredmedia":[{"embeddable":true,"href":"https:\/\/fundaciohospitalariesmartorell.org\/entre-tots\/wp-json\/wp\/v2\/media\/12286"}],"wp:attachment":[{"href":"https:\/\/fundaciohospitalariesmartorell.org\/entre-tots\/wp-json\/wp\/v2\/media?parent=12285"}],"wp:term":[{"taxonomy":"category","embeddable":true,"href":"https:\/\/fundaciohospitalariesmartorell.org\/entre-tots\/wp-json\/wp\/v2\/categories?post=12285"},{"taxonomy":"post_tag","embeddable":true,"href":"https:\/\/fundaciohospitalariesmartorell.org\/entre-tots\/wp-json\/wp\/v2\/tags?post=12285"}],"curies":[{"name":"wp","href":"https:\/\/api.w.org\/{rel}","templated":true}]}}