{"id":12288,"date":"2025-11-20T12:46:25","date_gmt":"2025-11-20T11:46:25","guid":{"rendered":"https:\/\/fundaciohospitalariesmartorell.org\/entre-tots\/?p=12288"},"modified":"2025-11-21T10:20:32","modified_gmt":"2025-11-21T09:20:32","slug":"formacio-sobre-transtorns-de-la-conducta-alimentaria-liderada-per-la-uir-tca-al-hub-bellvitge","status":"publish","type":"post","link":"https:\/\/fundaciohospitalariesmartorell.org\/entre-tots\/2025\/11\/formacio-sobre-transtorns-de-la-conducta-alimentaria-liderada-per-la-uir-tca-al-hub-bellvitge\/","title":{"rendered":"Formaci\u00f3 sobre transtorns de la conducta aliment\u00e0ria liderada per la UIR-TCA al HUB Bellvitge"},"content":{"rendered":"\n<figure class=\"wp-block-image size-large\"><img loading=\"lazy\" decoding=\"async\" width=\"1024\" height=\"768\" src=\"https:\/\/fundaciohospitalariesmartorell.org\/entre-tots\/wp-content\/uploads\/2025\/11\/image-25-1024x768.png\" alt=\"\" class=\"wp-image-12289\" srcset=\"https:\/\/fundaciohospitalariesmartorell.org\/entre-tots\/wp-content\/uploads\/2025\/11\/image-25-1024x768.png 1024w, https:\/\/fundaciohospitalariesmartorell.org\/entre-tots\/wp-content\/uploads\/2025\/11\/image-25-300x225.png 300w, https:\/\/fundaciohospitalariesmartorell.org\/entre-tots\/wp-content\/uploads\/2025\/11\/image-25-768x576.png 768w, https:\/\/fundaciohospitalariesmartorell.org\/entre-tots\/wp-content\/uploads\/2025\/11\/image-25-1536x1152.png 1536w, https:\/\/fundaciohospitalariesmartorell.org\/entre-tots\/wp-content\/uploads\/2025\/11\/image-25-1320x990.png 1320w, https:\/\/fundaciohospitalariesmartorell.org\/entre-tots\/wp-content\/uploads\/2025\/11\/image-25.png 2048w\" sizes=\"auto, (max-width: 1024px) 100vw, 1024px\" \/><\/figure>\n\n\n\n<p>L\u2019equip de la Unitat Integral de Recuperaci\u00f3 de Trastorns de la Conducta Aliment\u00e0ria (UIR-TCA) de la Fundaci\u00f3 Hospital\u00e0ries Martorell ha liderat una formaci\u00f3 dirigida a professionals hospitalaris i comunitaris que atenen pacients amb TCA de l\u2019Hospital Universitari de Bellvitge.<\/p>\n\n\n\n<p>El curs, celebrat aquest mes de novembre, ha abordat l\u2019intervenci\u00f3 al pacient amb TCA en els diferents recursos sanitaris, promovent una intervenci\u00f3 integral, coordinada i basada en l\u2019evid\u00e8ncia.<\/p>\n\n\n\n<p>Durant la formaci\u00f3 els i les assistents van poder con\u00e8ixer el model integral i esglaonat d\u2019intervenci\u00f3 en TCA, identificar els criteris diagn\u00f2stics i les eines per a la valoraci\u00f3 inicial i l\u2019elaboraci\u00f3 del pla terap\u00e8utic, analitzar les estrat\u00e8gies d\u2019intervenci\u00f3 des de l\u2019\u00e0mbit ambulatori, hospitalari i<br>comunitari i recon\u00e8ixer el paper espec\u00edfic de la infermeria en la Unitat de Recuperaci\u00f3 Integral (UITCA), entre d&#8217;altres.<\/p>\n\n\n\n<figure class=\"wp-block-image size-large\"><img loading=\"lazy\" decoding=\"async\" width=\"1024\" height=\"608\" src=\"https:\/\/fundaciohospitalariesmartorell.org\/entre-tots\/wp-content\/uploads\/2025\/11\/image-27-1024x608.png\" alt=\"\" class=\"wp-image-12293\" srcset=\"https:\/\/fundaciohospitalariesmartorell.org\/entre-tots\/wp-content\/uploads\/2025\/11\/image-27-1024x608.png 1024w, https:\/\/fundaciohospitalariesmartorell.org\/entre-tots\/wp-content\/uploads\/2025\/11\/image-27-300x178.png 300w, https:\/\/fundaciohospitalariesmartorell.org\/entre-tots\/wp-content\/uploads\/2025\/11\/image-27-768x456.png 768w, https:\/\/fundaciohospitalariesmartorell.org\/entre-tots\/wp-content\/uploads\/2025\/11\/image-27-1536x912.png 1536w, https:\/\/fundaciohospitalariesmartorell.org\/entre-tots\/wp-content\/uploads\/2025\/11\/image-27-1320x784.png 1320w, https:\/\/fundaciohospitalariesmartorell.org\/entre-tots\/wp-content\/uploads\/2025\/11\/image-27.png 1816w\" sizes=\"auto, (max-width: 1024px) 100vw, 1024px\" \/><\/figure>\n\n\n\n<p>La formaci\u00f3, amb una durada de 4 hores lectives, va permetre refor\u00e7ar la capacitat dels i les professionals per oferir una atenci\u00f3 de qualitat i coordinada a les persones amb trastorns de la conducta aliment\u00e0ria.<\/p>\n\n\n\n<figure class=\"wp-block-image size-full\"><img loading=\"lazy\" decoding=\"async\" width=\"546\" height=\"360\" src=\"https:\/\/fundaciohospitalariesmartorell.org\/entre-tots\/wp-content\/uploads\/2025\/11\/image-26.png\" alt=\"\" class=\"wp-image-12290\" srcset=\"https:\/\/fundaciohospitalariesmartorell.org\/entre-tots\/wp-content\/uploads\/2025\/11\/image-26.png 546w, https:\/\/fundaciohospitalariesmartorell.org\/entre-tots\/wp-content\/uploads\/2025\/11\/image-26-300x198.png 300w\" sizes=\"auto, (max-width: 546px) 100vw, 546px\" \/><\/figure>\n","protected":false},"excerpt":{"rendered":"<p>L\u2019equip de la Unitat Integral de Recuperaci\u00f3 de Trastorns de la Conducta Aliment\u00e0ria (UIR-TCA) de la Fundaci\u00f3 Hospital\u00e0ries Martorell ha liderat una formaci\u00f3 dirigida a professionals hospitalaris i comunitaris que atenen pacients amb TCA de l\u2019Hospital Universitari de Bellvitge. El curs, celebrat aquest mes de novembre, ha abordat l\u2019intervenci\u00f3 al pacient amb TCA en els [&hellip;]<\/p>\n","protected":false},"author":6,"featured_media":12289,"comment_status":"closed","ping_status":"closed","sticky":false,"template":"","format":"standard","meta":{"footnotes":""},"categories":[27],"tags":[],"class_list":["post-12288","post","type-post","status-publish","format-standard","has-post-thumbnail","hentry","category-actualitat"],"blocksy_meta":[],"featured_image_urls_v2":{"full":["https:\/\/fundaciohospitalariesmartorell.org\/entre-tots\/wp-content\/uploads\/2025\/11\/image-25.png",2048,1536,false],"thumbnail":["https:\/\/fundaciohospitalariesmartorell.org\/entre-tots\/wp-content\/uploads\/2025\/11\/image-25-150x150.png",150,150,true],"medium":["https:\/\/fundaciohospitalariesmartorell.org\/entre-tots\/wp-content\/uploads\/2025\/11\/image-25-300x225.png",300,225,true],"medium_large":["https:\/\/fundaciohospitalariesmartorell.org\/entre-tots\/wp-content\/uploads\/2025\/11\/image-25-768x576.png",768,576,true],"large":["https:\/\/fundaciohospitalariesmartorell.org\/entre-tots\/wp-content\/uploads\/2025\/11\/image-25-1024x768.png",1024,768,true],"1536x1536":["https:\/\/fundaciohospitalariesmartorell.org\/entre-tots\/wp-content\/uploads\/2025\/11\/image-25-1536x1152.png",1536,1152,true],"2048x2048":["https:\/\/fundaciohospitalariesmartorell.org\/entre-tots\/wp-content\/uploads\/2025\/11\/image-25.png",2048,1536,false],"mailpoet_newsletter_max":["https:\/\/fundaciohospitalariesmartorell.org\/entre-tots\/wp-content\/uploads\/2025\/11\/image-25-1320x990.png",1320,990,true]},"post_excerpt_stackable_v2":"<p>L\u2019equip de la Unitat Integral de Recuperaci\u00f3 de Trastorns de la Conducta Aliment\u00e0ria (UIR-TCA) de la Fundaci\u00f3 Hospital\u00e0ries Martorell ha liderat una formaci\u00f3 dirigida a professionals hospitalaris i comunitaris que atenen pacients amb TCA de l\u2019Hospital Universitari de Bellvitge. El curs, celebrat aquest mes de novembre, ha abordat l\u2019intervenci\u00f3 al pacient amb TCA en els diferents recursos sanitaris, promovent una intervenci\u00f3 integral, coordinada i basada en l\u2019evid\u00e8ncia. Durant la formaci\u00f3 els i les assistents van poder con\u00e8ixer el model integral i esglaonat d\u2019intervenci\u00f3 en TCA, identificar els criteris diagn\u00f2stics i les eines per a la valoraci\u00f3 inicial i l\u2019elaboraci\u00f3 del&hellip;<\/p>\n","category_list_v2":"<a href=\"https:\/\/fundaciohospitalariesmartorell.org\/entre-tots\/category\/actualitat\/\" rel=\"category tag\">ACTUALITAT<\/a>","author_info_v2":{"name":"Martorell_comunicacio","url":"https:\/\/fundaciohospitalariesmartorell.org\/entre-tots\/author\/martorell_comunicacio\/"},"comments_num_v2":"0 comments","_links":{"self":[{"href":"https:\/\/fundaciohospitalariesmartorell.org\/entre-tots\/wp-json\/wp\/v2\/posts\/12288","targetHints":{"allow":["GET"]}}],"collection":[{"href":"https:\/\/fundaciohospitalariesmartorell.org\/entre-tots\/wp-json\/wp\/v2\/posts"}],"about":[{"href":"https:\/\/fundaciohospitalariesmartorell.org\/entre-tots\/wp-json\/wp\/v2\/types\/post"}],"author":[{"embeddable":true,"href":"https:\/\/fundaciohospitalariesmartorell.org\/entre-tots\/wp-json\/wp\/v2\/users\/6"}],"replies":[{"embeddable":true,"href":"https:\/\/fundaciohospitalariesmartorell.org\/entre-tots\/wp-json\/wp\/v2\/comments?post=12288"}],"version-history":[{"count":2,"href":"https:\/\/fundaciohospitalariesmartorell.org\/entre-tots\/wp-json\/wp\/v2\/posts\/12288\/revisions"}],"predecessor-version":[{"id":12295,"href":"https:\/\/fundaciohospitalariesmartorell.org\/entre-tots\/wp-json\/wp\/v2\/posts\/12288\/revisions\/12295"}],"wp:featuredmedia":[{"embeddable":true,"href":"https:\/\/fundaciohospitalariesmartorell.org\/entre-tots\/wp-json\/wp\/v2\/media\/12289"}],"wp:attachment":[{"href":"https:\/\/fundaciohospitalariesmartorell.org\/entre-tots\/wp-json\/wp\/v2\/media?parent=12288"}],"wp:term":[{"taxonomy":"category","embeddable":true,"href":"https:\/\/fundaciohospitalariesmartorell.org\/entre-tots\/wp-json\/wp\/v2\/categories?post=12288"},{"taxonomy":"post_tag","embeddable":true,"href":"https:\/\/fundaciohospitalariesmartorell.org\/entre-tots\/wp-json\/wp\/v2\/tags?post=12288"}],"curies":[{"name":"wp","href":"https:\/\/api.w.org\/{rel}","templated":true}]}}