{"id":12296,"date":"2025-11-24T13:32:05","date_gmt":"2025-11-24T12:32:05","guid":{"rendered":"https:\/\/fundaciohospitalariesmartorell.org\/entre-tots\/?p=12296"},"modified":"2025-11-24T14:48:18","modified_gmt":"2025-11-24T13:48:18","slug":"ens-afegeix-al-dia-per-a-leliminacio-de-la-violencia-contra-les-dones-amb-multiples-iniciatives","status":"publish","type":"post","link":"https:\/\/fundaciohospitalariesmartorell.org\/entre-tots\/2025\/11\/ens-afegeix-al-dia-per-a-leliminacio-de-la-violencia-contra-les-dones-amb-multiples-iniciatives\/","title":{"rendered":"Ens afegim al Dia per a l\u2019Eliminaci\u00f3 de la Viol\u00e8ncia contra les Dones amb m\u00faltiples iniciatives"},"content":{"rendered":"\n<p>En el marc del Dia Internacional per a l\u2019Eliminaci\u00f3 de la Viol\u00e8ncia contra les Dones, celebrat el dimarts 25 de novembre, des del nostre hospital hem volgut refermar novament el nostre comprom\u00eds en la lluita contra totes les formes de viol\u00e8ncia masclista. Una viol\u00e8ncia que continua afectant milions de dones arreu del m\u00f3n i que t\u00e9 conseq\u00fc\u00e8ncies profundes en la seva salut f\u00edsica i mental.<\/p>\n\n\n\n<h4 class=\"wp-block-heading\">Grup de treball &#8220;Salut Mental i Dona&#8221;<\/h4>\n\n\n\n<div class=\"wp-block-columns is-layout-flex wp-container-core-columns-is-layout-28f84493 wp-block-columns-is-layout-flex\">\n<div class=\"wp-block-column is-layout-flow wp-block-column-is-layout-flow\" style=\"flex-basis:50%\">\n<p>Des de la Fundaci\u00f3 Hospital\u00e0ries Martorell volem refor\u00e7ar la mirada amb perspectiva de g\u00e8nere en la pr\u00e0ctica assistencial i continuar treballant per oferir una atenci\u00f3 m\u00e9s segura, respectuosa, justa i igualit\u00e0ria.<\/p>\n\n\n\n<p> Conscients de la necessitat d\u2019abordar aquesta problem\u00e0tica des d\u2019un enfocament integral, s&#8217;ha creat el grup de treball <strong>\u201cSalut Mental i Dona\u201d<\/strong>, un espai interdisciplinari orientat a identificar necessitats espec\u00edfiques i millorar l\u2019acompanyament que oferim a les dones que atenem. Amb aquesta iniciativa, l\u2019hospital reafirma la seva voluntat d\u2019impulsar accions que contribueixin a una societat lliure de viol\u00e8ncies i amb una salut mental protegida i ben atesa per a totes les dones.<\/p>\n<\/div>\n\n\n\n<div class=\"wp-block-column is-layout-flow wp-block-column-is-layout-flow\" style=\"flex-basis:50%\">\n<figure class=\"wp-block-embed is-type-video is-provider-youtube wp-block-embed-youtube wp-embed-aspect-9-16 wp-has-aspect-ratio\"><div class=\"wp-block-embed__wrapper\">\n<iframe loading=\"lazy\" title=\"25N Dia Internacional per l\u2019Erradicaci\u00f3 de la Viol\u00e8ncia vers les Dones\" width=\"563\" height=\"1000\" src=\"https:\/\/www.youtube.com\/embed\/KeguCq2l848?feature=oembed\" frameborder=\"0\" allow=\"accelerometer; autoplay; clipboard-write; encrypted-media; gyroscope; picture-in-picture; web-share\" referrerpolicy=\"strict-origin-when-cross-origin\" allowfullscreen><\/iframe>\n<\/div><\/figure>\n<\/div>\n<\/div>\n\n\n\n<h4 class=\"wp-block-heading\"><strong>La Comissi\u00f3 d&#8217;Igualtat revisa i actualitza el Protocol d&#8217;actuaci\u00f3 per a l&#8217;atenci\u00f3 de casos de treballadores v\u00edctimes de viol\u00e8ncia masclista i viol\u00e8ncies sexuals<\/strong><\/h4>\n\n\n\n<p>La Comissi\u00f3 d&#8217;Igualtat de la FH Martorell&nbsp;ha revisat i actualitzat el Protocol d&#8217;actuaci\u00f3 per a l&#8217;atenci\u00f3 de casos de treballadores v\u00edctimes de viol\u00e8ncia masclista i viol\u00e8ncies sexuals, un document que ja es pot consultar a la Intranet i que s\u2019ha integrat en un \u00fanic arxiu&nbsp;que inclou tamb\u00e9 la Guia dels drets de les dones v\u00edctimes de viol\u00e8ncia de g\u00e8nere&nbsp;per facilitar-ne l\u2019acc\u00e9s i la consulta a tot el personal. Aquesta actualitzaci\u00f3 reitera el comprom\u00eds de la nostra instituci\u00f3 per continuar treballant per garantir espais de treball segurs, respectuosos i compromesos amb la protecci\u00f3 i assist\u00e8ncia de les treballadores d\u2019acord amb la legislaci\u00f3 vigent i el conveni col\u00b7lectiu.<\/p>\n\n\n\n<p>Per aix\u00f2, es demana la col\u00b7laboraci\u00f3 de tota la plantilla&nbsp;per garantir que aquests drets es puguin exercir de manera real i efectiva.<\/p>\n\n\n\n<h4 class=\"wp-block-heading\">Llacets liles per sensibilitzar al personal col\u00b7laborador<\/h4>\n\n\n\n<p>En el marc del projecte <a href=\"https:\/\/fundaciohospitalariesmartorell.org\/entre-tots\/2025\/10\/les-activitats-del-projecte-suport-al-voluntariat-enforteixen-els-vincles-entre-unitats-datencio-intermedia-i-tca\/\">Suport al Voluntariat<\/a>, que implica a les unitats d\u2019Atenci\u00f3 Interm\u00e8dia i TCA, es van realitzar llacets de color lila com a s\u00edmbol de conscienciaci\u00f3 i rebuig envers qualsevol forma de viol\u00e8ncia contra les dones. Aquests llacets, confeccionats amb la col\u00b7laboraci\u00f3 de persones usu\u00e0ries, es van  distribuir entre professionals amb l\u2019objectiu de visibilitzar el comprom\u00eds col\u00b7lectiu del centre amb aquesta causa. <\/p>\n\n\n\n<div class=\"wp-block-getwid-images-slider has-arrows-inside has-dots-inside has-images-center has-cropped-images\"><div class=\"wp-block-getwid-images-slider__wrapper\" data-effect=\"slide\" data-slides-show=\"1\" data-slides-show-laptop=\"1\" data-slides-show-tablet=\"1\" data-slides-show-mobile=\"1\" data-slides-scroll=\"1\" data-autoplay=\"false\" data-pause-hover=\"false\" data-autoplay-speed=\"6000\" data-infinite=\"true\" data-animation-speed=\"800\" data-center-mode=\"false\" data-variable-width=\"false\" data-arrows=\"inside\" data-dots=\"inside\" data-spacing=\"none\"><div class=\"wp-block-getwid-images-slider__item\"><figure><img loading=\"lazy\" decoding=\"async\" width=\"1599\" height=\"1271\" src=\"https:\/\/fundaciohospitalariesmartorell.org\/entre-tots\/wp-content\/uploads\/2025\/11\/image-29.png\" data-id=\"12300\" data-link=\"https:\/\/fundaciohospitalariesmartorell.org\/entre-tots\/?attachment_id=12300\" data-original-link=\"https:\/\/fundaciohospitalariesmartorell.org\/entre-tots\/wp-content\/uploads\/2025\/11\/image-29.png\" class=\"wp-block-getwid-images-slider__image wp-image-12300\" srcset=\"https:\/\/fundaciohospitalariesmartorell.org\/entre-tots\/wp-content\/uploads\/2025\/11\/image-29.png 1599w, https:\/\/fundaciohospitalariesmartorell.org\/entre-tots\/wp-content\/uploads\/2025\/11\/image-29-300x238.png 300w, https:\/\/fundaciohospitalariesmartorell.org\/entre-tots\/wp-content\/uploads\/2025\/11\/image-29-1024x814.png 1024w, https:\/\/fundaciohospitalariesmartorell.org\/entre-tots\/wp-content\/uploads\/2025\/11\/image-29-768x610.png 768w, https:\/\/fundaciohospitalariesmartorell.org\/entre-tots\/wp-content\/uploads\/2025\/11\/image-29-1536x1221.png 1536w, https:\/\/fundaciohospitalariesmartorell.org\/entre-tots\/wp-content\/uploads\/2025\/11\/image-29-1320x1049.png 1320w\" sizes=\"auto, (max-width: 1599px) 100vw, 1599px\" \/><\/figure><\/div><div class=\"wp-block-getwid-images-slider__item\"><figure><img loading=\"lazy\" decoding=\"async\" width=\"1600\" height=\"1200\" src=\"https:\/\/fundaciohospitalariesmartorell.org\/entre-tots\/wp-content\/uploads\/2025\/11\/image-30.png\" data-id=\"12301\" data-link=\"https:\/\/fundaciohospitalariesmartorell.org\/entre-tots\/?attachment_id=12301\" data-original-link=\"https:\/\/fundaciohospitalariesmartorell.org\/entre-tots\/wp-content\/uploads\/2025\/11\/image-30.png\" class=\"wp-block-getwid-images-slider__image wp-image-12301\" srcset=\"https:\/\/fundaciohospitalariesmartorell.org\/entre-tots\/wp-content\/uploads\/2025\/11\/image-30.png 1600w, https:\/\/fundaciohospitalariesmartorell.org\/entre-tots\/wp-content\/uploads\/2025\/11\/image-30-300x225.png 300w, https:\/\/fundaciohospitalariesmartorell.org\/entre-tots\/wp-content\/uploads\/2025\/11\/image-30-1024x768.png 1024w, https:\/\/fundaciohospitalariesmartorell.org\/entre-tots\/wp-content\/uploads\/2025\/11\/image-30-768x576.png 768w, https:\/\/fundaciohospitalariesmartorell.org\/entre-tots\/wp-content\/uploads\/2025\/11\/image-30-1536x1152.png 1536w, https:\/\/fundaciohospitalariesmartorell.org\/entre-tots\/wp-content\/uploads\/2025\/11\/image-30-1320x990.png 1320w\" sizes=\"auto, (max-width: 1600px) 100vw, 1600px\" \/><\/figure><\/div><\/div><\/div>\n\n\n\n<h4 class=\"wp-block-heading\">Performance a l&#8217;SRC Alt Pened\u00e8s<\/h4>\n\n\n\n<p>Des del SRC Alt Pened\u00e8s, les persones usu\u00e0ries del servei van voler mostrar el seu rebuig davant qualsevol forma de viol\u00e8ncia masclista. Per aquest motiu, van elaborar polseres liles com a s\u00edmbol de suport i de visibilitzaci\u00f3 de totes les v\u00edctimes. A m\u00e9s, van expressar aquest comprom\u00eds mitjan\u00e7ant una performance centrada en una <em>caixa lila<\/em>, que simbolitza el tancament i l\u2019a\u00efllament que moltes dones pateixen despr\u00e9s de viure situacions de viol\u00e8ncia. Amb aquesta acci\u00f3 art\u00edstica, van voler transmetre un missatge potent i d\u2019esperan\u00e7a:<br><strong>\u201cNo et tanquis, no callis a la caixa. Surt!\u201d<\/strong><\/p>\n\n\n\n<figure class=\"wp-block-image size-full\"><img loading=\"lazy\" decoding=\"async\" width=\"1007\" height=\"751\" src=\"https:\/\/fundaciohospitalariesmartorell.org\/entre-tots\/wp-content\/uploads\/2025\/11\/image-28.png\" alt=\"\" class=\"wp-image-12299\" srcset=\"https:\/\/fundaciohospitalariesmartorell.org\/entre-tots\/wp-content\/uploads\/2025\/11\/image-28.png 1007w, https:\/\/fundaciohospitalariesmartorell.org\/entre-tots\/wp-content\/uploads\/2025\/11\/image-28-300x224.png 300w, https:\/\/fundaciohospitalariesmartorell.org\/entre-tots\/wp-content\/uploads\/2025\/11\/image-28-768x573.png 768w\" sizes=\"auto, (max-width: 1007px) 100vw, 1007px\" \/><\/figure>\n","protected":false},"excerpt":{"rendered":"<p>En el marc del Dia Internacional per a l\u2019Eliminaci\u00f3 de la Viol\u00e8ncia contra les Dones, celebrat el dimarts 25 de novembre, des del nostre hospital hem volgut refermar novament el nostre comprom\u00eds en la lluita contra totes les formes de viol\u00e8ncia masclista. Una viol\u00e8ncia que continua afectant milions de dones arreu del m\u00f3n i que [&hellip;]<\/p>\n","protected":false},"author":6,"featured_media":12299,"comment_status":"closed","ping_status":"closed","sticky":false,"template":"","format":"standard","meta":{"footnotes":""},"categories":[27],"tags":[],"class_list":["post-12296","post","type-post","status-publish","format-standard","has-post-thumbnail","hentry","category-actualitat"],"blocksy_meta":[],"featured_image_urls_v2":{"full":["https:\/\/fundaciohospitalariesmartorell.org\/entre-tots\/wp-content\/uploads\/2025\/11\/image-28.png",1007,751,false],"thumbnail":["https:\/\/fundaciohospitalariesmartorell.org\/entre-tots\/wp-content\/uploads\/2025\/11\/image-28-150x150.png",150,150,true],"medium":["https:\/\/fundaciohospitalariesmartorell.org\/entre-tots\/wp-content\/uploads\/2025\/11\/image-28-300x224.png",300,224,true],"medium_large":["https:\/\/fundaciohospitalariesmartorell.org\/entre-tots\/wp-content\/uploads\/2025\/11\/image-28-768x573.png",768,573,true],"large":["https:\/\/fundaciohospitalariesmartorell.org\/entre-tots\/wp-content\/uploads\/2025\/11\/image-28.png",1007,751,false],"1536x1536":["https:\/\/fundaciohospitalariesmartorell.org\/entre-tots\/wp-content\/uploads\/2025\/11\/image-28.png",1007,751,false],"2048x2048":["https:\/\/fundaciohospitalariesmartorell.org\/entre-tots\/wp-content\/uploads\/2025\/11\/image-28.png",1007,751,false],"mailpoet_newsletter_max":["https:\/\/fundaciohospitalariesmartorell.org\/entre-tots\/wp-content\/uploads\/2025\/11\/image-28.png",1007,751,false]},"post_excerpt_stackable_v2":"<p>En el marc del Dia Internacional per a l\u2019Eliminaci\u00f3 de la Viol\u00e8ncia contra les Dones, celebrat el dimarts 25 de novembre, des del nostre hospital hem volgut refermar novament el nostre comprom\u00eds en la lluita contra totes les formes de viol\u00e8ncia masclista. Una viol\u00e8ncia que continua afectant milions de dones arreu del m\u00f3n i que t\u00e9 conseq\u00fc\u00e8ncies profundes en la seva salut f\u00edsica i mental. Grup de treball &#8220;Salut Mental i Dona&#8221; Des de la Fundaci\u00f3 Hospital\u00e0ries Martorell volem refor\u00e7ar la mirada amb perspectiva de g\u00e8nere en la pr\u00e0ctica assistencial i continuar treballant per oferir una atenci\u00f3 m\u00e9s segura, respectuosa,&hellip;<\/p>\n","category_list_v2":"<a href=\"https:\/\/fundaciohospitalariesmartorell.org\/entre-tots\/category\/actualitat\/\" rel=\"category tag\">ACTUALITAT<\/a>","author_info_v2":{"name":"Martorell_comunicacio","url":"https:\/\/fundaciohospitalariesmartorell.org\/entre-tots\/author\/martorell_comunicacio\/"},"comments_num_v2":"0 comments","_links":{"self":[{"href":"https:\/\/fundaciohospitalariesmartorell.org\/entre-tots\/wp-json\/wp\/v2\/posts\/12296","targetHints":{"allow":["GET"]}}],"collection":[{"href":"https:\/\/fundaciohospitalariesmartorell.org\/entre-tots\/wp-json\/wp\/v2\/posts"}],"about":[{"href":"https:\/\/fundaciohospitalariesmartorell.org\/entre-tots\/wp-json\/wp\/v2\/types\/post"}],"author":[{"embeddable":true,"href":"https:\/\/fundaciohospitalariesmartorell.org\/entre-tots\/wp-json\/wp\/v2\/users\/6"}],"replies":[{"embeddable":true,"href":"https:\/\/fundaciohospitalariesmartorell.org\/entre-tots\/wp-json\/wp\/v2\/comments?post=12296"}],"version-history":[{"count":4,"href":"https:\/\/fundaciohospitalariesmartorell.org\/entre-tots\/wp-json\/wp\/v2\/posts\/12296\/revisions"}],"predecessor-version":[{"id":12307,"href":"https:\/\/fundaciohospitalariesmartorell.org\/entre-tots\/wp-json\/wp\/v2\/posts\/12296\/revisions\/12307"}],"wp:featuredmedia":[{"embeddable":true,"href":"https:\/\/fundaciohospitalariesmartorell.org\/entre-tots\/wp-json\/wp\/v2\/media\/12299"}],"wp:attachment":[{"href":"https:\/\/fundaciohospitalariesmartorell.org\/entre-tots\/wp-json\/wp\/v2\/media?parent=12296"}],"wp:term":[{"taxonomy":"category","embeddable":true,"href":"https:\/\/fundaciohospitalariesmartorell.org\/entre-tots\/wp-json\/wp\/v2\/categories?post=12296"},{"taxonomy":"post_tag","embeddable":true,"href":"https:\/\/fundaciohospitalariesmartorell.org\/entre-tots\/wp-json\/wp\/v2\/tags?post=12296"}],"curies":[{"name":"wp","href":"https:\/\/api.w.org\/{rel}","templated":true}]}}