{"id":12319,"date":"2025-11-24T15:04:26","date_gmt":"2025-11-24T14:04:26","guid":{"rendered":"https:\/\/fundaciohospitalariesmartorell.org\/entre-tots\/?p=12319"},"modified":"2025-11-24T15:05:16","modified_gmt":"2025-11-24T14:05:16","slug":"disponible-la-primera-memoria-de-responsabilitat-social-corporativa-de-la-fh-martorell","status":"publish","type":"post","link":"https:\/\/fundaciohospitalariesmartorell.org\/entre-tots\/2025\/11\/disponible-la-primera-memoria-de-responsabilitat-social-corporativa-de-la-fh-martorell\/","title":{"rendered":"Disponible la primera Mem\u00f2ria de Responsabilitat Social Corporativa de la FH Martorell"},"content":{"rendered":"\n<figure class=\"wp-block-image size-large\"><a href=\"https:\/\/fundaciohospitalariesmartorell.org\/wp-content\/uploads\/2025\/11\/Memo_RSI_2024_MARTORELL_CAT.pdf\"><img loading=\"lazy\" decoding=\"async\" width=\"1024\" height=\"566\" src=\"https:\/\/fundaciohospitalariesmartorell.org\/entre-tots\/wp-content\/uploads\/2025\/11\/image-37-1024x566.png\" alt=\"\" class=\"wp-image-12322\" srcset=\"https:\/\/fundaciohospitalariesmartorell.org\/entre-tots\/wp-content\/uploads\/2025\/11\/image-37-1024x566.png 1024w, https:\/\/fundaciohospitalariesmartorell.org\/entre-tots\/wp-content\/uploads\/2025\/11\/image-37-300x166.png 300w, https:\/\/fundaciohospitalariesmartorell.org\/entre-tots\/wp-content\/uploads\/2025\/11\/image-37-768x425.png 768w, https:\/\/fundaciohospitalariesmartorell.org\/entre-tots\/wp-content\/uploads\/2025\/11\/image-37-1320x730.png 1320w, https:\/\/fundaciohospitalariesmartorell.org\/entre-tots\/wp-content\/uploads\/2025\/11\/image-37.png 1403w\" sizes=\"auto, (max-width: 1024px) 100vw, 1024px\" \/><\/a><\/figure>\n\n\n\n<p>La Fundaci\u00f3 Hospital\u00e0ries Martorell ha publicat la seva primera <a href=\"https:\/\/fundaciohospitalariesmartorell.org\/wp-content\/uploads\/2025\/11\/Memo_RSI_2024_MARTORELL_CAT.pdf\">Mem\u00f2ria de Responsabilitat Social Corporativa (RSC)<\/a>, corresponent al per\u00edode gener-desembre de 2024, en qu\u00e8 l\u2019entitat encara operava com a <em>Hospital Sagrat Cor de Martorell de les Germanes Hospital\u00e0ries<\/em>. Aquest document neix amb la voluntat d\u2019oferir una visi\u00f3 clara i fidel del comprom\u00eds de la instituci\u00f3 amb el desenvolupament sostenible, aix\u00ed com de la seva capacitat per afrontar els reptes socials, ambientals i econ\u00f2mics de l\u2019entorn.<\/p>\n\n\n\n<p>Aquesta primera Mem\u00f2ria permet situar el focus en els temes que la Fundaci\u00f3 considera prioritaris, tant per a la pr\u00f2pia organitzaci\u00f3 com per als seus principals grups d\u2019inter\u00e8s. Per a la seva elaboraci\u00f3, s\u2019han seguit metodologies reconegudes en l\u2019\u00e0mbit de la responsabilitat social, com ara els est\u00e0ndards GRI (Global Reporting Initiative).<\/p>\n\n\n\n<p>El contingut s\u2019estructura tenint en compte la materialitat i l\u2019impacte envers els diferents grups d\u2019inter\u00e8s de la instituci\u00f3: persones usu\u00e0ries, personal col\u00b7laborador, societat, aliances i prove\u00efdors.<\/p>\n\n\n\n<p>La Fundaci\u00f3 Hospital\u00e0ries Martorell reafirma aix\u00ed la seva voluntat de contribuir al progr\u00e9s social, ambiental i econ\u00f2mic del territori, alineant-se amb l\u2019esperit de l\u2019Agenda Global 2030 i els Objectius de Desenvolupament Sostenible (ODS) de les Nacions Unides.<\/p>\n\n\n\n<p>Aquesta primera Mem\u00f2ria suposa l\u2019inici d\u2019un comprom\u00eds ferm, transparent i renovat amb la sostenibilitat i el benestar de totes les persones que formen part del projecte i del seu entorn.<\/p>\n","protected":false},"excerpt":{"rendered":"<p>La Fundaci\u00f3 Hospital\u00e0ries Martorell ha publicat la seva primera Mem\u00f2ria de Responsabilitat Social Corporativa (RSC), corresponent al per\u00edode gener-desembre de 2024, en qu\u00e8 l\u2019entitat encara operava com a Hospital Sagrat Cor de Martorell de les Germanes Hospital\u00e0ries. Aquest document neix amb la voluntat d\u2019oferir una visi\u00f3 clara i fidel del comprom\u00eds de la instituci\u00f3 amb [&hellip;]<\/p>\n","protected":false},"author":6,"featured_media":12322,"comment_status":"closed","ping_status":"closed","sticky":false,"template":"","format":"standard","meta":{"footnotes":""},"categories":[27],"tags":[],"class_list":["post-12319","post","type-post","status-publish","format-standard","has-post-thumbnail","hentry","category-actualitat"],"blocksy_meta":[],"featured_image_urls_v2":{"full":["https:\/\/fundaciohospitalariesmartorell.org\/entre-tots\/wp-content\/uploads\/2025\/11\/image-37.png",1403,776,false],"thumbnail":["https:\/\/fundaciohospitalariesmartorell.org\/entre-tots\/wp-content\/uploads\/2025\/11\/image-37-150x150.png",150,150,true],"medium":["https:\/\/fundaciohospitalariesmartorell.org\/entre-tots\/wp-content\/uploads\/2025\/11\/image-37-300x166.png",300,166,true],"medium_large":["https:\/\/fundaciohospitalariesmartorell.org\/entre-tots\/wp-content\/uploads\/2025\/11\/image-37-768x425.png",768,425,true],"large":["https:\/\/fundaciohospitalariesmartorell.org\/entre-tots\/wp-content\/uploads\/2025\/11\/image-37-1024x566.png",1024,566,true],"1536x1536":["https:\/\/fundaciohospitalariesmartorell.org\/entre-tots\/wp-content\/uploads\/2025\/11\/image-37.png",1403,776,false],"2048x2048":["https:\/\/fundaciohospitalariesmartorell.org\/entre-tots\/wp-content\/uploads\/2025\/11\/image-37.png",1403,776,false],"mailpoet_newsletter_max":["https:\/\/fundaciohospitalariesmartorell.org\/entre-tots\/wp-content\/uploads\/2025\/11\/image-37-1320x730.png",1320,730,true]},"post_excerpt_stackable_v2":"<p>La Fundaci\u00f3 Hospital\u00e0ries Martorell ha publicat la seva primera Mem\u00f2ria de Responsabilitat Social Corporativa (RSC), corresponent al per\u00edode gener-desembre de 2024, en qu\u00e8 l\u2019entitat encara operava com a Hospital Sagrat Cor de Martorell de les Germanes Hospital\u00e0ries. Aquest document neix amb la voluntat d\u2019oferir una visi\u00f3 clara i fidel del comprom\u00eds de la instituci\u00f3 amb el desenvolupament sostenible, aix\u00ed com de la seva capacitat per afrontar els reptes socials, ambientals i econ\u00f2mics de l\u2019entorn. Aquesta primera Mem\u00f2ria permet situar el focus en els temes que la Fundaci\u00f3 considera prioritaris, tant per a la pr\u00f2pia organitzaci\u00f3 com per als seus principals&hellip;<\/p>\n","category_list_v2":"<a href=\"https:\/\/fundaciohospitalariesmartorell.org\/entre-tots\/category\/actualitat\/\" rel=\"category tag\">ACTUALITAT<\/a>","author_info_v2":{"name":"Martorell_comunicacio","url":"https:\/\/fundaciohospitalariesmartorell.org\/entre-tots\/author\/martorell_comunicacio\/"},"comments_num_v2":"0 comments","_links":{"self":[{"href":"https:\/\/fundaciohospitalariesmartorell.org\/entre-tots\/wp-json\/wp\/v2\/posts\/12319","targetHints":{"allow":["GET"]}}],"collection":[{"href":"https:\/\/fundaciohospitalariesmartorell.org\/entre-tots\/wp-json\/wp\/v2\/posts"}],"about":[{"href":"https:\/\/fundaciohospitalariesmartorell.org\/entre-tots\/wp-json\/wp\/v2\/types\/post"}],"author":[{"embeddable":true,"href":"https:\/\/fundaciohospitalariesmartorell.org\/entre-tots\/wp-json\/wp\/v2\/users\/6"}],"replies":[{"embeddable":true,"href":"https:\/\/fundaciohospitalariesmartorell.org\/entre-tots\/wp-json\/wp\/v2\/comments?post=12319"}],"version-history":[{"count":1,"href":"https:\/\/fundaciohospitalariesmartorell.org\/entre-tots\/wp-json\/wp\/v2\/posts\/12319\/revisions"}],"predecessor-version":[{"id":12323,"href":"https:\/\/fundaciohospitalariesmartorell.org\/entre-tots\/wp-json\/wp\/v2\/posts\/12319\/revisions\/12323"}],"wp:featuredmedia":[{"embeddable":true,"href":"https:\/\/fundaciohospitalariesmartorell.org\/entre-tots\/wp-json\/wp\/v2\/media\/12322"}],"wp:attachment":[{"href":"https:\/\/fundaciohospitalariesmartorell.org\/entre-tots\/wp-json\/wp\/v2\/media?parent=12319"}],"wp:term":[{"taxonomy":"category","embeddable":true,"href":"https:\/\/fundaciohospitalariesmartorell.org\/entre-tots\/wp-json\/wp\/v2\/categories?post=12319"},{"taxonomy":"post_tag","embeddable":true,"href":"https:\/\/fundaciohospitalariesmartorell.org\/entre-tots\/wp-json\/wp\/v2\/tags?post=12319"}],"curies":[{"name":"wp","href":"https:\/\/api.w.org\/{rel}","templated":true}]}}