{"id":12324,"date":"2025-11-26T08:32:51","date_gmt":"2025-11-26T07:32:51","guid":{"rendered":"https:\/\/fundaciohospitalariesmartorell.org\/entre-tots\/?p=12324"},"modified":"2025-11-26T08:33:06","modified_gmt":"2025-11-26T07:33:06","slug":"el-dr-alfredo-calcedo-analitza-els-reptes-clinics-i-legals-de-la-capacitat-en-el-deteriorament-cognitiu-a-lobertura-del-master-de-psicogeriatria","status":"publish","type":"post","link":"https:\/\/fundaciohospitalariesmartorell.org\/entre-tots\/2025\/11\/el-dr-alfredo-calcedo-analitza-els-reptes-clinics-i-legals-de-la-capacitat-en-el-deteriorament-cognitiu-a-lobertura-del-master-de-psicogeriatria\/","title":{"rendered":"El Dr. Alfredo Calcedo analitza els reptes cl\u00ednics i legals de la capacitat en el deteriorament cognitiu a l\u2019obertura del M\u00e0ster de Psicogeriatria"},"content":{"rendered":"\n<figure class=\"wp-block-image size-full\"><img loading=\"lazy\" decoding=\"async\" width=\"895\" height=\"596\" src=\"https:\/\/fundaciohospitalariesmartorell.org\/entre-tots\/wp-content\/uploads\/2025\/11\/image-38.png\" alt=\"\" class=\"wp-image-12325\" srcset=\"https:\/\/fundaciohospitalariesmartorell.org\/entre-tots\/wp-content\/uploads\/2025\/11\/image-38.png 895w, https:\/\/fundaciohospitalariesmartorell.org\/entre-tots\/wp-content\/uploads\/2025\/11\/image-38-300x200.png 300w, https:\/\/fundaciohospitalariesmartorell.org\/entre-tots\/wp-content\/uploads\/2025\/11\/image-38-768x511.png 768w\" sizes=\"auto, (max-width: 895px) 100vw, 895px\" \/><\/figure>\n\n\n\n<p>El passat 31 d\u2019octubre es va celebrar la inauguraci\u00f3 del segon curs de l\u2019actual 24a edici\u00f3 del M\u00e0ster de Psicogeriatria, programa que Fundaci\u00f3 Hospital\u00e0ries Martorell desenvolupa des de 1998 en col\u00b7laboraci\u00f3 amb el Departament de Psiquiatria i Medicina Legal de la Universitat Aut\u00f2noma de Barcelona.<\/p>\n\n\n\n<p>La lli\u00e7\u00f3 inaugural del curs acad\u00e8mic 2025\u20132026 va ser impartida pel Dr. Alfredo Calcedo Barba, psiquiatre de l\u2019Hospital General Universitario Gregorio Mara\u00f1\u00f3n (Madrid), professor titular de la Universitat Complutense i director del M\u00e0ster de Psiquiatria Legal de la mateixa instituci\u00f3, un dels programes referents en aquesta disciplina l&#8217;\u00e0mbit estatal.<\/p>\n\n\n\n<p>En la seva intervenci\u00f3, titulada <strong>\u201cCapacidad, derechos del paciente y deterioro cognitivo\u201d<\/strong>, el Dr. Calcedo va oferir una an\u00e0lisi rigorosa de les interseccions entre deteriorament cognitiu, compet\u00e8ncia decisional i marc jur\u00eddic vigent. La pon\u00e8ncia va abordar q\u00fcestions clau com l\u2019avaluaci\u00f3 cl\u00ednica de la capacitat, els criteris bio\u00e8tics aplicats a la presa de decisions en pacients vulnerables, i les implicacions legals que deriven de l\u2019evoluci\u00f3 normativa en l\u2019\u00e0mbit de la discapacitat i l\u2019autonomia personal. Es tracta d\u2019un conjunt de problem\u00e0tiques de gran rellev\u00e0ncia en l\u2019exercici diari de la psicogeriatria, on conflueixen cada vegada m\u00e9s els reptes cl\u00ednics, \u00e8tics i jurisprudencials associats a l\u2019envelliment de la poblaci\u00f3.<\/p>\n\n\n\n<p>La sessi\u00f3 va comptar amb la pres\u00e8ncia virtual de la major part dels 80 estudiants inscrits en l\u2019edici\u00f3 actual, procedents de diverses comunitats i pa\u00efsos. L\u2019inter\u00e8s generat per la tem\u00e0tica es va reflectir en una participaci\u00f3 final especialment activa, amb nombroses q\u00fcestions plantejades al ponent, que va ampliar la sessi\u00f3 per donar resposta detallada a les inquietuds dels assistents i aprofundir en aspectes t\u00e8cnics complementaris.<\/p>\n\n\n\n<p><\/p>\n","protected":false},"excerpt":{"rendered":"<p>El passat 31 d\u2019octubre es va celebrar la inauguraci\u00f3 del segon curs de l\u2019actual 24a edici\u00f3 del M\u00e0ster de Psicogeriatria, programa que Fundaci\u00f3 Hospital\u00e0ries Martorell desenvolupa des de 1998 en col\u00b7laboraci\u00f3 amb el Departament de Psiquiatria i Medicina Legal de la Universitat Aut\u00f2noma de Barcelona. La lli\u00e7\u00f3 inaugural del curs acad\u00e8mic 2025\u20132026 va ser impartida [&hellip;]<\/p>\n","protected":false},"author":6,"featured_media":12325,"comment_status":"closed","ping_status":"","sticky":false,"template":"","format":"standard","meta":{"footnotes":""},"categories":[27],"tags":[],"class_list":["post-12324","post","type-post","status-publish","format-standard","has-post-thumbnail","hentry","category-actualitat"],"blocksy_meta":[],"featured_image_urls_v2":{"full":["https:\/\/fundaciohospitalariesmartorell.org\/entre-tots\/wp-content\/uploads\/2025\/11\/image-38.png",895,596,false],"thumbnail":["https:\/\/fundaciohospitalariesmartorell.org\/entre-tots\/wp-content\/uploads\/2025\/11\/image-38-150x150.png",150,150,true],"medium":["https:\/\/fundaciohospitalariesmartorell.org\/entre-tots\/wp-content\/uploads\/2025\/11\/image-38-300x200.png",300,200,true],"medium_large":["https:\/\/fundaciohospitalariesmartorell.org\/entre-tots\/wp-content\/uploads\/2025\/11\/image-38-768x511.png",768,511,true],"large":["https:\/\/fundaciohospitalariesmartorell.org\/entre-tots\/wp-content\/uploads\/2025\/11\/image-38.png",895,596,false],"1536x1536":["https:\/\/fundaciohospitalariesmartorell.org\/entre-tots\/wp-content\/uploads\/2025\/11\/image-38.png",895,596,false],"2048x2048":["https:\/\/fundaciohospitalariesmartorell.org\/entre-tots\/wp-content\/uploads\/2025\/11\/image-38.png",895,596,false],"mailpoet_newsletter_max":["https:\/\/fundaciohospitalariesmartorell.org\/entre-tots\/wp-content\/uploads\/2025\/11\/image-38.png",895,596,false]},"post_excerpt_stackable_v2":"<p>El passat 31 d\u2019octubre es va celebrar la inauguraci\u00f3 del segon curs de l\u2019actual 24a edici\u00f3 del M\u00e0ster de Psicogeriatria, programa que Fundaci\u00f3 Hospital\u00e0ries Martorell desenvolupa des de 1998 en col\u00b7laboraci\u00f3 amb el Departament de Psiquiatria i Medicina Legal de la Universitat Aut\u00f2noma de Barcelona. La lli\u00e7\u00f3 inaugural del curs acad\u00e8mic 2025\u20132026 va ser impartida pel Dr. Alfredo Calcedo Barba, psiquiatre de l\u2019Hospital General Universitario Gregorio Mara\u00f1\u00f3n (Madrid), professor titular de la Universitat Complutense i director del M\u00e0ster de Psiquiatria Legal de la mateixa instituci\u00f3, un dels programes referents en aquesta disciplina l&#8217;\u00e0mbit estatal. En la seva intervenci\u00f3, titulada \u201cCapacidad,&hellip;<\/p>\n","category_list_v2":"<a href=\"https:\/\/fundaciohospitalariesmartorell.org\/entre-tots\/category\/actualitat\/\" rel=\"category tag\">ACTUALITAT<\/a>","author_info_v2":{"name":"Martorell_comunicacio","url":"https:\/\/fundaciohospitalariesmartorell.org\/entre-tots\/author\/martorell_comunicacio\/"},"comments_num_v2":"0 comments","_links":{"self":[{"href":"https:\/\/fundaciohospitalariesmartorell.org\/entre-tots\/wp-json\/wp\/v2\/posts\/12324","targetHints":{"allow":["GET"]}}],"collection":[{"href":"https:\/\/fundaciohospitalariesmartorell.org\/entre-tots\/wp-json\/wp\/v2\/posts"}],"about":[{"href":"https:\/\/fundaciohospitalariesmartorell.org\/entre-tots\/wp-json\/wp\/v2\/types\/post"}],"author":[{"embeddable":true,"href":"https:\/\/fundaciohospitalariesmartorell.org\/entre-tots\/wp-json\/wp\/v2\/users\/6"}],"replies":[{"embeddable":true,"href":"https:\/\/fundaciohospitalariesmartorell.org\/entre-tots\/wp-json\/wp\/v2\/comments?post=12324"}],"version-history":[{"count":1,"href":"https:\/\/fundaciohospitalariesmartorell.org\/entre-tots\/wp-json\/wp\/v2\/posts\/12324\/revisions"}],"predecessor-version":[{"id":12326,"href":"https:\/\/fundaciohospitalariesmartorell.org\/entre-tots\/wp-json\/wp\/v2\/posts\/12324\/revisions\/12326"}],"wp:featuredmedia":[{"embeddable":true,"href":"https:\/\/fundaciohospitalariesmartorell.org\/entre-tots\/wp-json\/wp\/v2\/media\/12325"}],"wp:attachment":[{"href":"https:\/\/fundaciohospitalariesmartorell.org\/entre-tots\/wp-json\/wp\/v2\/media?parent=12324"}],"wp:term":[{"taxonomy":"category","embeddable":true,"href":"https:\/\/fundaciohospitalariesmartorell.org\/entre-tots\/wp-json\/wp\/v2\/categories?post=12324"},{"taxonomy":"post_tag","embeddable":true,"href":"https:\/\/fundaciohospitalariesmartorell.org\/entre-tots\/wp-json\/wp\/v2\/tags?post=12324"}],"curies":[{"name":"wp","href":"https:\/\/api.w.org\/{rel}","templated":true}]}}