{"id":12331,"date":"2025-11-27T12:01:42","date_gmt":"2025-11-27T11:01:42","guid":{"rendered":"https:\/\/fundaciohospitalariesmartorell.org\/entre-tots\/?p=12331"},"modified":"2025-11-27T12:01:42","modified_gmt":"2025-11-27T11:01:42","slug":"fundacio-hospitalaries-participa-al-congres-internacional-de-wemind-amb-lavantguarda-de-la-psicogeriatria","status":"publish","type":"post","link":"https:\/\/fundaciohospitalariesmartorell.org\/entre-tots\/2025\/11\/fundacio-hospitalaries-participa-al-congres-internacional-de-wemind-amb-lavantguarda-de-la-psicogeriatria\/","title":{"rendered":"Fundaci\u00f3 Hospital\u00e0ries participa al congr\u00e9s internacional de WeMind amb l\u2019avantguarda de la psicogeriatria"},"content":{"rendered":"\n<figure class=\"wp-block-image size-large\"><img loading=\"lazy\" decoding=\"async\" width=\"1024\" height=\"768\" src=\"https:\/\/fundaciohospitalariesmartorell.org\/entre-tots\/wp-content\/uploads\/2025\/11\/image-39-1024x768.png\" alt=\"\" class=\"wp-image-12332\" srcset=\"https:\/\/fundaciohospitalariesmartorell.org\/entre-tots\/wp-content\/uploads\/2025\/11\/image-39-1024x768.png 1024w, https:\/\/fundaciohospitalariesmartorell.org\/entre-tots\/wp-content\/uploads\/2025\/11\/image-39-300x225.png 300w, https:\/\/fundaciohospitalariesmartorell.org\/entre-tots\/wp-content\/uploads\/2025\/11\/image-39-768x576.png 768w, https:\/\/fundaciohospitalariesmartorell.org\/entre-tots\/wp-content\/uploads\/2025\/11\/image-39-1536x1152.png 1536w, https:\/\/fundaciohospitalariesmartorell.org\/entre-tots\/wp-content\/uploads\/2025\/11\/image-39-1320x990.png 1320w, https:\/\/fundaciohospitalariesmartorell.org\/entre-tots\/wp-content\/uploads\/2025\/11\/image-39.png 1920w\" sizes=\"auto, (max-width: 1024px) 100vw, 1024px\" \/><\/figure>\n\n\n\n<p>Els professionals de la Fundaci\u00f3 Hospital\u00e0ries van participar el passat 26 de novembre en el WeMind International F\u00f2rum dedicat a la neurologia, la longevitat i la salut mental. El Dr. Jes\u00fas Vaquero, Director d\u2019Atenci\u00f3 Interm\u00e8dia i Psicogeriatria de la Fundaci\u00f3n Hospital\u00e0ries Sant Boi, el Dr. Juan Carlos Cejudo, Coordinador de la Unitat de Deteriorament Cognitiu i Dem\u00e8ncies de la Fundaci\u00f3 Hospital\u00e0ries Martorell i la Dra. Anna Oliv\u00e9, Coordinadora de l\u2019\u00c0rea d\u2019hospitalitzaci\u00f3 de Psicogeriatria de Fundaci\u00f3 Hospital\u00e0ries Barcelona Nord, van presentar un panell d\u2019experts en psicogeriatria amb el t\u00edtol de: <strong>\u201cQuan l\u2019espai cuida i la ci\u00e8ncia prev\u00e9: la nova realitat de la psicogeriatria\u201d<\/strong>. Van centrar aquesta presentaci\u00f3 en diferents innovacions per a prevenir, detectar, diagnosticar i tractar a les persones amb diferents deterioraments cognitius combinant tractaments convencionals, noves ter\u00e0pies i la inclusi\u00f3 de l\u2019espai terap\u00e8utic i d\u2019humanitzaci\u00f3. <\/p>\n\n\n\n<blockquote class=\"wp-block-quote is-layout-flow wp-block-quote-is-layout-flow\">\n<p>\u201cL\u2019envelliment de la poblaci\u00f3 ens obliga a plantejar nous models predictius, tecnol\u00f2gics i humans i, en aquest plantejament, la Fundaci\u00f3 Hospital\u00e0ries t\u00e9 molt a aportar donat que, amb una hist\u00f2ria de m\u00e9s de 145 anys, comparteix els valors de la hospitalitat, l\u2019\u00e8tica, la ci\u00e8ncia, la qualitat i la innovaci\u00f3\u201d, va  comentar el Dr. Jes\u00fas Vaquero al iniciar la sessi\u00f3.<\/p>\n<\/blockquote>\n\n\n\n<h5 class=\"wp-block-heading\">Ulleres de realitat o com incloure la tecnologia donants suport als tractaments tradicionals.<\/h5>\n\n\n\n<p>El Dr. Jes\u00fas Vaquero va presentar el projecte pilot d\u2019implantaci\u00f3 d\u2019ulleres virtuals que s\u2019est\u00e0 duent a terme des de gener de 2025 a l\u2019Hospital de Dia de Psicogeriatria de la Fundaci\u00f3 Hospital\u00e0ries Sant Boi. Els usuaris i usu\u00e0ries, persones de m\u00e9s de 60 anys amb un deteriorament cognitiu lleu, acudeixen 2-3 cops a la setmana durant 6 mesos per realitzar sessions de realitat virtual amb ulleres immersives. Aquesta ter\u00e0pia, que est\u00e0 tenint molt \u00e8xit entre els usuaris, es combina amb les diferents ter\u00e0pies tradicionals: recursos de cura di\u00e0ria, musicoter\u00e0pia, psicomotricitat, estimulaci\u00f3 cognitiva convencional i orientaci\u00f3 a la realitat.<\/p>\n\n\n\n<p>\u201cL\u2019estudi pilot s\u2019emmarca en una realitat actual en que encara no existeix gran evid\u00e8ncia cient\u00edfica internacional sobre l\u2019\u00fas d\u2019ulleres virtuals per a estimular cognitivament\u201d, va explicar Vaquero, \u201cper\u00f2 els resultats preliminars son prometedors. S\u2019ha detectat una significaci\u00f3 en estimulaci\u00f3 cognitiva i tamb\u00e9 en millora de la qualitat de vida\u201d.<\/p>\n\n\n\n<h5 class=\"wp-block-heading\">L\u2019Alzheimer o el canvi de paradigma actual que signifiquen la necessitat de canvis assistencials<\/h5>\n\n\n\n<p>El Dr. Juan Carlos Cejudo va compartir la traject\u00f2ria en el tractament de l\u2019Alzheimer i la revoluci\u00f3 cient\u00edfica i assistencial que els pacients estan vivint actualment aix\u00ed com els reptes que es presenten en el futur. La implementaci\u00f3 d\u2019estudis i diagn\u00f2stics basats en biomarcadors i els tractaments amb anticossos monoclonals han revolucionat el present i futur de l\u2019Alzheimer. \u201cAquests reptes ens estan portant a la medicina personalitzada. En els darrersanys han aparegut dos anticossos monoclonals revolucionaris que comporten millora cl\u00ednica i funcional dels pacients\u201d, va explicar Cejudo.<\/p>\n\n\n\n<blockquote class=\"wp-block-quote is-layout-flow wp-block-quote-is-layout-flow\">\n<p>\u201cActualment \u00e9s imprescindible adaptar els sistemes assistencials. Hem de fer canvis en Atenci\u00f3 prim\u00e0ria, en diagn\u00f2stic&#8230; Actualment hi ha 182 assajos cl\u00ednics amb 138 f\u00e0rmacs diferents arreu del m\u00f3n per a l\u2019Alzheimer. Es pot dir que \u00e9s una de les malalties m\u00e9s investigades del m\u00f3n. Hem de poder canviar el paradigma d\u2019una malaltia irreversible i gaireb\u00e9 intractable amb un futur prometedor\u201d. <\/p>\n<\/blockquote>\n\n\n\n<p>L\u2019equip del Dr. Juan Carlos Cejudo de la Unitat de Dem\u00e8ncies de Fundaci\u00f3 Hospital\u00e0ries Martorell, juntament amb el Departament de Bioqu\u00edmica i Gen\u00e8tica de l\u2019Hospital Cl\u00ednic de Barcelona, han presentat recentment un estudi sobre l\u2019\u00fas d\u2019immunoassajos automatitzats en l\u00edquid cefalorraquidi en el que han pogut diagnosticar l\u2019Alzheimer a m\u00e9s del 80% dels pacients amb nom\u00e9s una mostra de plasma.<\/p>\n\n\n\n<figure class=\"wp-block-image size-large\"><img loading=\"lazy\" decoding=\"async\" width=\"1024\" height=\"768\" src=\"https:\/\/fundaciohospitalariesmartorell.org\/entre-tots\/wp-content\/uploads\/2025\/11\/image-40-1024x768.png\" alt=\"\" class=\"wp-image-12333\" srcset=\"https:\/\/fundaciohospitalariesmartorell.org\/entre-tots\/wp-content\/uploads\/2025\/11\/image-40-1024x768.png 1024w, https:\/\/fundaciohospitalariesmartorell.org\/entre-tots\/wp-content\/uploads\/2025\/11\/image-40-300x225.png 300w, https:\/\/fundaciohospitalariesmartorell.org\/entre-tots\/wp-content\/uploads\/2025\/11\/image-40-768x576.png 768w, https:\/\/fundaciohospitalariesmartorell.org\/entre-tots\/wp-content\/uploads\/2025\/11\/image-40-1536x1152.png 1536w, https:\/\/fundaciohospitalariesmartorell.org\/entre-tots\/wp-content\/uploads\/2025\/11\/image-40-1320x990.png 1320w, https:\/\/fundaciohospitalariesmartorell.org\/entre-tots\/wp-content\/uploads\/2025\/11\/image-40.png 1920w\" sizes=\"auto, (max-width: 1024px) 100vw, 1024px\" \/><\/figure>\n\n\n\n<h5 class=\"wp-block-heading\">EL CAIIB o el futur de l\u2019atenci\u00f3 personalitzada i integral en Atenci\u00f3 interm\u00e8dia<\/h5>\n\n\n\n<p>La Dra. Anna Oliv\u00e9 va compartir el disseny del nou edifici CAIIB Jord\u00e0, un nou equipament d\u2019hospitalitzaci\u00f3 en Atenci\u00f3 Interm\u00e8dia de la Fundaci\u00f3 Hospital\u00e0ries Barcelona Nord que es posar\u00e0 en marxa molt properament. Un dels objectius d\u2019aquest nou recurs \u00e9s evitar l\u2019anada a urg\u00e8ncies de persones que estan en resid\u00e8ncies per a persones grans. La singularitat d\u2019aquest nou hospital \u00e9s precisament atendre situacions agudes o delicades dels pacients en resid\u00e8ncies en un entorns especialitzat i dedicat a la complexitat d\u2019aquests casos: persones grans, fr\u00e0gils, amb diferents patologies, deteriorament cognitiu, etc&#8230; <\/p>\n\n\n\n<p>Fa 3 anys es va comen\u00e7ar una prova pilot amb l\u2019equip de la Dra. Oliv\u00e9, el CAP de Sant Rafael i la Fundaci\u00f3 Alb\u00e0 que ha desembocat en aquesta assist\u00e8ncia especialitzada i r\u00e0pida. \u201cEs tracta de la integraci\u00f3 de l\u2019Atenci\u00f3 Interm\u00e8dia amb l\u2019Atenci\u00f3 Prim\u00e0ria i les residencies\u201d, va explicar la Dra. Oliv\u00e9. \u201cEl nou centre, dissenyat per l\u2019estudi d\u2019aquitectura especialitzat en sanitat Vitaller, presenta un edifici c\u00e0lid, amable i sostenible de m\u00e9s de 6.700 m2 que acabar\u00e0 poden oferir m\u00e9s de 120 llits. L\u2019ambient tamb\u00e9 \u00e9s terap\u00e8utic ja que s\u2019ha dissenyat tot, especialment les habitacions, de manera que l\u2019espai tamb\u00e9 ajudi a reduir l\u2019estr\u00e8s , l\u2019ansietat, el consum de medicaci\u00f3 i el temps d\u2019ingr\u00e9s\u201d.<\/p>\n\n\n\n<p>Daniel D\u00fcgic, de l\u2019empresa The Mother Trees va intervenir per presentar el CAAIB Jord\u00e0 Innovation Lab, un laboratori viu d\u2019innovaci\u00f3 que s\u2019integra en el nou centre per a compartir coneixement i desenvolupar eines entre els professionals assistencials, l\u2019empresa tecnol\u00f2gica, les farmac\u00e8utiques i les startups. \u201cJa hem provat la monitoritzaci\u00f3 de constants vitals i detecci\u00f3 de caigudes amb sensors i en el futur podrem crear solucions innovadores com testejar la glucosa sense punxades o dissenyar entorns intel\u00b7ligents\u201d va explicar D\u00fcgic. \u201cCAIIB \u00e9s un espai ideal per innovar en salut digital, IA, dispositius m\u00e8dics\u201d.<\/p>\n\n\n\n<figure class=\"wp-block-image size-large\"><img loading=\"lazy\" decoding=\"async\" width=\"1024\" height=\"768\" src=\"https:\/\/fundaciohospitalariesmartorell.org\/entre-tots\/wp-content\/uploads\/2025\/11\/image-41-1024x768.png\" alt=\"\" class=\"wp-image-12334\" srcset=\"https:\/\/fundaciohospitalariesmartorell.org\/entre-tots\/wp-content\/uploads\/2025\/11\/image-41-1024x768.png 1024w, https:\/\/fundaciohospitalariesmartorell.org\/entre-tots\/wp-content\/uploads\/2025\/11\/image-41-300x225.png 300w, https:\/\/fundaciohospitalariesmartorell.org\/entre-tots\/wp-content\/uploads\/2025\/11\/image-41-768x576.png 768w, https:\/\/fundaciohospitalariesmartorell.org\/entre-tots\/wp-content\/uploads\/2025\/11\/image-41-1536x1152.png 1536w, https:\/\/fundaciohospitalariesmartorell.org\/entre-tots\/wp-content\/uploads\/2025\/11\/image-41-1320x990.png 1320w, https:\/\/fundaciohospitalariesmartorell.org\/entre-tots\/wp-content\/uploads\/2025\/11\/image-41.png 1920w\" sizes=\"auto, (max-width: 1024px) 100vw, 1024px\" \/><\/figure>\n","protected":false},"excerpt":{"rendered":"<p>Els professionals de la Fundaci\u00f3 Hospital\u00e0ries van participar el passat 26 de novembre en el WeMind International F\u00f2rum dedicat a la neurologia, la longevitat i la salut mental. El Dr. Jes\u00fas Vaquero, Director d\u2019Atenci\u00f3 Interm\u00e8dia i Psicogeriatria de la Fundaci\u00f3n Hospital\u00e0ries Sant Boi, el Dr. Juan Carlos Cejudo, Coordinador de la Unitat de Deteriorament Cognitiu [&hellip;]<\/p>\n","protected":false},"author":6,"featured_media":12332,"comment_status":"closed","ping_status":"","sticky":false,"template":"","format":"standard","meta":{"footnotes":""},"categories":[27],"tags":[],"class_list":["post-12331","post","type-post","status-publish","format-standard","has-post-thumbnail","hentry","category-actualitat"],"blocksy_meta":[],"featured_image_urls_v2":{"full":["https:\/\/fundaciohospitalariesmartorell.org\/entre-tots\/wp-content\/uploads\/2025\/11\/image-39.png",1920,1440,false],"thumbnail":["https:\/\/fundaciohospitalariesmartorell.org\/entre-tots\/wp-content\/uploads\/2025\/11\/image-39-150x150.png",150,150,true],"medium":["https:\/\/fundaciohospitalariesmartorell.org\/entre-tots\/wp-content\/uploads\/2025\/11\/image-39-300x225.png",300,225,true],"medium_large":["https:\/\/fundaciohospitalariesmartorell.org\/entre-tots\/wp-content\/uploads\/2025\/11\/image-39-768x576.png",768,576,true],"large":["https:\/\/fundaciohospitalariesmartorell.org\/entre-tots\/wp-content\/uploads\/2025\/11\/image-39-1024x768.png",1024,768,true],"1536x1536":["https:\/\/fundaciohospitalariesmartorell.org\/entre-tots\/wp-content\/uploads\/2025\/11\/image-39-1536x1152.png",1536,1152,true],"2048x2048":["https:\/\/fundaciohospitalariesmartorell.org\/entre-tots\/wp-content\/uploads\/2025\/11\/image-39.png",1920,1440,false],"mailpoet_newsletter_max":["https:\/\/fundaciohospitalariesmartorell.org\/entre-tots\/wp-content\/uploads\/2025\/11\/image-39-1320x990.png",1320,990,true]},"post_excerpt_stackable_v2":"<p>Els professionals de la Fundaci\u00f3 Hospital\u00e0ries van participar el passat 26 de novembre en el WeMind International F\u00f2rum dedicat a la neurologia, la longevitat i la salut mental. El Dr. Jes\u00fas Vaquero, Director d\u2019Atenci\u00f3 Interm\u00e8dia i Psicogeriatria de la Fundaci\u00f3n Hospital\u00e0ries Sant Boi, el Dr. Juan Carlos Cejudo, Coordinador de la Unitat de Deteriorament Cognitiu i Dem\u00e8ncies de la Fundaci\u00f3 Hospital\u00e0ries Martorell i la Dra. Anna Oliv\u00e9, Coordinadora de l\u2019\u00c0rea d\u2019hospitalitzaci\u00f3 de Psicogeriatria de Fundaci\u00f3 Hospital\u00e0ries Barcelona Nord, van presentar un panell d\u2019experts en psicogeriatria amb el t\u00edtol de: \u201cQuan l\u2019espai cuida i la ci\u00e8ncia prev\u00e9: la nova realitat de&hellip;<\/p>\n","category_list_v2":"<a href=\"https:\/\/fundaciohospitalariesmartorell.org\/entre-tots\/category\/actualitat\/\" rel=\"category tag\">ACTUALITAT<\/a>","author_info_v2":{"name":"Martorell_comunicacio","url":"https:\/\/fundaciohospitalariesmartorell.org\/entre-tots\/author\/martorell_comunicacio\/"},"comments_num_v2":"0 comments","_links":{"self":[{"href":"https:\/\/fundaciohospitalariesmartorell.org\/entre-tots\/wp-json\/wp\/v2\/posts\/12331","targetHints":{"allow":["GET"]}}],"collection":[{"href":"https:\/\/fundaciohospitalariesmartorell.org\/entre-tots\/wp-json\/wp\/v2\/posts"}],"about":[{"href":"https:\/\/fundaciohospitalariesmartorell.org\/entre-tots\/wp-json\/wp\/v2\/types\/post"}],"author":[{"embeddable":true,"href":"https:\/\/fundaciohospitalariesmartorell.org\/entre-tots\/wp-json\/wp\/v2\/users\/6"}],"replies":[{"embeddable":true,"href":"https:\/\/fundaciohospitalariesmartorell.org\/entre-tots\/wp-json\/wp\/v2\/comments?post=12331"}],"version-history":[{"count":1,"href":"https:\/\/fundaciohospitalariesmartorell.org\/entre-tots\/wp-json\/wp\/v2\/posts\/12331\/revisions"}],"predecessor-version":[{"id":12335,"href":"https:\/\/fundaciohospitalariesmartorell.org\/entre-tots\/wp-json\/wp\/v2\/posts\/12331\/revisions\/12335"}],"wp:featuredmedia":[{"embeddable":true,"href":"https:\/\/fundaciohospitalariesmartorell.org\/entre-tots\/wp-json\/wp\/v2\/media\/12332"}],"wp:attachment":[{"href":"https:\/\/fundaciohospitalariesmartorell.org\/entre-tots\/wp-json\/wp\/v2\/media?parent=12331"}],"wp:term":[{"taxonomy":"category","embeddable":true,"href":"https:\/\/fundaciohospitalariesmartorell.org\/entre-tots\/wp-json\/wp\/v2\/categories?post=12331"},{"taxonomy":"post_tag","embeddable":true,"href":"https:\/\/fundaciohospitalariesmartorell.org\/entre-tots\/wp-json\/wp\/v2\/tags?post=12331"}],"curies":[{"name":"wp","href":"https:\/\/api.w.org\/{rel}","templated":true}]}}