{"id":12363,"date":"2025-12-04T15:05:02","date_gmt":"2025-12-04T14:05:02","guid":{"rendered":"https:\/\/fundaciohospitalariesmartorell.org\/entre-tots\/?p=12363"},"modified":"2025-12-04T15:05:04","modified_gmt":"2025-12-04T14:05:04","slug":"voluntariat-una-oportunitat-per-transformar-i-aprendre","status":"publish","type":"post","link":"https:\/\/fundaciohospitalariesmartorell.org\/entre-tots\/2025\/12\/voluntariat-una-oportunitat-per-transformar-i-aprendre\/","title":{"rendered":"Voluntariat: una oportunitat per transformar i aprendre"},"content":{"rendered":"\n<figure class=\"wp-block-image size-large\"><img loading=\"lazy\" decoding=\"async\" width=\"1024\" height=\"576\" src=\"https:\/\/fundaciohospitalariesmartorell.org\/entre-tots\/wp-content\/uploads\/2025\/12\/image-1024x576.png\" alt=\"\" class=\"wp-image-12365\" srcset=\"https:\/\/fundaciohospitalariesmartorell.org\/entre-tots\/wp-content\/uploads\/2025\/12\/image-1024x576.png 1024w, https:\/\/fundaciohospitalariesmartorell.org\/entre-tots\/wp-content\/uploads\/2025\/12\/image-300x169.png 300w, https:\/\/fundaciohospitalariesmartorell.org\/entre-tots\/wp-content\/uploads\/2025\/12\/image-768x432.png 768w, https:\/\/fundaciohospitalariesmartorell.org\/entre-tots\/wp-content\/uploads\/2025\/12\/image-1536x864.png 1536w, https:\/\/fundaciohospitalariesmartorell.org\/entre-tots\/wp-content\/uploads\/2025\/12\/image-1320x742.png 1320w, https:\/\/fundaciohospitalariesmartorell.org\/entre-tots\/wp-content\/uploads\/2025\/12\/image.png 1599w\" sizes=\"auto, (max-width: 1024px) 100vw, 1024px\" \/><\/figure>\n\n\n\n<p>M\u00e9s enll\u00e0 de dedicar temps als altres, el voluntariat pot esdevenir una experi\u00e8ncia profundament transformadora. Al nostre centre aquesta idea pren forma cada dia gr\u00e0cies a les persones que decideixen compartir una part del seu temps amb les persones que atenem.<\/p>\n\n\n\n<p>Per a molts d\u2019elles, el voluntariat no nom\u00e9s significa ajudar, sin\u00f3 tamb\u00e9 cr\u00e9ixer personalment. La Teresa Mallofr\u00e8, volunt\u00e0ria a la unitat de P2 (Atenci\u00f3 Interm\u00e8dia), ho explica amb naturalitat: <em>\u201cel voluntariat \u00e9s una oportunitat per aprendre i cr\u00e9ixer. Els i les pacients, quan em veuen, ja tenen el somriure del \u2018bon dia\u2019, i de seguida volen molt afecte.\u201d<\/em> Aquest intercanvi tan senzill \u2014una salutaci\u00f3, una mirada, una estona compartida\u2014 es converteix en un espai de connexi\u00f3 humana que enriqueix tant a les persones ateses com les volunt\u00e0ries.<\/p>\n\n\n\n<p>Segons Mercedes P\u00e9rez, Coordinadora del Servei de Voluntariat, <em>\u201cel voluntariat \u00e9s una oportunitat per transformar\u201d<\/em>. I ho \u00e9s en molts sentits: <em>\u201cUna oportunitat per transformar les persones volunt\u00e0ries, perqu\u00e8 poden con\u00e8ixer noves realitats, noves perspectives. Tamb\u00e9 \u00e9s una oportunitat per crear vincles amb les persones que estan aqu\u00ed, aix\u00ed com amb la resta de companys i companyes voluntaris i amb tota la comunitat hospital\u00e0ria.\u201d<\/em><\/p>\n\n\n\n<p>Amb 16 voluntaris en actiu i perfils molt diversos, el programa continua creixent i adaptant-se a les necessitats del centre. Estudiants, persones jubilades i antic personal col\u00b7laborador comparteixen la mateixa voluntat: oferir suport, companyia i humanitat.<\/p>\n\n\n\n<figure class=\"wp-block-gallery has-nested-images columns-default is-cropped wp-block-gallery-1 is-layout-flex wp-block-gallery-is-layout-flex\">\n<figure class=\"wp-block-image size-large\"><img loading=\"lazy\" decoding=\"async\" width=\"938\" height=\"1250\" data-id=\"12368\" src=\"https:\/\/fundaciohospitalariesmartorell.org\/entre-tots\/wp-content\/uploads\/2025\/12\/WhatsApp-Image-2025-12-03-at-15.45.59-edited.jpeg\" alt=\"\" class=\"wp-image-12368\" srcset=\"https:\/\/fundaciohospitalariesmartorell.org\/entre-tots\/wp-content\/uploads\/2025\/12\/WhatsApp-Image-2025-12-03-at-15.45.59-edited.jpeg 938w, https:\/\/fundaciohospitalariesmartorell.org\/entre-tots\/wp-content\/uploads\/2025\/12\/WhatsApp-Image-2025-12-03-at-15.45.59-edited-225x300.jpeg 225w, https:\/\/fundaciohospitalariesmartorell.org\/entre-tots\/wp-content\/uploads\/2025\/12\/WhatsApp-Image-2025-12-03-at-15.45.59-edited-768x1023.jpeg 768w\" sizes=\"auto, (max-width: 938px) 100vw, 938px\" \/><\/figure>\n\n\n\n<figure class=\"wp-block-image size-large\"><img loading=\"lazy\" decoding=\"async\" width=\"768\" height=\"1024\" data-id=\"12367\" src=\"https:\/\/fundaciohospitalariesmartorell.org\/entre-tots\/wp-content\/uploads\/2025\/12\/WhatsApp-Image-2025-12-03-at-15.45.31-768x1024.jpeg\" alt=\"\" class=\"wp-image-12367\" srcset=\"https:\/\/fundaciohospitalariesmartorell.org\/entre-tots\/wp-content\/uploads\/2025\/12\/WhatsApp-Image-2025-12-03-at-15.45.31-768x1024.jpeg 768w, https:\/\/fundaciohospitalariesmartorell.org\/entre-tots\/wp-content\/uploads\/2025\/12\/WhatsApp-Image-2025-12-03-at-15.45.31-225x300.jpeg 225w, https:\/\/fundaciohospitalariesmartorell.org\/entre-tots\/wp-content\/uploads\/2025\/12\/WhatsApp-Image-2025-12-03-at-15.45.31-1152x1536.jpeg 1152w, https:\/\/fundaciohospitalariesmartorell.org\/entre-tots\/wp-content\/uploads\/2025\/12\/WhatsApp-Image-2025-12-03-at-15.45.31.jpeg 1200w\" sizes=\"auto, (max-width: 768px) 100vw, 768px\" \/><\/figure>\n<\/figure>\n","protected":false},"excerpt":{"rendered":"<p>M\u00e9s enll\u00e0 de dedicar temps als altres, el voluntariat pot esdevenir una experi\u00e8ncia profundament transformadora. Al nostre centre aquesta idea pren forma cada dia gr\u00e0cies a les persones que decideixen compartir una part del seu temps amb les persones que atenem. Per a molts d\u2019elles, el voluntariat no nom\u00e9s significa ajudar, sin\u00f3 tamb\u00e9 cr\u00e9ixer personalment. [&hellip;]<\/p>\n","protected":false},"author":6,"featured_media":12365,"comment_status":"closed","ping_status":"closed","sticky":false,"template":"","format":"standard","meta":{"footnotes":""},"categories":[27],"tags":[],"class_list":["post-12363","post","type-post","status-publish","format-standard","has-post-thumbnail","hentry","category-actualitat"],"blocksy_meta":[],"featured_image_urls_v2":{"full":["https:\/\/fundaciohospitalariesmartorell.org\/entre-tots\/wp-content\/uploads\/2025\/12\/image.png",1599,899,false],"thumbnail":["https:\/\/fundaciohospitalariesmartorell.org\/entre-tots\/wp-content\/uploads\/2025\/12\/image-150x150.png",150,150,true],"medium":["https:\/\/fundaciohospitalariesmartorell.org\/entre-tots\/wp-content\/uploads\/2025\/12\/image-300x169.png",300,169,true],"medium_large":["https:\/\/fundaciohospitalariesmartorell.org\/entre-tots\/wp-content\/uploads\/2025\/12\/image-768x432.png",768,432,true],"large":["https:\/\/fundaciohospitalariesmartorell.org\/entre-tots\/wp-content\/uploads\/2025\/12\/image-1024x576.png",1024,576,true],"1536x1536":["https:\/\/fundaciohospitalariesmartorell.org\/entre-tots\/wp-content\/uploads\/2025\/12\/image-1536x864.png",1536,864,true],"2048x2048":["https:\/\/fundaciohospitalariesmartorell.org\/entre-tots\/wp-content\/uploads\/2025\/12\/image.png",1599,899,false],"mailpoet_newsletter_max":["https:\/\/fundaciohospitalariesmartorell.org\/entre-tots\/wp-content\/uploads\/2025\/12\/image-1320x742.png",1320,742,true]},"post_excerpt_stackable_v2":"<p>M\u00e9s enll\u00e0 de dedicar temps als altres, el voluntariat pot esdevenir una experi\u00e8ncia profundament transformadora. Al nostre centre aquesta idea pren forma cada dia gr\u00e0cies a les persones que decideixen compartir una part del seu temps amb les persones que atenem. Per a molts d\u2019elles, el voluntariat no nom\u00e9s significa ajudar, sin\u00f3 tamb\u00e9 cr\u00e9ixer personalment. La Teresa Mallofr\u00e8, volunt\u00e0ria a la unitat de P2 (Atenci\u00f3 Interm\u00e8dia), ho explica amb naturalitat: \u201cel voluntariat \u00e9s una oportunitat per aprendre i cr\u00e9ixer. Els i les pacients, quan em veuen, ja tenen el somriure del \u2018bon dia\u2019, i de seguida volen molt afecte.\u201d Aquest&hellip;<\/p>\n","category_list_v2":"<a href=\"https:\/\/fundaciohospitalariesmartorell.org\/entre-tots\/category\/actualitat\/\" rel=\"category tag\">ACTUALITAT<\/a>","author_info_v2":{"name":"Martorell_comunicacio","url":"https:\/\/fundaciohospitalariesmartorell.org\/entre-tots\/author\/martorell_comunicacio\/"},"comments_num_v2":"0 comments","_links":{"self":[{"href":"https:\/\/fundaciohospitalariesmartorell.org\/entre-tots\/wp-json\/wp\/v2\/posts\/12363","targetHints":{"allow":["GET"]}}],"collection":[{"href":"https:\/\/fundaciohospitalariesmartorell.org\/entre-tots\/wp-json\/wp\/v2\/posts"}],"about":[{"href":"https:\/\/fundaciohospitalariesmartorell.org\/entre-tots\/wp-json\/wp\/v2\/types\/post"}],"author":[{"embeddable":true,"href":"https:\/\/fundaciohospitalariesmartorell.org\/entre-tots\/wp-json\/wp\/v2\/users\/6"}],"replies":[{"embeddable":true,"href":"https:\/\/fundaciohospitalariesmartorell.org\/entre-tots\/wp-json\/wp\/v2\/comments?post=12363"}],"version-history":[{"count":2,"href":"https:\/\/fundaciohospitalariesmartorell.org\/entre-tots\/wp-json\/wp\/v2\/posts\/12363\/revisions"}],"predecessor-version":[{"id":12369,"href":"https:\/\/fundaciohospitalariesmartorell.org\/entre-tots\/wp-json\/wp\/v2\/posts\/12363\/revisions\/12369"}],"wp:featuredmedia":[{"embeddable":true,"href":"https:\/\/fundaciohospitalariesmartorell.org\/entre-tots\/wp-json\/wp\/v2\/media\/12365"}],"wp:attachment":[{"href":"https:\/\/fundaciohospitalariesmartorell.org\/entre-tots\/wp-json\/wp\/v2\/media?parent=12363"}],"wp:term":[{"taxonomy":"category","embeddable":true,"href":"https:\/\/fundaciohospitalariesmartorell.org\/entre-tots\/wp-json\/wp\/v2\/categories?post=12363"},{"taxonomy":"post_tag","embeddable":true,"href":"https:\/\/fundaciohospitalariesmartorell.org\/entre-tots\/wp-json\/wp\/v2\/tags?post=12363"}],"curies":[{"name":"wp","href":"https:\/\/api.w.org\/{rel}","templated":true}]}}