{"id":12371,"date":"2025-12-10T11:46:11","date_gmt":"2025-12-10T10:46:11","guid":{"rendered":"https:\/\/fundaciohospitalariesmartorell.org\/entre-tots\/?p=12371"},"modified":"2025-12-10T11:47:37","modified_gmt":"2025-12-10T10:47:37","slug":"la-comunitat-hospitalaria-es-mobilitza-per-un-nadal-solidari","status":"publish","type":"post","link":"https:\/\/fundaciohospitalariesmartorell.org\/entre-tots\/2025\/12\/la-comunitat-hospitalaria-es-mobilitza-per-un-nadal-solidari\/","title":{"rendered":"La comunitat hospital\u00e0ria es mobilitza per un Nadal solidari"},"content":{"rendered":"\n<div class=\"wp-block-media-text is-stacked-on-mobile\"><figure class=\"wp-block-media-text__media\"><img loading=\"lazy\" decoding=\"async\" width=\"709\" height=\"945\" src=\"https:\/\/fundaciohospitalariesmartorell.org\/entre-tots\/wp-content\/uploads\/2025\/12\/image-2.png\" alt=\"\" class=\"wp-image-12373 size-full\" srcset=\"https:\/\/fundaciohospitalariesmartorell.org\/entre-tots\/wp-content\/uploads\/2025\/12\/image-2.png 709w, https:\/\/fundaciohospitalariesmartorell.org\/entre-tots\/wp-content\/uploads\/2025\/12\/image-2-225x300.png 225w\" sizes=\"auto, (max-width: 709px) 100vw, 709px\" \/><\/figure><div class=\"wp-block-media-text__content\">\n<p>Un any m\u00e9s, la Comissi\u00f3 de Solidaritat de la Fundaci\u00f3 Hospital\u00e0ries Martorell ha organitzat diverses iniciatives solid\u00e0ries per recaptar fons i donar suport a un projecte de cooperaci\u00f3 internacional de la Fundaci\u00f3 Benito Menni. Enguany, els fons es destinen a la <a href=\"https:\/\/fundaciohospitalariesmartorell.org\/entre-tots\/2025\/03\/la-fundacio-hospitalaries-martorell-dona-suport-a-un-nou-projecte-de-cooperacio-a-togo-per-millorar-la-vida-de-les-dones-refugiades\/\">capacitaci\u00f3 i l\u2019empoderament<\/a> de dones refugiades i despla\u00e7ades internes al nord de Togo. <\/p>\n\n\n\n<p>Entre les accions organitzades, es van posar a la venda plantes de Nadal i ramells de la sort. Pr\u00e8viament, tamb\u00e9 es van esgotar totes les participacions disponibles de la Loteria solid\u00e0ria. La totalitat dels fons recaptats es destinar\u00e0 al projecte de cooperaci\u00f3.<\/p>\n<\/div><\/div>\n\n\n\n<p>D\u2019altra banda, la Comissi\u00f3 va promoure novament una campanya de recollida de joguines, tan noves com de segona m\u00e0, adre\u00e7ada a infants de fam\u00edlies en situaci\u00f3 de vulnerabilitat. El 10 de desembre es van entregar dues caixes de joguines noves, aportades pel personal de la Fundaci\u00f3, a la Creu Roja de Martorell. Aquell mateix dia es van lliurar tamb\u00e9 11 caixes de joguines de segona m\u00e0 a Maria Carrasco i M. del Carme Alonso, presidenta i secret\u00e0ria del Voluntariat Vicenci\u00e0.<\/p>\n\n\n\n<p>Aquest conjunt d\u2019accions reflecteix el comprom\u00eds social i la voluntat solid\u00e0ria de la Fundaci\u00f3 Hospital\u00e0ries Martorell amb els col\u00b7lectius m\u00e9s vulnerables, tant del nostre entorn proper com d\u2019altres realitats internacionals.<\/p>\n\n\n\n<figure class=\"wp-block-image size-large\"><img loading=\"lazy\" decoding=\"async\" width=\"1024\" height=\"768\" src=\"https:\/\/fundaciohospitalariesmartorell.org\/entre-tots\/wp-content\/uploads\/2025\/12\/image-1-1024x768.png\" alt=\"\" class=\"wp-image-12372\" srcset=\"https:\/\/fundaciohospitalariesmartorell.org\/entre-tots\/wp-content\/uploads\/2025\/12\/image-1-1024x768.png 1024w, https:\/\/fundaciohospitalariesmartorell.org\/entre-tots\/wp-content\/uploads\/2025\/12\/image-1-300x225.png 300w, https:\/\/fundaciohospitalariesmartorell.org\/entre-tots\/wp-content\/uploads\/2025\/12\/image-1-768x576.png 768w, https:\/\/fundaciohospitalariesmartorell.org\/entre-tots\/wp-content\/uploads\/2025\/12\/image-1.png 1260w\" sizes=\"auto, (max-width: 1024px) 100vw, 1024px\" \/><\/figure>\n","protected":false},"excerpt":{"rendered":"<p>Un any m\u00e9s, la Comissi\u00f3 de Solidaritat de la Fundaci\u00f3 Hospital\u00e0ries Martorell ha organitzat diverses iniciatives solid\u00e0ries per recaptar fons i donar suport a un projecte de cooperaci\u00f3 internacional de la Fundaci\u00f3 Benito Menni. Enguany, els fons es destinen a la capacitaci\u00f3 i l\u2019empoderament de dones refugiades i despla\u00e7ades internes al nord de Togo. Entre [&hellip;]<\/p>\n","protected":false},"author":6,"featured_media":12372,"comment_status":"closed","ping_status":"","sticky":false,"template":"","format":"standard","meta":{"footnotes":""},"categories":[27],"tags":[],"class_list":["post-12371","post","type-post","status-publish","format-standard","has-post-thumbnail","hentry","category-actualitat"],"blocksy_meta":[],"featured_image_urls_v2":{"full":["https:\/\/fundaciohospitalariesmartorell.org\/entre-tots\/wp-content\/uploads\/2025\/12\/image-1.png",1260,945,false],"thumbnail":["https:\/\/fundaciohospitalariesmartorell.org\/entre-tots\/wp-content\/uploads\/2025\/12\/image-1-150x150.png",150,150,true],"medium":["https:\/\/fundaciohospitalariesmartorell.org\/entre-tots\/wp-content\/uploads\/2025\/12\/image-1-300x225.png",300,225,true],"medium_large":["https:\/\/fundaciohospitalariesmartorell.org\/entre-tots\/wp-content\/uploads\/2025\/12\/image-1-768x576.png",768,576,true],"large":["https:\/\/fundaciohospitalariesmartorell.org\/entre-tots\/wp-content\/uploads\/2025\/12\/image-1-1024x768.png",1024,768,true],"1536x1536":["https:\/\/fundaciohospitalariesmartorell.org\/entre-tots\/wp-content\/uploads\/2025\/12\/image-1.png",1260,945,false],"2048x2048":["https:\/\/fundaciohospitalariesmartorell.org\/entre-tots\/wp-content\/uploads\/2025\/12\/image-1.png",1260,945,false],"mailpoet_newsletter_max":["https:\/\/fundaciohospitalariesmartorell.org\/entre-tots\/wp-content\/uploads\/2025\/12\/image-1.png",1260,945,false]},"post_excerpt_stackable_v2":"<p>Un any m\u00e9s, la Comissi\u00f3 de Solidaritat de la Fundaci\u00f3 Hospital\u00e0ries Martorell ha organitzat diverses iniciatives solid\u00e0ries per recaptar fons i donar suport a un projecte de cooperaci\u00f3 internacional de la Fundaci\u00f3 Benito Menni. Enguany, els fons es destinen a la capacitaci\u00f3 i l\u2019empoderament de dones refugiades i despla\u00e7ades internes al nord de Togo. Entre les accions organitzades, es van posar a la venda plantes de Nadal i ramells de la sort. Pr\u00e8viament, tamb\u00e9 es van esgotar totes les participacions disponibles de la Loteria solid\u00e0ria. La totalitat dels fons recaptats es destinar\u00e0 al projecte de cooperaci\u00f3. D\u2019altra banda, la Comissi\u00f3&hellip;<\/p>\n","category_list_v2":"<a href=\"https:\/\/fundaciohospitalariesmartorell.org\/entre-tots\/category\/actualitat\/\" rel=\"category tag\">ACTUALITAT<\/a>","author_info_v2":{"name":"Martorell_comunicacio","url":"https:\/\/fundaciohospitalariesmartorell.org\/entre-tots\/author\/martorell_comunicacio\/"},"comments_num_v2":"0 comments","_links":{"self":[{"href":"https:\/\/fundaciohospitalariesmartorell.org\/entre-tots\/wp-json\/wp\/v2\/posts\/12371","targetHints":{"allow":["GET"]}}],"collection":[{"href":"https:\/\/fundaciohospitalariesmartorell.org\/entre-tots\/wp-json\/wp\/v2\/posts"}],"about":[{"href":"https:\/\/fundaciohospitalariesmartorell.org\/entre-tots\/wp-json\/wp\/v2\/types\/post"}],"author":[{"embeddable":true,"href":"https:\/\/fundaciohospitalariesmartorell.org\/entre-tots\/wp-json\/wp\/v2\/users\/6"}],"replies":[{"embeddable":true,"href":"https:\/\/fundaciohospitalariesmartorell.org\/entre-tots\/wp-json\/wp\/v2\/comments?post=12371"}],"version-history":[{"count":2,"href":"https:\/\/fundaciohospitalariesmartorell.org\/entre-tots\/wp-json\/wp\/v2\/posts\/12371\/revisions"}],"predecessor-version":[{"id":12375,"href":"https:\/\/fundaciohospitalariesmartorell.org\/entre-tots\/wp-json\/wp\/v2\/posts\/12371\/revisions\/12375"}],"wp:featuredmedia":[{"embeddable":true,"href":"https:\/\/fundaciohospitalariesmartorell.org\/entre-tots\/wp-json\/wp\/v2\/media\/12372"}],"wp:attachment":[{"href":"https:\/\/fundaciohospitalariesmartorell.org\/entre-tots\/wp-json\/wp\/v2\/media?parent=12371"}],"wp:term":[{"taxonomy":"category","embeddable":true,"href":"https:\/\/fundaciohospitalariesmartorell.org\/entre-tots\/wp-json\/wp\/v2\/categories?post=12371"},{"taxonomy":"post_tag","embeddable":true,"href":"https:\/\/fundaciohospitalariesmartorell.org\/entre-tots\/wp-json\/wp\/v2\/tags?post=12371"}],"curies":[{"name":"wp","href":"https:\/\/api.w.org\/{rel}","templated":true}]}}