{"id":12377,"date":"2025-12-10T11:55:21","date_gmt":"2025-12-10T10:55:21","guid":{"rendered":"https:\/\/fundaciohospitalariesmartorell.org\/entre-tots\/?p=12377"},"modified":"2025-12-10T12:00:42","modified_gmt":"2025-12-10T11:00:42","slug":"les-usuaries-de-la-uir-tca-escriuen-una-carta-collectiva","status":"publish","type":"post","link":"https:\/\/fundaciohospitalariesmartorell.org\/entre-tots\/2025\/12\/les-usuaries-de-la-uir-tca-escriuen-una-carta-collectiva\/","title":{"rendered":"Les usu\u00e0ries de la UIR-TCA escriuen una carta col\u00b7lectiva"},"content":{"rendered":"\n<figure class=\"wp-block-image size-large\"><a href=\"https:\/\/youtube.com\/shorts\/Xol7ndATO4s\"><img loading=\"lazy\" decoding=\"async\" width=\"1024\" height=\"576\" src=\"https:\/\/fundaciohospitalariesmartorell.org\/entre-tots\/wp-content\/uploads\/2025\/12\/image-3-1024x576.png\" alt=\"\" class=\"wp-image-12378\" srcset=\"https:\/\/fundaciohospitalariesmartorell.org\/entre-tots\/wp-content\/uploads\/2025\/12\/image-3-1024x576.png 1024w, https:\/\/fundaciohospitalariesmartorell.org\/entre-tots\/wp-content\/uploads\/2025\/12\/image-3-300x169.png 300w, https:\/\/fundaciohospitalariesmartorell.org\/entre-tots\/wp-content\/uploads\/2025\/12\/image-3-768x432.png 768w, https:\/\/fundaciohospitalariesmartorell.org\/entre-tots\/wp-content\/uploads\/2025\/12\/image-3-1536x864.png 1536w, https:\/\/fundaciohospitalariesmartorell.org\/entre-tots\/wp-content\/uploads\/2025\/12\/image-3-1320x743.png 1320w, https:\/\/fundaciohospitalariesmartorell.org\/entre-tots\/wp-content\/uploads\/2025\/12\/image-3.png 1600w\" sizes=\"auto, (max-width: 1024px) 100vw, 1024px\" \/><\/a><\/figure>\n\n\n\n<p>En motiu del Dia Mundial de la Lluita contra els Trastorns de la Conducta Aliment\u00e0ria (TCA), el passat 30 de novembre, les usu\u00e0ries de la UIR-TCA van escriure una carta dirigida directament al seu TCA per reivindicar la for\u00e7a que hi ha darrere de cada pas cap a la recuperaci\u00f3. I \u00e9s que, tot i les cicatrius que deixa aquest trastorn, asseguren que tamb\u00e9 ha despertat una valentia que potser no s\u2019haurien imaginat.<br>Un exercici d\u2019honestedat, coratge i esperan\u00e7a.<br>Gr\u00e0cies per compartir aquest cam\u00ed.<\/p>\n\n\n\n<p>Trobareu el v\u00eddeo,&nbsp;<a href=\"https:\/\/youtube.com\/shorts\/Xol7ndATO4s\" target=\"_blank\" rel=\"noreferrer noopener\">aqu\u00ed&nbsp;<\/a>o clicant sobre la imatge.<\/p>\n","protected":false},"excerpt":{"rendered":"<p>En motiu del Dia Mundial de la Lluita contra els Trastorns de la Conducta Aliment\u00e0ria (TCA), el passat 30 de novembre, les usu\u00e0ries de la UIR-TCA van escriure una carta dirigida directament al seu TCA per reivindicar la for\u00e7a que hi ha darrere de cada pas cap a la recuperaci\u00f3. I \u00e9s que, tot i [&hellip;]<\/p>\n","protected":false},"author":6,"featured_media":12378,"comment_status":"closed","ping_status":"","sticky":false,"template":"","format":"standard","meta":{"footnotes":""},"categories":[27],"tags":[],"class_list":["post-12377","post","type-post","status-publish","format-standard","has-post-thumbnail","hentry","category-actualitat"],"blocksy_meta":[],"featured_image_urls_v2":{"full":["https:\/\/fundaciohospitalariesmartorell.org\/entre-tots\/wp-content\/uploads\/2025\/12\/image-3.png",1600,900,false],"thumbnail":["https:\/\/fundaciohospitalariesmartorell.org\/entre-tots\/wp-content\/uploads\/2025\/12\/image-3-150x150.png",150,150,true],"medium":["https:\/\/fundaciohospitalariesmartorell.org\/entre-tots\/wp-content\/uploads\/2025\/12\/image-3-300x169.png",300,169,true],"medium_large":["https:\/\/fundaciohospitalariesmartorell.org\/entre-tots\/wp-content\/uploads\/2025\/12\/image-3-768x432.png",768,432,true],"large":["https:\/\/fundaciohospitalariesmartorell.org\/entre-tots\/wp-content\/uploads\/2025\/12\/image-3-1024x576.png",1024,576,true],"1536x1536":["https:\/\/fundaciohospitalariesmartorell.org\/entre-tots\/wp-content\/uploads\/2025\/12\/image-3-1536x864.png",1536,864,true],"2048x2048":["https:\/\/fundaciohospitalariesmartorell.org\/entre-tots\/wp-content\/uploads\/2025\/12\/image-3.png",1600,900,false],"mailpoet_newsletter_max":["https:\/\/fundaciohospitalariesmartorell.org\/entre-tots\/wp-content\/uploads\/2025\/12\/image-3-1320x743.png",1320,743,true]},"post_excerpt_stackable_v2":"<p>En motiu del Dia Mundial de la Lluita contra els Trastorns de la Conducta Aliment\u00e0ria (TCA), el passat 30 de novembre, les usu\u00e0ries de la UIR-TCA van escriure una carta dirigida directament al seu TCA per reivindicar la for\u00e7a que hi ha darrere de cada pas cap a la recuperaci\u00f3. I \u00e9s que, tot i les cicatrius que deixa aquest trastorn, asseguren que tamb\u00e9 ha despertat una valentia que potser no s\u2019haurien imaginat.Un exercici d\u2019honestedat, coratge i esperan\u00e7a.Gr\u00e0cies per compartir aquest cam\u00ed. Trobareu el v\u00eddeo,&nbsp;aqu\u00ed&nbsp;o clicant sobre la imatge.<\/p>\n","category_list_v2":"<a href=\"https:\/\/fundaciohospitalariesmartorell.org\/entre-tots\/category\/actualitat\/\" rel=\"category tag\">ACTUALITAT<\/a>","author_info_v2":{"name":"Martorell_comunicacio","url":"https:\/\/fundaciohospitalariesmartorell.org\/entre-tots\/author\/martorell_comunicacio\/"},"comments_num_v2":"0 comments","_links":{"self":[{"href":"https:\/\/fundaciohospitalariesmartorell.org\/entre-tots\/wp-json\/wp\/v2\/posts\/12377","targetHints":{"allow":["GET"]}}],"collection":[{"href":"https:\/\/fundaciohospitalariesmartorell.org\/entre-tots\/wp-json\/wp\/v2\/posts"}],"about":[{"href":"https:\/\/fundaciohospitalariesmartorell.org\/entre-tots\/wp-json\/wp\/v2\/types\/post"}],"author":[{"embeddable":true,"href":"https:\/\/fundaciohospitalariesmartorell.org\/entre-tots\/wp-json\/wp\/v2\/users\/6"}],"replies":[{"embeddable":true,"href":"https:\/\/fundaciohospitalariesmartorell.org\/entre-tots\/wp-json\/wp\/v2\/comments?post=12377"}],"version-history":[{"count":1,"href":"https:\/\/fundaciohospitalariesmartorell.org\/entre-tots\/wp-json\/wp\/v2\/posts\/12377\/revisions"}],"predecessor-version":[{"id":12379,"href":"https:\/\/fundaciohospitalariesmartorell.org\/entre-tots\/wp-json\/wp\/v2\/posts\/12377\/revisions\/12379"}],"wp:featuredmedia":[{"embeddable":true,"href":"https:\/\/fundaciohospitalariesmartorell.org\/entre-tots\/wp-json\/wp\/v2\/media\/12378"}],"wp:attachment":[{"href":"https:\/\/fundaciohospitalariesmartorell.org\/entre-tots\/wp-json\/wp\/v2\/media?parent=12377"}],"wp:term":[{"taxonomy":"category","embeddable":true,"href":"https:\/\/fundaciohospitalariesmartorell.org\/entre-tots\/wp-json\/wp\/v2\/categories?post=12377"},{"taxonomy":"post_tag","embeddable":true,"href":"https:\/\/fundaciohospitalariesmartorell.org\/entre-tots\/wp-json\/wp\/v2\/tags?post=12377"}],"curies":[{"name":"wp","href":"https:\/\/api.w.org\/{rel}","templated":true}]}}