{"id":12388,"date":"2025-12-11T11:51:49","date_gmt":"2025-12-11T10:51:49","guid":{"rendered":"https:\/\/fundaciohospitalariesmartorell.org\/entre-tots\/?p=12388"},"modified":"2025-12-11T11:51:49","modified_gmt":"2025-12-11T10:51:49","slug":"catalunya-referma-el-gir-cap-a-una-salut-mental-basada-en-drets","status":"publish","type":"post","link":"https:\/\/fundaciohospitalariesmartorell.org\/entre-tots\/2025\/12\/catalunya-referma-el-gir-cap-a-una-salut-mental-basada-en-drets\/","title":{"rendered":"Catalunya referma el gir cap a una salut mental basada en drets\u00a0"},"content":{"rendered":"\n<figure class=\"wp-block-image size-large\"><img loading=\"lazy\" decoding=\"async\" width=\"768\" height=\"1024\" src=\"https:\/\/fundaciohospitalariesmartorell.org\/entre-tots\/wp-content\/uploads\/2025\/12\/image-5-768x1024.png\" alt=\"\" class=\"wp-image-12389\" srcset=\"https:\/\/fundaciohospitalariesmartorell.org\/entre-tots\/wp-content\/uploads\/2025\/12\/image-5-768x1024.png 768w, https:\/\/fundaciohospitalariesmartorell.org\/entre-tots\/wp-content\/uploads\/2025\/12\/image-5-225x300.png 225w, https:\/\/fundaciohospitalariesmartorell.org\/entre-tots\/wp-content\/uploads\/2025\/12\/image-5-1152x1536.png 1152w, https:\/\/fundaciohospitalariesmartorell.org\/entre-tots\/wp-content\/uploads\/2025\/12\/image-5-1320x1760.png 1320w, https:\/\/fundaciohospitalariesmartorell.org\/entre-tots\/wp-content\/uploads\/2025\/12\/image-5.png 1536w\" sizes=\"auto, (max-width: 768px) 100vw, 768px\" \/><\/figure>\n\n\n\n<p>En el marc del Dia Mundial dels Drets Humans, el passat 10 de desembre, el Departament de Salut va organitzar la jornada\u00a0<strong>\u2018Salut mental amb drets\u2019. <\/strong>Una ocasi\u00f3 per posar en relleu\u00a0la feina feta els darrers anys, i compartir aquells programes clau en el desplegament de l\u2019atenci\u00f3 basada en els drets de les persones.<\/p>\n\n\n\n<p>El director del Pla director de salut mental i addiccions, Josep Tristany, va reclamar la necessitat de refor\u00e7ar l\u2019orientaci\u00f3 comunit\u00e0ria dels serveis de salut mental i addiccions. Aquest enfocament aposta per uns serveis m\u00e9s accessibles i resolutius, m\u00e9s proactius i integrals, m\u00e9s presents en el territori, m\u00e9s coordinats i efectius, i orientats a l\u2019autonomia i al projecte de vida de les persones.<\/p>\n\n\n\n<p>L\u2019acte va comptar&nbsp;amb la participaci\u00f3 d\u2019Ana Tijerino, una de les responsables de salut mental de l\u2019Organitzaci\u00f3 Mundial de la Salut (OMS), que va presentar l\u2019estrat\u00e8gia internacional per a la implementaci\u00f3 dels QualityRights, el marc de drets humans de refer\u00e8ncia per transformar els serveis de salut mental a escala global. La seva intervenci\u00f3 va situar&nbsp;Catalunya dins l\u2019alineament internacional amb els models m\u00e9s avan\u00e7ats en mat\u00e8ria de drets. Tamb\u00e9 hi va participar&nbsp;el subdirector del comissionat de Salut Mental del Ministerio de Sanidad, Francisco Gonz\u00e1lez, que va compartir els reptes estatals en l\u2019impuls de les pol\u00edtiques de salut mental i les l\u00ednies de treball per incorporar les primeres persones com a agents de canvi dins el sistema.<\/p>\n\n\n\n<h4 class=\"wp-block-heading\"><strong>El projecte de vida, eix de la recuperaci\u00f3<\/strong><\/h4>\n\n\n\n<p>La primera taula de debat, moderada per David Juanes, coordinador de l\u2019\u00c0rea de Rehabilitaci\u00f3 en Salut Mental de Fundaci\u00f3 Hospital\u00e0ries Martorell, va aprofundir en la centralitat del projecte de vida en els processos de recuperaci\u00f3. Hi van intervenir Maria Aran, de la Federaci\u00f3 Veus; Vict\u00f2ria Monell, directora de la Fundaci\u00f3 Malalts Mentals de Catalunya; i la Dra. Cori Juanpere, adjunta a la Direcci\u00f3 M\u00e8dica de l\u2019Institut Pere Mata.&nbsp;<\/p>\n\n\n\n<p>En aquest espai es van revisar els aven\u00e7os del model de recuperaci\u00f3 i de drets humans. Es va destacar especialment el desplegament del suport entre iguals, amb la incorporaci\u00f3 creixent de persones amb experi\u00e8ncia viscuda a les Unitats Funcionals de Recuperaci\u00f3 i Projecte de Vida. El 2025 s\u2019hi van sumar dotze noves incorporacions. Igualment, es va posar en valor l\u2019oficialitzaci\u00f3 de l\u2019especialitat formativa d\u2019Agent de Suport entre Iguals, impulsada en el marc del Pacte Nacional de Salut Mental.<\/p>\n\n\n\n<h4 class=\"wp-block-heading\"><strong>Decisions anticipades, humanitzaci\u00f3 i formaci\u00f3 obligat\u00f2ria en drets<\/strong><\/h4>\n\n\n\n<p>Els ponents van subratllar, tamb\u00e9, la import\u00e0ncia del Pla de Decisions Anticipades (PDA) en salut mental, una eina clau per refor\u00e7ar l\u2019autonomia personal i la presa de decisions compartida. Tamb\u00e9 es van exposar els aven\u00e7os en la humanitzaci\u00f3 dels dispositius d\u2019hospitalitzaci\u00f3: habilitaci\u00f3 de sales de confort, desplegament del model Safewards, reducci\u00f3 de mesures restrictives i creaci\u00f3 d\u2019un registre homogeni de contencions mec\u00e0niques per avan\u00e7ar cap a la seva progressiva eliminaci\u00f3.<\/p>\n\n\n\n<p>Pel que fa a la capacitaci\u00f3 professional, es va anunciar&nbsp;l\u2019inici de la formaci\u00f3 en&nbsp;<em>QualityRights<\/em>, amb l\u2019objectiu que, l\u2019any 2028, totes les persones professionals amb contacte directe amb usuaris i usu\u00e0ries hagin completat aquesta formaci\u00f3, adaptada al catal\u00e0 amb la col\u00b7laboraci\u00f3 d\u2019Obertament.<\/p>\n\n\n\n<h4 class=\"wp-block-heading\"><strong>Cap a la desinstitucionalitzaci\u00f3 i un model estatal m\u00e9s participatiu<\/strong><\/h4>\n\n\n\n<p>Les taules tamb\u00e9 van recordar que la literatura internacional avala el tancament progressiu de les unitats de llarga estada i la desinstitucionalitzaci\u00f3 de l\u2019hospitalitzaci\u00f3 psiqui\u00e0trica.&nbsp;<\/p>\n\n\n\n<p>Finalment, la directora general de Planificaci\u00f3 en Salut, Aina Plaza, va explicar que el Departament de Salut est\u00e0 treballant en la signatura d\u2019un conveni de donant amb l\u2019OMS, que permetr\u00e0 consolidar i ampliar la cooperaci\u00f3 en l\u2019\u00e0mbit dels drets humans. Va posar en manifest el comprom\u00eds del Departament de Salut amb la transformaci\u00f3 del model d\u2019atenci\u00f3 que insta a refor\u00e7ar les pol\u00edtiques de salut mental i benestar emocional des d\u2019una perspectiva de drets humans.<\/p>\n\n\n\n<figure class=\"wp-block-image size-large\"><img loading=\"lazy\" decoding=\"async\" width=\"1024\" height=\"768\" src=\"https:\/\/fundaciohospitalariesmartorell.org\/entre-tots\/wp-content\/uploads\/2025\/12\/image-6-1024x768.png\" alt=\"\" class=\"wp-image-12390\" srcset=\"https:\/\/fundaciohospitalariesmartorell.org\/entre-tots\/wp-content\/uploads\/2025\/12\/image-6-1024x768.png 1024w, https:\/\/fundaciohospitalariesmartorell.org\/entre-tots\/wp-content\/uploads\/2025\/12\/image-6-300x225.png 300w, https:\/\/fundaciohospitalariesmartorell.org\/entre-tots\/wp-content\/uploads\/2025\/12\/image-6-768x576.png 768w, https:\/\/fundaciohospitalariesmartorell.org\/entre-tots\/wp-content\/uploads\/2025\/12\/image-6-1536x1152.png 1536w, https:\/\/fundaciohospitalariesmartorell.org\/entre-tots\/wp-content\/uploads\/2025\/12\/image-6-1320x990.png 1320w, https:\/\/fundaciohospitalariesmartorell.org\/entre-tots\/wp-content\/uploads\/2025\/12\/image-6.png 1600w\" sizes=\"auto, (max-width: 1024px) 100vw, 1024px\" \/><\/figure>\n","protected":false},"excerpt":{"rendered":"<p>En el marc del Dia Mundial dels Drets Humans, el passat 10 de desembre, el Departament de Salut va organitzar la jornada\u00a0\u2018Salut mental amb drets\u2019. Una ocasi\u00f3 per posar en relleu\u00a0la feina feta els darrers anys, i compartir aquells programes clau en el desplegament de l\u2019atenci\u00f3 basada en els drets de les persones. El director [&hellip;]<\/p>\n","protected":false},"author":5,"featured_media":12390,"comment_status":"closed","ping_status":"","sticky":false,"template":"","format":"standard","meta":{"footnotes":""},"categories":[27],"tags":[],"class_list":["post-12388","post","type-post","status-publish","format-standard","has-post-thumbnail","hentry","category-actualitat"],"blocksy_meta":[],"featured_image_urls_v2":{"full":["https:\/\/fundaciohospitalariesmartorell.org\/entre-tots\/wp-content\/uploads\/2025\/12\/image-6.png",1600,1200,false],"thumbnail":["https:\/\/fundaciohospitalariesmartorell.org\/entre-tots\/wp-content\/uploads\/2025\/12\/image-6-150x150.png",150,150,true],"medium":["https:\/\/fundaciohospitalariesmartorell.org\/entre-tots\/wp-content\/uploads\/2025\/12\/image-6-300x225.png",300,225,true],"medium_large":["https:\/\/fundaciohospitalariesmartorell.org\/entre-tots\/wp-content\/uploads\/2025\/12\/image-6-768x576.png",768,576,true],"large":["https:\/\/fundaciohospitalariesmartorell.org\/entre-tots\/wp-content\/uploads\/2025\/12\/image-6-1024x768.png",1024,768,true],"1536x1536":["https:\/\/fundaciohospitalariesmartorell.org\/entre-tots\/wp-content\/uploads\/2025\/12\/image-6-1536x1152.png",1536,1152,true],"2048x2048":["https:\/\/fundaciohospitalariesmartorell.org\/entre-tots\/wp-content\/uploads\/2025\/12\/image-6.png",1600,1200,false],"mailpoet_newsletter_max":["https:\/\/fundaciohospitalariesmartorell.org\/entre-tots\/wp-content\/uploads\/2025\/12\/image-6-1320x990.png",1320,990,true]},"post_excerpt_stackable_v2":"<p>En el marc del Dia Mundial dels Drets Humans, el passat 10 de desembre, el Departament de Salut va organitzar la jornada\u00a0\u2018Salut mental amb drets\u2019. Una ocasi\u00f3 per posar en relleu\u00a0la feina feta els darrers anys, i compartir aquells programes clau en el desplegament de l\u2019atenci\u00f3 basada en els drets de les persones. El director del Pla director de salut mental i addiccions, Josep Tristany, va reclamar la necessitat de refor\u00e7ar l\u2019orientaci\u00f3 comunit\u00e0ria dels serveis de salut mental i addiccions. Aquest enfocament aposta per uns serveis m\u00e9s accessibles i resolutius, m\u00e9s proactius i integrals, m\u00e9s presents en el territori, m\u00e9s&hellip;<\/p>\n","category_list_v2":"<a href=\"https:\/\/fundaciohospitalariesmartorell.org\/entre-tots\/category\/actualitat\/\" rel=\"category tag\">ACTUALITAT<\/a>","author_info_v2":{"name":"Alba Felip","url":"https:\/\/fundaciohospitalariesmartorell.org\/entre-tots\/author\/afelipr\/"},"comments_num_v2":"0 comments","_links":{"self":[{"href":"https:\/\/fundaciohospitalariesmartorell.org\/entre-tots\/wp-json\/wp\/v2\/posts\/12388","targetHints":{"allow":["GET"]}}],"collection":[{"href":"https:\/\/fundaciohospitalariesmartorell.org\/entre-tots\/wp-json\/wp\/v2\/posts"}],"about":[{"href":"https:\/\/fundaciohospitalariesmartorell.org\/entre-tots\/wp-json\/wp\/v2\/types\/post"}],"author":[{"embeddable":true,"href":"https:\/\/fundaciohospitalariesmartorell.org\/entre-tots\/wp-json\/wp\/v2\/users\/5"}],"replies":[{"embeddable":true,"href":"https:\/\/fundaciohospitalariesmartorell.org\/entre-tots\/wp-json\/wp\/v2\/comments?post=12388"}],"version-history":[{"count":1,"href":"https:\/\/fundaciohospitalariesmartorell.org\/entre-tots\/wp-json\/wp\/v2\/posts\/12388\/revisions"}],"predecessor-version":[{"id":12391,"href":"https:\/\/fundaciohospitalariesmartorell.org\/entre-tots\/wp-json\/wp\/v2\/posts\/12388\/revisions\/12391"}],"wp:featuredmedia":[{"embeddable":true,"href":"https:\/\/fundaciohospitalariesmartorell.org\/entre-tots\/wp-json\/wp\/v2\/media\/12390"}],"wp:attachment":[{"href":"https:\/\/fundaciohospitalariesmartorell.org\/entre-tots\/wp-json\/wp\/v2\/media?parent=12388"}],"wp:term":[{"taxonomy":"category","embeddable":true,"href":"https:\/\/fundaciohospitalariesmartorell.org\/entre-tots\/wp-json\/wp\/v2\/categories?post=12388"},{"taxonomy":"post_tag","embeddable":true,"href":"https:\/\/fundaciohospitalariesmartorell.org\/entre-tots\/wp-json\/wp\/v2\/tags?post=12388"}],"curies":[{"name":"wp","href":"https:\/\/api.w.org\/{rel}","templated":true}]}}