{"id":12407,"date":"2025-12-22T15:10:19","date_gmt":"2025-12-22T14:10:19","guid":{"rendered":"https:\/\/fundaciohospitalariesmartorell.org\/entre-tots\/?p=12407"},"modified":"2026-01-02T12:47:26","modified_gmt":"2026-01-02T11:47:26","slug":"ens-adherim-a-la-carta-de-la-diversitat","status":"publish","type":"post","link":"https:\/\/fundaciohospitalariesmartorell.org\/entre-tots\/2025\/12\/ens-adherim-a-la-carta-de-la-diversitat\/","title":{"rendered":"Ens adherim a la Carta de la Diversitat, avan\u00e7ant cap a un model assistencial m\u00e9s inclusiu"},"content":{"rendered":"\n<figure class=\"wp-block-image size-large\"><img loading=\"lazy\" decoding=\"async\" width=\"1024\" height=\"683\" src=\"https:\/\/fundaciohospitalariesmartorell.org\/entre-tots\/wp-content\/uploads\/2025\/12\/image-14-1024x683.png\" alt=\"\" class=\"wp-image-12408\" srcset=\"https:\/\/fundaciohospitalariesmartorell.org\/entre-tots\/wp-content\/uploads\/2025\/12\/image-14-1024x683.png 1024w, https:\/\/fundaciohospitalariesmartorell.org\/entre-tots\/wp-content\/uploads\/2025\/12\/image-14-300x200.png 300w, https:\/\/fundaciohospitalariesmartorell.org\/entre-tots\/wp-content\/uploads\/2025\/12\/image-14-768x512.png 768w, https:\/\/fundaciohospitalariesmartorell.org\/entre-tots\/wp-content\/uploads\/2025\/12\/image-14-1536x1024.png 1536w, https:\/\/fundaciohospitalariesmartorell.org\/entre-tots\/wp-content\/uploads\/2025\/12\/image-14-1320x880.png 1320w, https:\/\/fundaciohospitalariesmartorell.org\/entre-tots\/wp-content\/uploads\/2025\/12\/image-14.png 2048w\" sizes=\"auto, (max-width: 1024px) 100vw, 1024px\" \/><\/figure>\n\n\n\n<p>La Fundaci\u00f3 Hospital\u00e0ries s\u2019ha adherit a la Carta de la Diversitat, una iniciativa impulsada per la Comissi\u00f3 Europea i gestionada a Espanya per la Fundaci\u00f3 Diversitat. Amb aquesta adhesi\u00f3, la Fundaci\u00f3 Hospital\u00e0ries refor\u00e7a el seu comprom\u00eds amb un model de gesti\u00f3 centrat en les persones, que integra la diversitat, l\u2019equitat i la inclusi\u00f3 tant en l\u2019\u00e0mbit assistencial com organitzatiu en l&#8217;\u00e0mbit estatal. L\u2019entitat consolida aix\u00ed la seva tasca en la creaci\u00f3 d\u2019entorns laborals respectuosos i segurs, on es valora el talent sense discriminaci\u00f3 per ra\u00f3 de g\u00e8nere, edat, origen, orientaci\u00f3 sexual, discapacitat o altres condicions personals.<\/p>\n\n\n\n<p>La Fundaci\u00f3 Hospital\u00e0ries destaca que la diversitat \u00e9s un element clau per millorar la qualitat de l\u2019atenci\u00f3 als seus centres, ja que permet oferir una assist\u00e8ncia m\u00e9s propera, emp\u00e0tica i adaptada a les realitats actuals. Aquest comprom\u00eds contribueix a garantir una atenci\u00f3 integral que t\u00e9 en compte totes les dimensions de la persona i promou el respecte a la dignitat i la individualitat de totes les persones ateses.<\/p>\n\n\n\n<p>Trobareu tota la informaci\u00f3, <a href=\"https:\/\/fundacionhospitalarias.org\/es\/actualidad\/nos-adherimos-la-carta-de-la-diversidad-avanzando-en-un-modelo-asistencial-mas-inclusivo\">aqu\u00ed<\/a>.<\/p>\n\n\n\n<figure class=\"wp-block-embed is-type-video is-provider-youtube wp-block-embed-youtube wp-embed-aspect-9-16 wp-has-aspect-ratio\"><div class=\"wp-block-embed__wrapper\">\n<iframe loading=\"lazy\" title=\"\u00a1Nos unimos a la Carta de la Diversidad!\" width=\"563\" height=\"1000\" src=\"https:\/\/www.youtube.com\/embed\/2rJQHhTGCkc?feature=oembed\" frameborder=\"0\" allow=\"accelerometer; autoplay; clipboard-write; encrypted-media; gyroscope; picture-in-picture; web-share\" referrerpolicy=\"strict-origin-when-cross-origin\" allowfullscreen><\/iframe>\n<\/div><\/figure>\n","protected":false},"excerpt":{"rendered":"<p>La Fundaci\u00f3 Hospital\u00e0ries s\u2019ha adherit a la Carta de la Diversitat, una iniciativa impulsada per la Comissi\u00f3 Europea i gestionada a Espanya per la Fundaci\u00f3 Diversitat. Amb aquesta adhesi\u00f3, la Fundaci\u00f3 Hospital\u00e0ries refor\u00e7a el seu comprom\u00eds amb un model de gesti\u00f3 centrat en les persones, que integra la diversitat, l\u2019equitat i la inclusi\u00f3 tant en [&hellip;]<\/p>\n","protected":false},"author":6,"featured_media":12408,"comment_status":"closed","ping_status":"closed","sticky":false,"template":"","format":"standard","meta":{"footnotes":""},"categories":[27,1],"tags":[],"class_list":["post-12407","post","type-post","status-publish","format-standard","has-post-thumbnail","hentry","category-actualitat","category-agenda"],"blocksy_meta":[],"featured_image_urls_v2":{"full":["https:\/\/fundaciohospitalariesmartorell.org\/entre-tots\/wp-content\/uploads\/2025\/12\/image-14.png",2048,1365,false],"thumbnail":["https:\/\/fundaciohospitalariesmartorell.org\/entre-tots\/wp-content\/uploads\/2025\/12\/image-14-150x150.png",150,150,true],"medium":["https:\/\/fundaciohospitalariesmartorell.org\/entre-tots\/wp-content\/uploads\/2025\/12\/image-14-300x200.png",300,200,true],"medium_large":["https:\/\/fundaciohospitalariesmartorell.org\/entre-tots\/wp-content\/uploads\/2025\/12\/image-14-768x512.png",768,512,true],"large":["https:\/\/fundaciohospitalariesmartorell.org\/entre-tots\/wp-content\/uploads\/2025\/12\/image-14-1024x683.png",1024,683,true],"1536x1536":["https:\/\/fundaciohospitalariesmartorell.org\/entre-tots\/wp-content\/uploads\/2025\/12\/image-14-1536x1024.png",1536,1024,true],"2048x2048":["https:\/\/fundaciohospitalariesmartorell.org\/entre-tots\/wp-content\/uploads\/2025\/12\/image-14.png",2048,1365,false],"mailpoet_newsletter_max":["https:\/\/fundaciohospitalariesmartorell.org\/entre-tots\/wp-content\/uploads\/2025\/12\/image-14-1320x880.png",1320,880,true]},"post_excerpt_stackable_v2":"<p>La Fundaci\u00f3 Hospital\u00e0ries s\u2019ha adherit a la Carta de la Diversitat, una iniciativa impulsada per la Comissi\u00f3 Europea i gestionada a Espanya per la Fundaci\u00f3 Diversitat. Amb aquesta adhesi\u00f3, la Fundaci\u00f3 Hospital\u00e0ries refor\u00e7a el seu comprom\u00eds amb un model de gesti\u00f3 centrat en les persones, que integra la diversitat, l\u2019equitat i la inclusi\u00f3 tant en l\u2019\u00e0mbit assistencial com organitzatiu en l&#8217;\u00e0mbit estatal. L\u2019entitat consolida aix\u00ed la seva tasca en la creaci\u00f3 d\u2019entorns laborals respectuosos i segurs, on es valora el talent sense discriminaci\u00f3 per ra\u00f3 de g\u00e8nere, edat, origen, orientaci\u00f3 sexual, discapacitat o altres condicions personals. La Fundaci\u00f3 Hospital\u00e0ries destaca&hellip;<\/p>\n","category_list_v2":"<a href=\"https:\/\/fundaciohospitalariesmartorell.org\/entre-tots\/category\/actualitat\/\" rel=\"category tag\">ACTUALITAT<\/a>, <a href=\"https:\/\/fundaciohospitalariesmartorell.org\/entre-tots\/category\/agenda\/\" rel=\"category tag\">AGENDA<\/a>","author_info_v2":{"name":"Martorell_comunicacio","url":"https:\/\/fundaciohospitalariesmartorell.org\/entre-tots\/author\/martorell_comunicacio\/"},"comments_num_v2":"0 comments","_links":{"self":[{"href":"https:\/\/fundaciohospitalariesmartorell.org\/entre-tots\/wp-json\/wp\/v2\/posts\/12407","targetHints":{"allow":["GET"]}}],"collection":[{"href":"https:\/\/fundaciohospitalariesmartorell.org\/entre-tots\/wp-json\/wp\/v2\/posts"}],"about":[{"href":"https:\/\/fundaciohospitalariesmartorell.org\/entre-tots\/wp-json\/wp\/v2\/types\/post"}],"author":[{"embeddable":true,"href":"https:\/\/fundaciohospitalariesmartorell.org\/entre-tots\/wp-json\/wp\/v2\/users\/6"}],"replies":[{"embeddable":true,"href":"https:\/\/fundaciohospitalariesmartorell.org\/entre-tots\/wp-json\/wp\/v2\/comments?post=12407"}],"version-history":[{"count":1,"href":"https:\/\/fundaciohospitalariesmartorell.org\/entre-tots\/wp-json\/wp\/v2\/posts\/12407\/revisions"}],"predecessor-version":[{"id":12409,"href":"https:\/\/fundaciohospitalariesmartorell.org\/entre-tots\/wp-json\/wp\/v2\/posts\/12407\/revisions\/12409"}],"wp:featuredmedia":[{"embeddable":true,"href":"https:\/\/fundaciohospitalariesmartorell.org\/entre-tots\/wp-json\/wp\/v2\/media\/12408"}],"wp:attachment":[{"href":"https:\/\/fundaciohospitalariesmartorell.org\/entre-tots\/wp-json\/wp\/v2\/media?parent=12407"}],"wp:term":[{"taxonomy":"category","embeddable":true,"href":"https:\/\/fundaciohospitalariesmartorell.org\/entre-tots\/wp-json\/wp\/v2\/categories?post=12407"},{"taxonomy":"post_tag","embeddable":true,"href":"https:\/\/fundaciohospitalariesmartorell.org\/entre-tots\/wp-json\/wp\/v2\/tags?post=12407"}],"curies":[{"name":"wp","href":"https:\/\/api.w.org\/{rel}","templated":true}]}}