{"id":12410,"date":"2025-12-22T15:21:12","date_gmt":"2025-12-22T14:21:12","guid":{"rendered":"https:\/\/fundaciohospitalariesmartorell.org\/entre-tots\/?p=12410"},"modified":"2025-12-22T15:21:12","modified_gmt":"2025-12-22T14:21:12","slug":"la-hospitalitat-el-pessebre-on-torna-a-neixer-lesperanca","status":"publish","type":"post","link":"https:\/\/fundaciohospitalariesmartorell.org\/entre-tots\/2025\/12\/la-hospitalitat-el-pessebre-on-torna-a-neixer-lesperanca\/","title":{"rendered":"La hospitalitat, el pessebre on torna a n\u00e9ixer l\u2019esperan\u00e7a"},"content":{"rendered":"\n<p>La Fundaci\u00f3 Hospital\u00e0ries celebra aquest Nadal sota el lema \u00ab<strong>La hospitalitat, el pessebre on torna a n\u00e9ixer l\u2019esperan\u00e7a<\/strong>\u00bb, amb el qual vol felicitar tota la comunitat hospital\u00e0ria i agrair la seva dedicaci\u00f3, professionalitat i esperit de servei. La instituci\u00f3 reafirma la seva vocaci\u00f3 de continuar cuidant i acompanyant les persones m\u00e9s vulnerables, fidels al valor que la defineix: la hospitalitat.<\/p>\n\n\n\n<p>En aquest context, es destaca el comprom\u00eds col\u00b7lectiu de totes les persones que formem part de la Fundaci\u00f3 i el balan\u00e7 positiu del primer any de traject\u00f2ria com a Fundaci\u00f3 Hospital\u00e0ries. Trobareu m\u00e9s informaci\u00f3, <a href=\"https:\/\/fundacionhospitalarias.org\/es\/actualidad\/en-navidad-seguimos-cuidando-con-corazon\">aqu\u00ed<\/a>.<\/p>\n\n\n\n<figure class=\"wp-block-embed is-type-video is-provider-youtube wp-block-embed-youtube wp-embed-aspect-16-9 wp-has-aspect-ratio\"><div class=\"wp-block-embed__wrapper\">\n<iframe loading=\"lazy\" title=\"Felicitaci\u00f3n de Navidad a toda la comunidad hospitalaria\" width=\"1290\" height=\"726\" src=\"https:\/\/www.youtube.com\/embed\/MGYnwl_Qx5Q?feature=oembed\" frameborder=\"0\" allow=\"accelerometer; autoplay; clipboard-write; encrypted-media; gyroscope; picture-in-picture; web-share\" referrerpolicy=\"strict-origin-when-cross-origin\" allowfullscreen><\/iframe>\n<\/div><\/figure>\n\n\n\n<figure class=\"wp-block-embed is-type-video is-provider-youtube wp-block-embed-youtube wp-embed-aspect-16-9 wp-has-aspect-ratio\"><div class=\"wp-block-embed__wrapper\">\n<iframe loading=\"lazy\" title=\"V\u00eddeo Navidad 2025: as\u00ed ha sido nuestro a\u00f1o\" width=\"1290\" height=\"726\" src=\"https:\/\/www.youtube.com\/embed\/-DxdwbzkHrc?feature=oembed\" frameborder=\"0\" allow=\"accelerometer; autoplay; clipboard-write; encrypted-media; gyroscope; picture-in-picture; web-share\" referrerpolicy=\"strict-origin-when-cross-origin\" allowfullscreen><\/iframe>\n<\/div><\/figure>\n","protected":false},"excerpt":{"rendered":"<p>La Fundaci\u00f3 Hospital\u00e0ries celebra aquest Nadal sota el lema \u00abLa hospitalitat, el pessebre on torna a n\u00e9ixer l\u2019esperan\u00e7a\u00bb, amb el qual vol felicitar tota la comunitat hospital\u00e0ria i agrair la seva dedicaci\u00f3, professionalitat i esperit de servei. La instituci\u00f3 reafirma la seva vocaci\u00f3 de continuar cuidant i acompanyant les persones m\u00e9s vulnerables, fidels al valor [&hellip;]<\/p>\n","protected":false},"author":6,"featured_media":12411,"comment_status":"closed","ping_status":"","sticky":false,"template":"","format":"standard","meta":{"footnotes":""},"categories":[27],"tags":[],"class_list":["post-12410","post","type-post","status-publish","format-standard","has-post-thumbnail","hentry","category-actualitat"],"blocksy_meta":[],"featured_image_urls_v2":{"full":["https:\/\/fundaciohospitalariesmartorell.org\/entre-tots\/wp-content\/uploads\/2025\/12\/image-15.png",1280,720,false],"thumbnail":["https:\/\/fundaciohospitalariesmartorell.org\/entre-tots\/wp-content\/uploads\/2025\/12\/image-15-150x150.png",150,150,true],"medium":["https:\/\/fundaciohospitalariesmartorell.org\/entre-tots\/wp-content\/uploads\/2025\/12\/image-15-300x169.png",300,169,true],"medium_large":["https:\/\/fundaciohospitalariesmartorell.org\/entre-tots\/wp-content\/uploads\/2025\/12\/image-15-768x432.png",768,432,true],"large":["https:\/\/fundaciohospitalariesmartorell.org\/entre-tots\/wp-content\/uploads\/2025\/12\/image-15-1024x576.png",1024,576,true],"1536x1536":["https:\/\/fundaciohospitalariesmartorell.org\/entre-tots\/wp-content\/uploads\/2025\/12\/image-15.png",1280,720,false],"2048x2048":["https:\/\/fundaciohospitalariesmartorell.org\/entre-tots\/wp-content\/uploads\/2025\/12\/image-15.png",1280,720,false],"mailpoet_newsletter_max":["https:\/\/fundaciohospitalariesmartorell.org\/entre-tots\/wp-content\/uploads\/2025\/12\/image-15.png",1280,720,false]},"post_excerpt_stackable_v2":"<p>La Fundaci\u00f3 Hospital\u00e0ries celebra aquest Nadal sota el lema \u00abLa hospitalitat, el pessebre on torna a n\u00e9ixer l\u2019esperan\u00e7a\u00bb, amb el qual vol felicitar tota la comunitat hospital\u00e0ria i agrair la seva dedicaci\u00f3, professionalitat i esperit de servei. La instituci\u00f3 reafirma la seva vocaci\u00f3 de continuar cuidant i acompanyant les persones m\u00e9s vulnerables, fidels al valor que la defineix: la hospitalitat. En aquest context, es destaca el comprom\u00eds col\u00b7lectiu de totes les persones que formem part de la Fundaci\u00f3 i el balan\u00e7 positiu del primer any de traject\u00f2ria com a Fundaci\u00f3 Hospital\u00e0ries. Trobareu m\u00e9s informaci\u00f3, aqu\u00ed.<\/p>\n","category_list_v2":"<a href=\"https:\/\/fundaciohospitalariesmartorell.org\/entre-tots\/category\/actualitat\/\" rel=\"category tag\">ACTUALITAT<\/a>","author_info_v2":{"name":"Martorell_comunicacio","url":"https:\/\/fundaciohospitalariesmartorell.org\/entre-tots\/author\/martorell_comunicacio\/"},"comments_num_v2":"0 comments","_links":{"self":[{"href":"https:\/\/fundaciohospitalariesmartorell.org\/entre-tots\/wp-json\/wp\/v2\/posts\/12410","targetHints":{"allow":["GET"]}}],"collection":[{"href":"https:\/\/fundaciohospitalariesmartorell.org\/entre-tots\/wp-json\/wp\/v2\/posts"}],"about":[{"href":"https:\/\/fundaciohospitalariesmartorell.org\/entre-tots\/wp-json\/wp\/v2\/types\/post"}],"author":[{"embeddable":true,"href":"https:\/\/fundaciohospitalariesmartorell.org\/entre-tots\/wp-json\/wp\/v2\/users\/6"}],"replies":[{"embeddable":true,"href":"https:\/\/fundaciohospitalariesmartorell.org\/entre-tots\/wp-json\/wp\/v2\/comments?post=12410"}],"version-history":[{"count":1,"href":"https:\/\/fundaciohospitalariesmartorell.org\/entre-tots\/wp-json\/wp\/v2\/posts\/12410\/revisions"}],"predecessor-version":[{"id":12412,"href":"https:\/\/fundaciohospitalariesmartorell.org\/entre-tots\/wp-json\/wp\/v2\/posts\/12410\/revisions\/12412"}],"wp:featuredmedia":[{"embeddable":true,"href":"https:\/\/fundaciohospitalariesmartorell.org\/entre-tots\/wp-json\/wp\/v2\/media\/12411"}],"wp:attachment":[{"href":"https:\/\/fundaciohospitalariesmartorell.org\/entre-tots\/wp-json\/wp\/v2\/media?parent=12410"}],"wp:term":[{"taxonomy":"category","embeddable":true,"href":"https:\/\/fundaciohospitalariesmartorell.org\/entre-tots\/wp-json\/wp\/v2\/categories?post=12410"},{"taxonomy":"post_tag","embeddable":true,"href":"https:\/\/fundaciohospitalariesmartorell.org\/entre-tots\/wp-json\/wp\/v2\/tags?post=12410"}],"curies":[{"name":"wp","href":"https:\/\/api.w.org\/{rel}","templated":true}]}}