{"id":12413,"date":"2025-12-22T15:39:17","date_gmt":"2025-12-22T14:39:17","guid":{"rendered":"https:\/\/fundaciohospitalariesmartorell.org\/entre-tots\/?p=12413"},"modified":"2025-12-23T11:22:25","modified_gmt":"2025-12-23T10:22:25","slug":"el-concurs-de-pessebres-i-decoracio-de-nadal-2025-ja-te-guanyadors-es","status":"publish","type":"post","link":"https:\/\/fundaciohospitalariesmartorell.org\/entre-tots\/2025\/12\/el-concurs-de-pessebres-i-decoracio-de-nadal-2025-ja-te-guanyadors-es\/","title":{"rendered":"El concurs de Pessebres i decoraci\u00f3 de Nadal 2025 ja t\u00e9 guanyadors\/es"},"content":{"rendered":"\n<p>Despr\u00e9s d\u2019una acurada deliberaci\u00f3, el jurat del Concurs de Pessebres i Decoraci\u00f3 de Nadal 2025, organitzat un any m\u00e9s pel PAER, ha resolt que els guanyadors siguin:<\/p>\n\n\n\n<p><strong>Categoria d\u2019Hospitalitzaci\u00f3 en Salut Mental<\/strong><\/p>\n\n\n\n<p>2n premi: <em>\u201cPassatge de Nadal\u201d<\/em>, de la Unitat de Patologia Dual, per la seva creativitat, minuciositat, originalitat i coher\u00e8ncia en l\u2019exposici\u00f3. <\/p>\n\n\n\n<figure class=\"wp-block-image size-large\"><img loading=\"lazy\" decoding=\"async\" width=\"1024\" height=\"768\" src=\"https:\/\/fundaciohospitalariesmartorell.org\/entre-tots\/wp-content\/uploads\/2025\/12\/image-19-1024x768.png\" alt=\"\" class=\"wp-image-12417\" srcset=\"https:\/\/fundaciohospitalariesmartorell.org\/entre-tots\/wp-content\/uploads\/2025\/12\/image-19-1024x768.png 1024w, https:\/\/fundaciohospitalariesmartorell.org\/entre-tots\/wp-content\/uploads\/2025\/12\/image-19-300x225.png 300w, https:\/\/fundaciohospitalariesmartorell.org\/entre-tots\/wp-content\/uploads\/2025\/12\/image-19-768x576.png 768w, https:\/\/fundaciohospitalariesmartorell.org\/entre-tots\/wp-content\/uploads\/2025\/12\/image-19-1536x1152.png 1536w, https:\/\/fundaciohospitalariesmartorell.org\/entre-tots\/wp-content\/uploads\/2025\/12\/image-19-1320x990.png 1320w, https:\/\/fundaciohospitalariesmartorell.org\/entre-tots\/wp-content\/uploads\/2025\/12\/image-19.png 2000w\" sizes=\"auto, (max-width: 1024px) 100vw, 1024px\" \/><\/figure>\n\n\n\n<p>1r premi: &#8220;<em>Polo Norte\u201d<\/em>, de la Unitat de Sub-aguts, per la laboriositat, la idea de diversitat i la implicaci\u00f3 de les persones usu\u00e0ries.<\/p>\n\n\n\n<figure class=\"wp-block-image size-large\"><img loading=\"lazy\" decoding=\"async\" width=\"1024\" height=\"768\" src=\"https:\/\/fundaciohospitalariesmartorell.org\/entre-tots\/wp-content\/uploads\/2025\/12\/image-16-1024x768.png\" alt=\"\" class=\"wp-image-12414\" srcset=\"https:\/\/fundaciohospitalariesmartorell.org\/entre-tots\/wp-content\/uploads\/2025\/12\/image-16-1024x768.png 1024w, https:\/\/fundaciohospitalariesmartorell.org\/entre-tots\/wp-content\/uploads\/2025\/12\/image-16-300x225.png 300w, https:\/\/fundaciohospitalariesmartorell.org\/entre-tots\/wp-content\/uploads\/2025\/12\/image-16-768x576.png 768w, https:\/\/fundaciohospitalariesmartorell.org\/entre-tots\/wp-content\/uploads\/2025\/12\/image-16-1536x1152.png 1536w, https:\/\/fundaciohospitalariesmartorell.org\/entre-tots\/wp-content\/uploads\/2025\/12\/image-16-1320x990.png 1320w, https:\/\/fundaciohospitalariesmartorell.org\/entre-tots\/wp-content\/uploads\/2025\/12\/image-16.png 2000w\" sizes=\"auto, (max-width: 1024px) 100vw, 1024px\" \/><\/figure>\n\n\n\n<p><strong>Categoria de Serveis de Salut Mental Comunitaris<\/strong><\/p>\n\n\n\n<p>2n premi: <em>Camins entre vinyes cap a Betlem\u201d<\/em>, de l&#8217;SRC Vilafranca, per la seva creativitat, l\u2019\u00fas de materials de proximitat i la participaci\u00f3 il\u00b7lusionada de les persones participants. <\/p>\n\n\n\n<figure class=\"wp-block-image size-large\"><img loading=\"lazy\" decoding=\"async\" width=\"1024\" height=\"768\" src=\"https:\/\/fundaciohospitalariesmartorell.org\/entre-tots\/wp-content\/uploads\/2025\/12\/image-20-1024x768.png\" alt=\"\" class=\"wp-image-12418\" srcset=\"https:\/\/fundaciohospitalariesmartorell.org\/entre-tots\/wp-content\/uploads\/2025\/12\/image-20-1024x768.png 1024w, https:\/\/fundaciohospitalariesmartorell.org\/entre-tots\/wp-content\/uploads\/2025\/12\/image-20-300x225.png 300w, https:\/\/fundaciohospitalariesmartorell.org\/entre-tots\/wp-content\/uploads\/2025\/12\/image-20-768x576.png 768w, https:\/\/fundaciohospitalariesmartorell.org\/entre-tots\/wp-content\/uploads\/2025\/12\/image-20-1536x1152.png 1536w, https:\/\/fundaciohospitalariesmartorell.org\/entre-tots\/wp-content\/uploads\/2025\/12\/image-20-1320x990.png 1320w, https:\/\/fundaciohospitalariesmartorell.org\/entre-tots\/wp-content\/uploads\/2025\/12\/image-20.png 2000w\" sizes=\"auto, (max-width: 1024px) 100vw, 1024px\" \/><\/figure>\n\n\n\n<p>1r premi: <em>\u201cTothom \u00e9s benvingut a Nadal\u201d<\/em>, del CSMA de Vilafranca. S&#8217;ha valorat especialment el sentit terap\u00e8utic del treball, la cohesi\u00f3 del grup i l\u2019esperit nadalenc.<\/p>\n\n\n\n<figure class=\"wp-block-image size-large\"><img loading=\"lazy\" decoding=\"async\" width=\"1024\" height=\"768\" src=\"https:\/\/fundaciohospitalariesmartorell.org\/entre-tots\/wp-content\/uploads\/2025\/12\/image-17-1024x768.png\" alt=\"\" class=\"wp-image-12415\" srcset=\"https:\/\/fundaciohospitalariesmartorell.org\/entre-tots\/wp-content\/uploads\/2025\/12\/image-17-1024x768.png 1024w, https:\/\/fundaciohospitalariesmartorell.org\/entre-tots\/wp-content\/uploads\/2025\/12\/image-17-300x225.png 300w, https:\/\/fundaciohospitalariesmartorell.org\/entre-tots\/wp-content\/uploads\/2025\/12\/image-17-768x576.png 768w, https:\/\/fundaciohospitalariesmartorell.org\/entre-tots\/wp-content\/uploads\/2025\/12\/image-17-1536x1152.png 1536w, https:\/\/fundaciohospitalariesmartorell.org\/entre-tots\/wp-content\/uploads\/2025\/12\/image-17-1320x990.png 1320w, https:\/\/fundaciohospitalariesmartorell.org\/entre-tots\/wp-content\/uploads\/2025\/12\/image-17.png 2000w\" sizes=\"auto, (max-width: 1024px) 100vw, 1024px\" \/><\/figure>\n\n\n\n<p><strong>Categoria de l\u2019\u00c0rea d\u2019Atenci\u00f3 Interm\u00e8dia i Psicogeriatria<\/strong>.<\/p>\n\n\n\n<p>2n premi: &#8220;<em>Betlem sanitari o Conchi Betlem\u201d<\/em>, de Convalesc\u00e8ncia 0, reconegut per l\u2019originalitat, l\u2019elaboraci\u00f3 i el reciclatge de materials. <\/p>\n\n\n\n<figure class=\"wp-block-image size-large\"><img loading=\"lazy\" decoding=\"async\" width=\"1024\" height=\"768\" src=\"https:\/\/fundaciohospitalariesmartorell.org\/entre-tots\/wp-content\/uploads\/2025\/12\/image-21-1024x768.png\" alt=\"\" class=\"wp-image-12419\" srcset=\"https:\/\/fundaciohospitalariesmartorell.org\/entre-tots\/wp-content\/uploads\/2025\/12\/image-21-1024x768.png 1024w, https:\/\/fundaciohospitalariesmartorell.org\/entre-tots\/wp-content\/uploads\/2025\/12\/image-21-300x225.png 300w, https:\/\/fundaciohospitalariesmartorell.org\/entre-tots\/wp-content\/uploads\/2025\/12\/image-21-768x576.png 768w, https:\/\/fundaciohospitalariesmartorell.org\/entre-tots\/wp-content\/uploads\/2025\/12\/image-21-1536x1152.png 1536w, https:\/\/fundaciohospitalariesmartorell.org\/entre-tots\/wp-content\/uploads\/2025\/12\/image-21-1320x990.png 1320w, https:\/\/fundaciohospitalariesmartorell.org\/entre-tots\/wp-content\/uploads\/2025\/12\/image-21.png 2000w\" sizes=\"auto, (max-width: 1024px) 100vw, 1024px\" \/><\/figure>\n\n\n\n<p>1r premi:  <em>\u201cNadal musical\u201d<\/em>, de l\u2019Hospital de Dia Martorell, per la participaci\u00f3, la posada en escena musical i l\u2019art en la presentaci\u00f3.<\/p>\n\n\n\n<figure class=\"wp-block-image size-large\"><img loading=\"lazy\" decoding=\"async\" width=\"1024\" height=\"768\" src=\"https:\/\/fundaciohospitalariesmartorell.org\/entre-tots\/wp-content\/uploads\/2025\/12\/image-18-1024x768.png\" alt=\"\" class=\"wp-image-12416\" srcset=\"https:\/\/fundaciohospitalariesmartorell.org\/entre-tots\/wp-content\/uploads\/2025\/12\/image-18-1024x768.png 1024w, https:\/\/fundaciohospitalariesmartorell.org\/entre-tots\/wp-content\/uploads\/2025\/12\/image-18-300x225.png 300w, https:\/\/fundaciohospitalariesmartorell.org\/entre-tots\/wp-content\/uploads\/2025\/12\/image-18-768x576.png 768w, https:\/\/fundaciohospitalariesmartorell.org\/entre-tots\/wp-content\/uploads\/2025\/12\/image-18-1536x1152.png 1536w, https:\/\/fundaciohospitalariesmartorell.org\/entre-tots\/wp-content\/uploads\/2025\/12\/image-18-1320x990.png 1320w, https:\/\/fundaciohospitalariesmartorell.org\/entre-tots\/wp-content\/uploads\/2025\/12\/image-18.png 2000w\" sizes=\"auto, (max-width: 1024px) 100vw, 1024px\" \/><\/figure>\n\n\n\n<p>El jurat vol fer un reconeixement especial a totes les persones usu\u00e0ries i professionals participants pel seu comprom\u00eds, creativitat i esperit nadalenc, que han fet possible, un any m\u00e9s, crear un espai de col\u00b7laboraci\u00f3 i il\u00b7lusi\u00f3 al voltant de Nadal. Enguany s&#8217;han presentat 19 treballs. Trobareu un recull de fotografies, <a href=\"https:\/\/www.flickr.com\/photos\/200846637@N07\/sets\/72177720330980005\/\">aqu\u00ed<\/a>.<\/p>\n","protected":false},"excerpt":{"rendered":"<p>Despr\u00e9s d\u2019una acurada deliberaci\u00f3, el jurat del Concurs de Pessebres i Decoraci\u00f3 de Nadal 2025, organitzat un any m\u00e9s pel PAER, ha resolt que els guanyadors siguin: Categoria d\u2019Hospitalitzaci\u00f3 en Salut Mental 2n premi: \u201cPassatge de Nadal\u201d, de la Unitat de Patologia Dual, per la seva creativitat, minuciositat, originalitat i coher\u00e8ncia en l\u2019exposici\u00f3. 1r premi: [&hellip;]<\/p>\n","protected":false},"author":6,"featured_media":12425,"comment_status":"closed","ping_status":"closed","sticky":false,"template":"","format":"standard","meta":{"footnotes":""},"categories":[27],"tags":[],"class_list":["post-12413","post","type-post","status-publish","format-standard","has-post-thumbnail","hentry","category-actualitat"],"blocksy_meta":[],"featured_image_urls_v2":{"full":["https:\/\/fundaciohospitalariesmartorell.org\/entre-tots\/wp-content\/uploads\/2025\/12\/WhatsApp-Image-2025-12-15-at-11.41.43.jpeg",1600,1200,false],"thumbnail":["https:\/\/fundaciohospitalariesmartorell.org\/entre-tots\/wp-content\/uploads\/2025\/12\/WhatsApp-Image-2025-12-15-at-11.41.43-150x150.jpeg",150,150,true],"medium":["https:\/\/fundaciohospitalariesmartorell.org\/entre-tots\/wp-content\/uploads\/2025\/12\/WhatsApp-Image-2025-12-15-at-11.41.43-300x225.jpeg",300,225,true],"medium_large":["https:\/\/fundaciohospitalariesmartorell.org\/entre-tots\/wp-content\/uploads\/2025\/12\/WhatsApp-Image-2025-12-15-at-11.41.43-768x576.jpeg",768,576,true],"large":["https:\/\/fundaciohospitalariesmartorell.org\/entre-tots\/wp-content\/uploads\/2025\/12\/WhatsApp-Image-2025-12-15-at-11.41.43-1024x768.jpeg",1024,768,true],"1536x1536":["https:\/\/fundaciohospitalariesmartorell.org\/entre-tots\/wp-content\/uploads\/2025\/12\/WhatsApp-Image-2025-12-15-at-11.41.43-1536x1152.jpeg",1536,1152,true],"2048x2048":["https:\/\/fundaciohospitalariesmartorell.org\/entre-tots\/wp-content\/uploads\/2025\/12\/WhatsApp-Image-2025-12-15-at-11.41.43.jpeg",1600,1200,false],"mailpoet_newsletter_max":["https:\/\/fundaciohospitalariesmartorell.org\/entre-tots\/wp-content\/uploads\/2025\/12\/WhatsApp-Image-2025-12-15-at-11.41.43-1320x990.jpeg",1320,990,true]},"post_excerpt_stackable_v2":"<p>Despr\u00e9s d\u2019una acurada deliberaci\u00f3, el jurat del Concurs de Pessebres i Decoraci\u00f3 de Nadal 2025, organitzat un any m\u00e9s pel PAER, ha resolt que els guanyadors siguin: Categoria d\u2019Hospitalitzaci\u00f3 en Salut Mental 2n premi: \u201cPassatge de Nadal\u201d, de la Unitat de Patologia Dual, per la seva creativitat, minuciositat, originalitat i coher\u00e8ncia en l\u2019exposici\u00f3. 1r premi: &#8220;Polo Norte\u201d, de la Unitat de Sub-aguts, per la laboriositat, la idea de diversitat i la implicaci\u00f3 de les persones usu\u00e0ries. Categoria de Serveis de Salut Mental Comunitaris 2n premi: Camins entre vinyes cap a Betlem\u201d, de l&#8217;SRC Vilafranca, per la seva creativitat, l\u2019\u00fas de&hellip;<\/p>\n","category_list_v2":"<a href=\"https:\/\/fundaciohospitalariesmartorell.org\/entre-tots\/category\/actualitat\/\" rel=\"category tag\">ACTUALITAT<\/a>","author_info_v2":{"name":"Martorell_comunicacio","url":"https:\/\/fundaciohospitalariesmartorell.org\/entre-tots\/author\/martorell_comunicacio\/"},"comments_num_v2":"0 comments","_links":{"self":[{"href":"https:\/\/fundaciohospitalariesmartorell.org\/entre-tots\/wp-json\/wp\/v2\/posts\/12413","targetHints":{"allow":["GET"]}}],"collection":[{"href":"https:\/\/fundaciohospitalariesmartorell.org\/entre-tots\/wp-json\/wp\/v2\/posts"}],"about":[{"href":"https:\/\/fundaciohospitalariesmartorell.org\/entre-tots\/wp-json\/wp\/v2\/types\/post"}],"author":[{"embeddable":true,"href":"https:\/\/fundaciohospitalariesmartorell.org\/entre-tots\/wp-json\/wp\/v2\/users\/6"}],"replies":[{"embeddable":true,"href":"https:\/\/fundaciohospitalariesmartorell.org\/entre-tots\/wp-json\/wp\/v2\/comments?post=12413"}],"version-history":[{"count":4,"href":"https:\/\/fundaciohospitalariesmartorell.org\/entre-tots\/wp-json\/wp\/v2\/posts\/12413\/revisions"}],"predecessor-version":[{"id":12443,"href":"https:\/\/fundaciohospitalariesmartorell.org\/entre-tots\/wp-json\/wp\/v2\/posts\/12413\/revisions\/12443"}],"wp:featuredmedia":[{"embeddable":true,"href":"https:\/\/fundaciohospitalariesmartorell.org\/entre-tots\/wp-json\/wp\/v2\/media\/12425"}],"wp:attachment":[{"href":"https:\/\/fundaciohospitalariesmartorell.org\/entre-tots\/wp-json\/wp\/v2\/media?parent=12413"}],"wp:term":[{"taxonomy":"category","embeddable":true,"href":"https:\/\/fundaciohospitalariesmartorell.org\/entre-tots\/wp-json\/wp\/v2\/categories?post=12413"},{"taxonomy":"post_tag","embeddable":true,"href":"https:\/\/fundaciohospitalariesmartorell.org\/entre-tots\/wp-json\/wp\/v2\/tags?post=12413"}],"curies":[{"name":"wp","href":"https:\/\/api.w.org\/{rel}","templated":true}]}}