{"id":12423,"date":"2025-12-23T10:46:31","date_gmt":"2025-12-23T09:46:31","guid":{"rendered":"https:\/\/fundaciohospitalariesmartorell.org\/entre-tots\/?p=12423"},"modified":"2025-12-23T11:34:00","modified_gmt":"2025-12-23T10:34:00","slug":"a-la-fundacio-hospitalaries-martorell-construim-un-nadal-per-a-tothom","status":"publish","type":"post","link":"https:\/\/fundaciohospitalariesmartorell.org\/entre-tots\/2025\/12\/a-la-fundacio-hospitalaries-martorell-construim-un-nadal-per-a-tothom\/","title":{"rendered":"A la Fundaci\u00f3 Hospital\u00e0ries Martorell constru\u00efm un Nadal per a tothom"},"content":{"rendered":"\n<p>El passat dilluns 22 de desembre vam celebrar l\u2019acte institucional de Nadal de la Fundaci\u00f3 Hospital\u00e0ries Martorell, una jornada molt participada i alhora marcada pel recolliment, que ens va oferir l\u2019oportunitat de retrobar-nos i desitjar-nos bones festes en un ambient de comunitat i celebraci\u00f3.<\/p>\n\n\n\n<p>La jornada es va iniciar a les 11.30h amb el preg\u00f3 de Nadal \u201cConstru\u00efm un Nadal per a tothom!\u201d, a c\u00e0rrec del Dr. Fernando Boatas, que ens va recordar que &#8220;s\u00f3n dies plens de celebracions, per\u00f2 no podem oblidar que aquestes festes giren entorn del dia 25, la Nativitat de Jes\u00fas.&#8221; <\/p>\n\n\n\n<blockquote class=\"wp-block-quote is-layout-flow wp-block-quote-is-layout-flow\">\n<p>&#8220;M\u00e9s enll\u00e0 de la festa, se\u2019ns convida a anar una mica m\u00e9s enll\u00e0 i a preguntar-nos per qu\u00e8 estem alegres&#8221;. I en al\u00b7lusions a la can\u00e7\u00f3 de Mecano que diu \u201cpor una vez hacemos algo a la vez\u201d, Boatas va assegurar que una de les dimensions m\u00e9s importants de Nadal \u00e9s la de poder fer coses junts. Aquesta viv\u00e8ncia compartida, de comunitat i trobada, \u00e9s una part essencial del sentit profund d\u2019aquesta festivitat.<\/p>\n<\/blockquote>\n\n\n\n<figure class=\"wp-block-image size-large\"><img loading=\"lazy\" decoding=\"async\" width=\"1024\" height=\"576\" src=\"https:\/\/fundaciohospitalariesmartorell.org\/entre-tots\/wp-content\/uploads\/2025\/12\/image-25-1024x576.png\" alt=\"\" class=\"wp-image-12439\" srcset=\"https:\/\/fundaciohospitalariesmartorell.org\/entre-tots\/wp-content\/uploads\/2025\/12\/image-25-1024x576.png 1024w, https:\/\/fundaciohospitalariesmartorell.org\/entre-tots\/wp-content\/uploads\/2025\/12\/image-25-300x169.png 300w, https:\/\/fundaciohospitalariesmartorell.org\/entre-tots\/wp-content\/uploads\/2025\/12\/image-25-768x432.png 768w, https:\/\/fundaciohospitalariesmartorell.org\/entre-tots\/wp-content\/uploads\/2025\/12\/image-25-1536x864.png 1536w, https:\/\/fundaciohospitalariesmartorell.org\/entre-tots\/wp-content\/uploads\/2025\/12\/image-25-1320x743.png 1320w, https:\/\/fundaciohospitalariesmartorell.org\/entre-tots\/wp-content\/uploads\/2025\/12\/image-25.png 1600w\" sizes=\"auto, (max-width: 1024px) 100vw, 1024px\" \/><\/figure>\n\n\n\n<p>Seguidament, va tenir lloc l\u2019eucaristia, presidida pel germ\u00e0 de Sant Joan de D\u00e9u Jes\u00fas Etayo. Durant la celebraci\u00f3, el germ\u00e0 Jes\u00fas, tothora molt proper, va destacar el veritable sentit de la \u201cloteria\u201d de Nadal: el naixement de Jes\u00fas. I va fer una crida a viure aquestes festes amb alegria i esperan\u00e7a, seguint l\u2019exemple de Maria.<\/p>\n\n\n\n<figure class=\"wp-block-image size-large\"><img loading=\"lazy\" decoding=\"async\" width=\"1024\" height=\"768\" src=\"https:\/\/fundaciohospitalariesmartorell.org\/entre-tots\/wp-content\/uploads\/2025\/12\/20251222_115736-1024x768.jpg\" alt=\"\" class=\"wp-image-12435\" srcset=\"https:\/\/fundaciohospitalariesmartorell.org\/entre-tots\/wp-content\/uploads\/2025\/12\/20251222_115736-1024x768.jpg 1024w, https:\/\/fundaciohospitalariesmartorell.org\/entre-tots\/wp-content\/uploads\/2025\/12\/20251222_115736-300x225.jpg 300w, https:\/\/fundaciohospitalariesmartorell.org\/entre-tots\/wp-content\/uploads\/2025\/12\/20251222_115736-768x576.jpg 768w, https:\/\/fundaciohospitalariesmartorell.org\/entre-tots\/wp-content\/uploads\/2025\/12\/20251222_115736-1536x1152.jpg 1536w, https:\/\/fundaciohospitalariesmartorell.org\/entre-tots\/wp-content\/uploads\/2025\/12\/20251222_115736-2048x1536.jpg 2048w, https:\/\/fundaciohospitalariesmartorell.org\/entre-tots\/wp-content\/uploads\/2025\/12\/20251222_115736-1320x990.jpg 1320w\" sizes=\"auto, (max-width: 1024px) 100vw, 1024px\" \/><\/figure>\n\n\n\n<p>A continuaci\u00f3, es va procedir al lliurament dels premis del Concurs de pessebres i decoraci\u00f3 de Nadal 2025. Trobareu tota la informaci\u00f3 dels guardonats, en aquest <a href=\"https:\/\/fundaciohospitalariesmartorell.org\/entre-tots\/2025\/12\/el-concurs-de-pessebres-i-decoracio-de-nadal-2025-ja-te-guanyadors-es\/\">enlla\u00e7<\/a>.<\/p>\n\n\n\n<figure class=\"wp-block-image size-large\"><a href=\"https:\/\/fundaciohospitalariesmartorell.org\/entre-tots\/2025\/12\/el-concurs-de-pessebres-i-decoracio-de-nadal-2025-ja-te-guanyadors-es\/\"><img loading=\"lazy\" decoding=\"async\" width=\"1024\" height=\"768\" src=\"https:\/\/fundaciohospitalariesmartorell.org\/entre-tots\/wp-content\/uploads\/2025\/12\/20251222_123836-1024x768.jpg\" alt=\"\" class=\"wp-image-12434\" srcset=\"https:\/\/fundaciohospitalariesmartorell.org\/entre-tots\/wp-content\/uploads\/2025\/12\/20251222_123836-1024x768.jpg 1024w, https:\/\/fundaciohospitalariesmartorell.org\/entre-tots\/wp-content\/uploads\/2025\/12\/20251222_123836-300x225.jpg 300w, https:\/\/fundaciohospitalariesmartorell.org\/entre-tots\/wp-content\/uploads\/2025\/12\/20251222_123836-768x576.jpg 768w, https:\/\/fundaciohospitalariesmartorell.org\/entre-tots\/wp-content\/uploads\/2025\/12\/20251222_123836-1536x1152.jpg 1536w, https:\/\/fundaciohospitalariesmartorell.org\/entre-tots\/wp-content\/uploads\/2025\/12\/20251222_123836-2048x1536.jpg 2048w, https:\/\/fundaciohospitalariesmartorell.org\/entre-tots\/wp-content\/uploads\/2025\/12\/20251222_123836-1320x990.jpg 1320w\" sizes=\"auto, (max-width: 1024px) 100vw, 1024px\" \/><\/a><\/figure>\n\n\n\n<p>L\u2019acte va continuar amb el sorteig de les targetes regal vinculades a l\u2019Enquesta de Clima i Comprom\u00eds 2025. Hort\u00e8nsia P\u00e9rez, directora de l&#8217;\u00c0rea de Persones, va presentar i agrair els resultats de participaci\u00f3 abans de realitzar el sorteig entre les persones participants. Les persones guanyadores d&#8217;aquesta edici\u00f3 van ser: Isabel Rivera, Sara Asadi, Miriam Santos, Lorena Garcia, Noem\u00ed San Emeterio, Sabah El Bagdadi.<\/p>\n\n\n\n<figure class=\"wp-block-gallery has-nested-images columns-default is-cropped wp-block-gallery-1 is-layout-flex wp-block-gallery-is-layout-flex\">\n<figure class=\"wp-block-image size-large\"><img loading=\"lazy\" decoding=\"async\" width=\"768\" height=\"1024\" data-id=\"12437\" src=\"https:\/\/fundaciohospitalariesmartorell.org\/entre-tots\/wp-content\/uploads\/2025\/12\/20251222_130044-768x1024.jpg\" alt=\"\" class=\"wp-image-12437\" srcset=\"https:\/\/fundaciohospitalariesmartorell.org\/entre-tots\/wp-content\/uploads\/2025\/12\/20251222_130044-768x1024.jpg 768w, https:\/\/fundaciohospitalariesmartorell.org\/entre-tots\/wp-content\/uploads\/2025\/12\/20251222_130044-225x300.jpg 225w, https:\/\/fundaciohospitalariesmartorell.org\/entre-tots\/wp-content\/uploads\/2025\/12\/20251222_130044-1152x1536.jpg 1152w, https:\/\/fundaciohospitalariesmartorell.org\/entre-tots\/wp-content\/uploads\/2025\/12\/20251222_130044-1536x2048.jpg 1536w, https:\/\/fundaciohospitalariesmartorell.org\/entre-tots\/wp-content\/uploads\/2025\/12\/20251222_130044-1320x1760.jpg 1320w, https:\/\/fundaciohospitalariesmartorell.org\/entre-tots\/wp-content\/uploads\/2025\/12\/20251222_130044-scaled.jpg 1920w\" sizes=\"auto, (max-width: 768px) 100vw, 768px\" \/><\/figure>\n\n\n\n<figure class=\"wp-block-image size-large\"><img loading=\"lazy\" decoding=\"async\" width=\"533\" height=\"867\" data-id=\"12438\" src=\"https:\/\/fundaciohospitalariesmartorell.org\/entre-tots\/wp-content\/uploads\/2025\/12\/image-24.png\" alt=\"\" class=\"wp-image-12438\" srcset=\"https:\/\/fundaciohospitalariesmartorell.org\/entre-tots\/wp-content\/uploads\/2025\/12\/image-24.png 533w, https:\/\/fundaciohospitalariesmartorell.org\/entre-tots\/wp-content\/uploads\/2025\/12\/image-24-184x300.png 184w\" sizes=\"auto, (max-width: 533px) 100vw, 533px\" \/><\/figure>\n<\/figure>\n\n\n\n<p>Per cloure l\u2019acte, Sor Margarita Vicente, germana delgada i el Dr. Jes\u00fas Ezquerra, gerent, van adre\u00e7ar unes paraules de felicitaci\u00f3 amb motiu de les festes. Seguidament es va projectar la <a href=\"https:\/\/fundaciohospitalariesmartorell.org\/entre-tots\/2025\/12\/la-hospitalitat-el-pessebre-on-torna-a-neixer-lesperanca\/\">felicitaci\u00f3 de Nadal en v\u00eddeo<\/a> de Sor Fuencisla Mart\u00edn, superiora provincial, i de Sor Luz Divina S\u00e1nchez, presidenta del patronat de la Fundaci\u00f3 Hospital\u00e0ries, adre\u00e7ada a tota la comunitat hospital\u00e0ria.<\/p>\n\n\n\n<figure class=\"wp-block-image size-large\"><img loading=\"lazy\" decoding=\"async\" width=\"1024\" height=\"768\" src=\"https:\/\/fundaciohospitalariesmartorell.org\/entre-tots\/wp-content\/uploads\/2025\/12\/20251222_131218-1024x768.jpg\" alt=\"\" class=\"wp-image-12440\" srcset=\"https:\/\/fundaciohospitalariesmartorell.org\/entre-tots\/wp-content\/uploads\/2025\/12\/20251222_131218-1024x768.jpg 1024w, https:\/\/fundaciohospitalariesmartorell.org\/entre-tots\/wp-content\/uploads\/2025\/12\/20251222_131218-300x225.jpg 300w, https:\/\/fundaciohospitalariesmartorell.org\/entre-tots\/wp-content\/uploads\/2025\/12\/20251222_131218-768x576.jpg 768w, https:\/\/fundaciohospitalariesmartorell.org\/entre-tots\/wp-content\/uploads\/2025\/12\/20251222_131218-1536x1152.jpg 1536w, https:\/\/fundaciohospitalariesmartorell.org\/entre-tots\/wp-content\/uploads\/2025\/12\/20251222_131218-2048x1536.jpg 2048w, https:\/\/fundaciohospitalariesmartorell.org\/entre-tots\/wp-content\/uploads\/2025\/12\/20251222_131218-1320x990.jpg 1320w\" sizes=\"auto, (max-width: 1024px) 100vw, 1024px\" \/><\/figure>\n\n\n\n<p>Finalment es va dur a terme la projecci\u00f3 d\u2019una petita representaci\u00f3 preparada per les noies i els nois de la Unitat de Diversitat Funcional, que ja havien presentat dies abans davant dels seus familiars i que van voler compartir amb tots\/es els\/les assistents.<\/p>\n\n\n\n<p>L\u2019acte va finalitzar amb un aperitiu a la cafeteria de l&#8217;hospital<\/p>\n\n\n\n<p>Trobareu totes les fotos de la celebraci\u00f3, <a href=\"https:\/\/flic.kr\/s\/aHBqjCE7rT\">aqu\u00ed<\/a>. <\/p>\n\n\n\n<figure class=\"wp-block-image size-large\"><a href=\"https:\/\/flic.kr\/s\/aHBqjCE7rT\"><img loading=\"lazy\" decoding=\"async\" width=\"1024\" height=\"576\" src=\"https:\/\/fundaciohospitalariesmartorell.org\/entre-tots\/wp-content\/uploads\/2025\/12\/2025-Salvapantalles-3-1024x576.png\" alt=\"\" class=\"wp-image-12445\" srcset=\"https:\/\/fundaciohospitalariesmartorell.org\/entre-tots\/wp-content\/uploads\/2025\/12\/2025-Salvapantalles-3-1024x576.png 1024w, https:\/\/fundaciohospitalariesmartorell.org\/entre-tots\/wp-content\/uploads\/2025\/12\/2025-Salvapantalles-3-300x169.png 300w, https:\/\/fundaciohospitalariesmartorell.org\/entre-tots\/wp-content\/uploads\/2025\/12\/2025-Salvapantalles-3-768x432.png 768w, https:\/\/fundaciohospitalariesmartorell.org\/entre-tots\/wp-content\/uploads\/2025\/12\/2025-Salvapantalles-3-1536x864.png 1536w, https:\/\/fundaciohospitalariesmartorell.org\/entre-tots\/wp-content\/uploads\/2025\/12\/2025-Salvapantalles-3-1320x743.png 1320w, https:\/\/fundaciohospitalariesmartorell.org\/entre-tots\/wp-content\/uploads\/2025\/12\/2025-Salvapantalles-3.png 1920w\" sizes=\"auto, (max-width: 1024px) 100vw, 1024px\" \/><\/a><\/figure>\n","protected":false},"excerpt":{"rendered":"<p>El passat dilluns 22 de desembre vam celebrar l\u2019acte institucional de Nadal de la Fundaci\u00f3 Hospital\u00e0ries Martorell, una jornada molt participada i alhora marcada pel recolliment, que ens va oferir l\u2019oportunitat de retrobar-nos i desitjar-nos bones festes en un ambient de comunitat i celebraci\u00f3. La jornada es va iniciar a les 11.30h amb el preg\u00f3 [&hellip;]<\/p>\n","protected":false},"author":6,"featured_media":12441,"comment_status":"closed","ping_status":"closed","sticky":false,"template":"","format":"standard","meta":{"footnotes":""},"categories":[27],"tags":[],"class_list":["post-12423","post","type-post","status-publish","format-standard","has-post-thumbnail","hentry","category-actualitat"],"blocksy_meta":[],"featured_image_urls_v2":{"full":["https:\/\/fundaciohospitalariesmartorell.org\/entre-tots\/wp-content\/uploads\/2025\/12\/20251222_123838-scaled.jpg",2560,1920,false],"thumbnail":["https:\/\/fundaciohospitalariesmartorell.org\/entre-tots\/wp-content\/uploads\/2025\/12\/20251222_123838-150x150.jpg",150,150,true],"medium":["https:\/\/fundaciohospitalariesmartorell.org\/entre-tots\/wp-content\/uploads\/2025\/12\/20251222_123838-300x225.jpg",300,225,true],"medium_large":["https:\/\/fundaciohospitalariesmartorell.org\/entre-tots\/wp-content\/uploads\/2025\/12\/20251222_123838-768x576.jpg",768,576,true],"large":["https:\/\/fundaciohospitalariesmartorell.org\/entre-tots\/wp-content\/uploads\/2025\/12\/20251222_123838-1024x768.jpg",1024,768,true],"1536x1536":["https:\/\/fundaciohospitalariesmartorell.org\/entre-tots\/wp-content\/uploads\/2025\/12\/20251222_123838-1536x1152.jpg",1536,1152,true],"2048x2048":["https:\/\/fundaciohospitalariesmartorell.org\/entre-tots\/wp-content\/uploads\/2025\/12\/20251222_123838-2048x1536.jpg",2048,1536,true],"mailpoet_newsletter_max":["https:\/\/fundaciohospitalariesmartorell.org\/entre-tots\/wp-content\/uploads\/2025\/12\/20251222_123838-1320x990.jpg",1320,990,true]},"post_excerpt_stackable_v2":"<p>El passat dilluns 22 de desembre vam celebrar l\u2019acte institucional de Nadal de la Fundaci\u00f3 Hospital\u00e0ries Martorell, una jornada molt participada i alhora marcada pel recolliment, que ens va oferir l\u2019oportunitat de retrobar-nos i desitjar-nos bones festes en un ambient de comunitat i celebraci\u00f3. La jornada es va iniciar a les 11.30h amb el preg\u00f3 de Nadal \u201cConstru\u00efm un Nadal per a tothom!\u201d, a c\u00e0rrec del Dr. Fernando Boatas, que ens va recordar que &#8220;s\u00f3n dies plens de celebracions, per\u00f2 no podem oblidar que aquestes festes giren entorn del dia 25, la Nativitat de Jes\u00fas.&#8221; &#8220;M\u00e9s enll\u00e0 de la festa,&hellip;<\/p>\n","category_list_v2":"<a href=\"https:\/\/fundaciohospitalariesmartorell.org\/entre-tots\/category\/actualitat\/\" rel=\"category tag\">ACTUALITAT<\/a>","author_info_v2":{"name":"Martorell_comunicacio","url":"https:\/\/fundaciohospitalariesmartorell.org\/entre-tots\/author\/martorell_comunicacio\/"},"comments_num_v2":"0 comments","_links":{"self":[{"href":"https:\/\/fundaciohospitalariesmartorell.org\/entre-tots\/wp-json\/wp\/v2\/posts\/12423","targetHints":{"allow":["GET"]}}],"collection":[{"href":"https:\/\/fundaciohospitalariesmartorell.org\/entre-tots\/wp-json\/wp\/v2\/posts"}],"about":[{"href":"https:\/\/fundaciohospitalariesmartorell.org\/entre-tots\/wp-json\/wp\/v2\/types\/post"}],"author":[{"embeddable":true,"href":"https:\/\/fundaciohospitalariesmartorell.org\/entre-tots\/wp-json\/wp\/v2\/users\/6"}],"replies":[{"embeddable":true,"href":"https:\/\/fundaciohospitalariesmartorell.org\/entre-tots\/wp-json\/wp\/v2\/comments?post=12423"}],"version-history":[{"count":3,"href":"https:\/\/fundaciohospitalariesmartorell.org\/entre-tots\/wp-json\/wp\/v2\/posts\/12423\/revisions"}],"predecessor-version":[{"id":12446,"href":"https:\/\/fundaciohospitalariesmartorell.org\/entre-tots\/wp-json\/wp\/v2\/posts\/12423\/revisions\/12446"}],"wp:featuredmedia":[{"embeddable":true,"href":"https:\/\/fundaciohospitalariesmartorell.org\/entre-tots\/wp-json\/wp\/v2\/media\/12441"}],"wp:attachment":[{"href":"https:\/\/fundaciohospitalariesmartorell.org\/entre-tots\/wp-json\/wp\/v2\/media?parent=12423"}],"wp:term":[{"taxonomy":"category","embeddable":true,"href":"https:\/\/fundaciohospitalariesmartorell.org\/entre-tots\/wp-json\/wp\/v2\/categories?post=12423"},{"taxonomy":"post_tag","embeddable":true,"href":"https:\/\/fundaciohospitalariesmartorell.org\/entre-tots\/wp-json\/wp\/v2\/tags?post=12423"}],"curies":[{"name":"wp","href":"https:\/\/api.w.org\/{rel}","templated":true}]}}