{"id":12428,"date":"2025-12-23T09:20:54","date_gmt":"2025-12-23T08:20:54","guid":{"rendered":"https:\/\/fundaciohospitalariesmartorell.org\/entre-tots\/?p=12428"},"modified":"2025-12-23T09:31:56","modified_gmt":"2025-12-23T08:31:56","slug":"les-addiccions-i-el-trastorn-dual-eixos-centrals-del-xviii-workshop-del-consorci-sanitari-de-lanoia","status":"publish","type":"post","link":"https:\/\/fundaciohospitalariesmartorell.org\/entre-tots\/2025\/12\/les-addiccions-i-el-trastorn-dual-eixos-centrals-del-xviii-workshop-del-consorci-sanitari-de-lanoia\/","title":{"rendered":"Les addiccions i el trastorn dual, eixos centrals del XVIII Workshop del Consorci Sanitari de l&#8217;Anoia"},"content":{"rendered":"\n<figure class=\"wp-block-image size-large\"><img loading=\"lazy\" decoding=\"async\" width=\"1024\" height=\"768\" src=\"https:\/\/fundaciohospitalariesmartorell.org\/entre-tots\/wp-content\/uploads\/2025\/12\/image-22-1024x768.png\" alt=\"\" class=\"wp-image-12429\" srcset=\"https:\/\/fundaciohospitalariesmartorell.org\/entre-tots\/wp-content\/uploads\/2025\/12\/image-22-1024x768.png 1024w, https:\/\/fundaciohospitalariesmartorell.org\/entre-tots\/wp-content\/uploads\/2025\/12\/image-22-300x225.png 300w, https:\/\/fundaciohospitalariesmartorell.org\/entre-tots\/wp-content\/uploads\/2025\/12\/image-22-768x576.png 768w, https:\/\/fundaciohospitalariesmartorell.org\/entre-tots\/wp-content\/uploads\/2025\/12\/image-22-1536x1152.png 1536w, https:\/\/fundaciohospitalariesmartorell.org\/entre-tots\/wp-content\/uploads\/2025\/12\/image-22-1320x990.png 1320w, https:\/\/fundaciohospitalariesmartorell.org\/entre-tots\/wp-content\/uploads\/2025\/12\/image-22.png 2040w\" sizes=\"auto, (max-width: 1024px) 100vw, 1024px\" \/><\/figure>\n\n\n\n<p>El passat 21 de novembre va tenir lloc el XVIII Workshop d\u2019Actualitzaci\u00f3 en Salut Mental i Addiccions, organitzat pel Consorci Sanitari de l&#8217;Anoia, una jornada de refer\u00e8ncia que va reunir professionals de diferents \u00e0mbits per reflexionar i compartir coneixement al voltant d\u2019un dels principals reptes de la salut mental actual: les addiccions, i en especial, les addiccions comportamentals.<\/p>\n\n\n\n<p>En aquest context, el Dr. David Chesa Vela, psiquiatre i coordinador de la Unitat de Psicologia Dual de la Fundaci\u00f3 Hospital\u00e0ries Martorell i dels CASD Alt Pened\u00e8s i Garraf, va impartir la pon\u00e8ncia \u201cTrastorn dual: una realitat en l\u2019atenci\u00f3 di\u00e0ria\u201d. La intervenci\u00f3 va posar el focus en la situaci\u00f3 actual dels problemes de diagn\u00f2stic dual, ent\u00e8s com la coexist\u00e8ncia d\u2019un trastorn addictiu i un altre trastorn mental, una realitat cada vegada m\u00e9s prevalent.<\/p>\n\n\n\n<p>Durant la pon\u00e8ncia, es va destacar l\u2019alta incid\u00e8ncia del trastorn dual i l\u2019impacte que genera en les xarxes d\u2019atenci\u00f3 en salut mental i addiccions, tant en l&#8217;\u00e0mbit assistencial com social. Aix\u00ed mateix, es va fer una actualitzaci\u00f3 de les associacions m\u00e9s freq\u00fcents entre diferents diagn\u00f2stics de salut mental i els diversos tipus d\u2019addiccions, incloent-hi tant les addiccions a subst\u00e0ncies com les addiccions comportamentals, que han anat guanyant protagonisme en els darrers anys.<\/p>\n\n\n\n<p>La sessi\u00f3 tamb\u00e9 va abordar aspectes clau relacionats amb l\u2019etiopatog\u00e8nia, el diagn\u00f2stic i el tractament gen\u00e8ric del trastorn dual, posant de manifest la necessitat d\u2019enfocaments integrals i coordinats que donin resposta a una realitat cl\u00ednica complexa i canviant.<\/p>\n\n\n\n<p>El Workshop va servir, un any m\u00e9s, com a espai de trobada i reflexi\u00f3 conjunta entre professionals, amb l\u2019objectiu de debatre, compartir experi\u00e8ncies i posar en relleu les l\u00ednies de treball que s\u2019estan desenvolupant. Tal com es va remarcar al llarg de la jornada, l\u2019abordatge de les addiccions i del trastorn dual nom\u00e9s \u00e9s possible des de la implicaci\u00f3 de les persones afectades, del seu entorn proper i del conjunt de la xarxa comunit\u00e0ria.<br><\/p>\n","protected":false},"excerpt":{"rendered":"<p>El passat 21 de novembre va tenir lloc el XVIII Workshop d\u2019Actualitzaci\u00f3 en Salut Mental i Addiccions, organitzat pel Consorci Sanitari de l&#8217;Anoia, una jornada de refer\u00e8ncia que va reunir professionals de diferents \u00e0mbits per reflexionar i compartir coneixement al voltant d\u2019un dels principals reptes de la salut mental actual: les addiccions, i en especial, [&hellip;]<\/p>\n","protected":false},"author":6,"featured_media":12429,"comment_status":"closed","ping_status":"","sticky":false,"template":"","format":"standard","meta":{"footnotes":""},"categories":[27],"tags":[],"class_list":["post-12428","post","type-post","status-publish","format-standard","has-post-thumbnail","hentry","category-actualitat"],"blocksy_meta":[],"featured_image_urls_v2":{"full":["https:\/\/fundaciohospitalariesmartorell.org\/entre-tots\/wp-content\/uploads\/2025\/12\/image-22.png",2040,1530,false],"thumbnail":["https:\/\/fundaciohospitalariesmartorell.org\/entre-tots\/wp-content\/uploads\/2025\/12\/image-22-150x150.png",150,150,true],"medium":["https:\/\/fundaciohospitalariesmartorell.org\/entre-tots\/wp-content\/uploads\/2025\/12\/image-22-300x225.png",300,225,true],"medium_large":["https:\/\/fundaciohospitalariesmartorell.org\/entre-tots\/wp-content\/uploads\/2025\/12\/image-22-768x576.png",768,576,true],"large":["https:\/\/fundaciohospitalariesmartorell.org\/entre-tots\/wp-content\/uploads\/2025\/12\/image-22-1024x768.png",1024,768,true],"1536x1536":["https:\/\/fundaciohospitalariesmartorell.org\/entre-tots\/wp-content\/uploads\/2025\/12\/image-22-1536x1152.png",1536,1152,true],"2048x2048":["https:\/\/fundaciohospitalariesmartorell.org\/entre-tots\/wp-content\/uploads\/2025\/12\/image-22.png",2040,1530,false],"mailpoet_newsletter_max":["https:\/\/fundaciohospitalariesmartorell.org\/entre-tots\/wp-content\/uploads\/2025\/12\/image-22-1320x990.png",1320,990,true]},"post_excerpt_stackable_v2":"<p>El passat 21 de novembre va tenir lloc el XVIII Workshop d\u2019Actualitzaci\u00f3 en Salut Mental i Addiccions, organitzat pel Consorci Sanitari de l&#8217;Anoia, una jornada de refer\u00e8ncia que va reunir professionals de diferents \u00e0mbits per reflexionar i compartir coneixement al voltant d\u2019un dels principals reptes de la salut mental actual: les addiccions, i en especial, les addiccions comportamentals. En aquest context, el Dr. David Chesa Vela, psiquiatre i coordinador de la Unitat de Psicologia Dual de la Fundaci\u00f3 Hospital\u00e0ries Martorell i dels CASD Alt Pened\u00e8s i Garraf, va impartir la pon\u00e8ncia \u201cTrastorn dual: una realitat en l\u2019atenci\u00f3 di\u00e0ria\u201d. La intervenci\u00f3&hellip;<\/p>\n","category_list_v2":"<a href=\"https:\/\/fundaciohospitalariesmartorell.org\/entre-tots\/category\/actualitat\/\" rel=\"category tag\">ACTUALITAT<\/a>","author_info_v2":{"name":"Martorell_comunicacio","url":"https:\/\/fundaciohospitalariesmartorell.org\/entre-tots\/author\/martorell_comunicacio\/"},"comments_num_v2":"0 comments","_links":{"self":[{"href":"https:\/\/fundaciohospitalariesmartorell.org\/entre-tots\/wp-json\/wp\/v2\/posts\/12428","targetHints":{"allow":["GET"]}}],"collection":[{"href":"https:\/\/fundaciohospitalariesmartorell.org\/entre-tots\/wp-json\/wp\/v2\/posts"}],"about":[{"href":"https:\/\/fundaciohospitalariesmartorell.org\/entre-tots\/wp-json\/wp\/v2\/types\/post"}],"author":[{"embeddable":true,"href":"https:\/\/fundaciohospitalariesmartorell.org\/entre-tots\/wp-json\/wp\/v2\/users\/6"}],"replies":[{"embeddable":true,"href":"https:\/\/fundaciohospitalariesmartorell.org\/entre-tots\/wp-json\/wp\/v2\/comments?post=12428"}],"version-history":[{"count":1,"href":"https:\/\/fundaciohospitalariesmartorell.org\/entre-tots\/wp-json\/wp\/v2\/posts\/12428\/revisions"}],"predecessor-version":[{"id":12430,"href":"https:\/\/fundaciohospitalariesmartorell.org\/entre-tots\/wp-json\/wp\/v2\/posts\/12428\/revisions\/12430"}],"wp:featuredmedia":[{"embeddable":true,"href":"https:\/\/fundaciohospitalariesmartorell.org\/entre-tots\/wp-json\/wp\/v2\/media\/12429"}],"wp:attachment":[{"href":"https:\/\/fundaciohospitalariesmartorell.org\/entre-tots\/wp-json\/wp\/v2\/media?parent=12428"}],"wp:term":[{"taxonomy":"category","embeddable":true,"href":"https:\/\/fundaciohospitalariesmartorell.org\/entre-tots\/wp-json\/wp\/v2\/categories?post=12428"},{"taxonomy":"post_tag","embeddable":true,"href":"https:\/\/fundaciohospitalariesmartorell.org\/entre-tots\/wp-json\/wp\/v2\/tags?post=12428"}],"curies":[{"name":"wp","href":"https:\/\/api.w.org\/{rel}","templated":true}]}}