{"id":12468,"date":"2026-01-07T13:07:31","date_gmt":"2026-01-07T12:07:31","guid":{"rendered":"https:\/\/fundaciohospitalariesmartorell.org\/entre-tots\/?p=12468"},"modified":"2026-01-07T13:07:31","modified_gmt":"2026-01-07T12:07:31","slug":"els-reis-dorient-regalen-illusio-i-esperanca-a-la-familia-hospitalaria","status":"publish","type":"post","link":"https:\/\/fundaciohospitalariesmartorell.org\/entre-tots\/2026\/01\/els-reis-dorient-regalen-illusio-i-esperanca-a-la-familia-hospitalaria\/","title":{"rendered":"Els Reis d\u2019Orient regalen il\u00b7lusi\u00f3 i esperan\u00e7a a la fam\u00edlia hospital\u00e0ria"},"content":{"rendered":"\n<figure class=\"wp-block-image size-large\"><img loading=\"lazy\" decoding=\"async\" width=\"1024\" height=\"768\" src=\"https:\/\/fundaciohospitalariesmartorell.org\/entre-tots\/wp-content\/uploads\/2026\/01\/WhatsApp-Image-2026-01-05-at-21.23.57-1024x768.jpeg\" alt=\"\" class=\"wp-image-12469\" srcset=\"https:\/\/fundaciohospitalariesmartorell.org\/entre-tots\/wp-content\/uploads\/2026\/01\/WhatsApp-Image-2026-01-05-at-21.23.57-1024x768.jpeg 1024w, https:\/\/fundaciohospitalariesmartorell.org\/entre-tots\/wp-content\/uploads\/2026\/01\/WhatsApp-Image-2026-01-05-at-21.23.57-300x225.jpeg 300w, https:\/\/fundaciohospitalariesmartorell.org\/entre-tots\/wp-content\/uploads\/2026\/01\/WhatsApp-Image-2026-01-05-at-21.23.57-768x576.jpeg 768w, https:\/\/fundaciohospitalariesmartorell.org\/entre-tots\/wp-content\/uploads\/2026\/01\/WhatsApp-Image-2026-01-05-at-21.23.57-1536x1152.jpeg 1536w, https:\/\/fundaciohospitalariesmartorell.org\/entre-tots\/wp-content\/uploads\/2026\/01\/WhatsApp-Image-2026-01-05-at-21.23.57-1320x990.jpeg 1320w, https:\/\/fundaciohospitalariesmartorell.org\/entre-tots\/wp-content\/uploads\/2026\/01\/WhatsApp-Image-2026-01-05-at-21.23.57.jpeg 1600w\" sizes=\"auto, (max-width: 1024px) 100vw, 1024px\" \/><\/figure>\n\n\n\n<p>Les persones usu\u00e0ries de la Fundaci\u00f3 Hospital\u00e0ries Martorell, aix\u00ed com el personal col\u00b7laborador i les seves fam\u00edlies, van rebre amb entusiasme la visita dels Reis d\u2019Orient. L\u2019acte va comptar amb la pres\u00e8ncia de l\u2019alcalde de Martorell, Xavier Fonollosa, alguns regidors de l\u2019Ajuntament i del Patge Viu-viu, que van acompanyar petits i grans en una jornada plena d\u2019emoci\u00f3 i m\u00e0gia.<\/p>\n\n\n\n<p>Sor Margarita Vicente, germana delegada, en nom de la fundaci\u00f3, va destacar la import\u00e0ncia de la visita: \u201cel seu pas pel nostre centre est\u00e0 carregat d\u2019esperan\u00e7a. Ens refor\u00e7a en el nostre comprom\u00eds amb la salut de les persones, la qualitat assistencial i la continu\u00eftat d\u2019unes cures plenes d\u2019humanitat i ci\u00e8ncia\u201d.<\/p>\n\n\n\n<p>Un dels moments m\u00e9s especials va ser l\u2019Ofrena de la Llum al Nen Jes\u00fas, llegida per una de les assistents m\u00e9s petites. \u201cQue la llum de Jes\u00fas, el seu misteri d\u2019amor, ens acompanyi sempre, il\u00b7luminant els nostres passos, les nostres incerteses i pors, i gui\u00efn el cam\u00ed cap a la pau, la toler\u00e0ncia i la felicitat\u201d, va dir.<\/p>\n\n\n\n<p>Amb la visita dels Reis d&#8217;Orients vam donar per finalitzat un Nadal que hem constru\u00eft per a tothom!<\/p>\n\n\n\n<figure class=\"wp-block-gallery has-nested-images columns-default is-cropped wp-block-gallery-1 is-layout-flex wp-block-gallery-is-layout-flex\">\n<figure class=\"wp-block-image size-large\"><img loading=\"lazy\" decoding=\"async\" width=\"1024\" height=\"771\" data-id=\"12470\" src=\"https:\/\/fundaciohospitalariesmartorell.org\/entre-tots\/wp-content\/uploads\/2026\/01\/WhatsApp-Image-2026-01-07-at-11.53.08-1024x771.jpeg\" alt=\"\" class=\"wp-image-12470\" srcset=\"https:\/\/fundaciohospitalariesmartorell.org\/entre-tots\/wp-content\/uploads\/2026\/01\/WhatsApp-Image-2026-01-07-at-11.53.08-1024x771.jpeg 1024w, https:\/\/fundaciohospitalariesmartorell.org\/entre-tots\/wp-content\/uploads\/2026\/01\/WhatsApp-Image-2026-01-07-at-11.53.08-300x226.jpeg 300w, https:\/\/fundaciohospitalariesmartorell.org\/entre-tots\/wp-content\/uploads\/2026\/01\/WhatsApp-Image-2026-01-07-at-11.53.08-768x578.jpeg 768w, https:\/\/fundaciohospitalariesmartorell.org\/entre-tots\/wp-content\/uploads\/2026\/01\/WhatsApp-Image-2026-01-07-at-11.53.08-1536x1157.jpeg 1536w, https:\/\/fundaciohospitalariesmartorell.org\/entre-tots\/wp-content\/uploads\/2026\/01\/WhatsApp-Image-2026-01-07-at-11.53.08-1320x994.jpeg 1320w, https:\/\/fundaciohospitalariesmartorell.org\/entre-tots\/wp-content\/uploads\/2026\/01\/WhatsApp-Image-2026-01-07-at-11.53.08.jpeg 2040w\" sizes=\"auto, (max-width: 1024px) 100vw, 1024px\" \/><\/figure>\n\n\n\n<figure class=\"wp-block-image size-large\"><img loading=\"lazy\" decoding=\"async\" width=\"1024\" height=\"771\" data-id=\"12471\" src=\"https:\/\/fundaciohospitalariesmartorell.org\/entre-tots\/wp-content\/uploads\/2026\/01\/WhatsApp-Image-2026-01-07-at-11.53.07-1024x771.jpeg\" alt=\"\" class=\"wp-image-12471\" srcset=\"https:\/\/fundaciohospitalariesmartorell.org\/entre-tots\/wp-content\/uploads\/2026\/01\/WhatsApp-Image-2026-01-07-at-11.53.07-1024x771.jpeg 1024w, https:\/\/fundaciohospitalariesmartorell.org\/entre-tots\/wp-content\/uploads\/2026\/01\/WhatsApp-Image-2026-01-07-at-11.53.07-300x226.jpeg 300w, https:\/\/fundaciohospitalariesmartorell.org\/entre-tots\/wp-content\/uploads\/2026\/01\/WhatsApp-Image-2026-01-07-at-11.53.07-768x578.jpeg 768w, https:\/\/fundaciohospitalariesmartorell.org\/entre-tots\/wp-content\/uploads\/2026\/01\/WhatsApp-Image-2026-01-07-at-11.53.07-1536x1157.jpeg 1536w, https:\/\/fundaciohospitalariesmartorell.org\/entre-tots\/wp-content\/uploads\/2026\/01\/WhatsApp-Image-2026-01-07-at-11.53.07-1320x994.jpeg 1320w, https:\/\/fundaciohospitalariesmartorell.org\/entre-tots\/wp-content\/uploads\/2026\/01\/WhatsApp-Image-2026-01-07-at-11.53.07.jpeg 2040w\" sizes=\"auto, (max-width: 1024px) 100vw, 1024px\" \/><\/figure>\n\n\n\n<figure class=\"wp-block-image size-large\"><img loading=\"lazy\" decoding=\"async\" width=\"1024\" height=\"768\" data-id=\"12472\" src=\"https:\/\/fundaciohospitalariesmartorell.org\/entre-tots\/wp-content\/uploads\/2026\/01\/WhatsApp-Image-2026-01-05-at-21.23.34-1024x768.jpeg\" alt=\"\" class=\"wp-image-12472\" srcset=\"https:\/\/fundaciohospitalariesmartorell.org\/entre-tots\/wp-content\/uploads\/2026\/01\/WhatsApp-Image-2026-01-05-at-21.23.34-1024x768.jpeg 1024w, https:\/\/fundaciohospitalariesmartorell.org\/entre-tots\/wp-content\/uploads\/2026\/01\/WhatsApp-Image-2026-01-05-at-21.23.34-300x225.jpeg 300w, https:\/\/fundaciohospitalariesmartorell.org\/entre-tots\/wp-content\/uploads\/2026\/01\/WhatsApp-Image-2026-01-05-at-21.23.34-768x576.jpeg 768w, https:\/\/fundaciohospitalariesmartorell.org\/entre-tots\/wp-content\/uploads\/2026\/01\/WhatsApp-Image-2026-01-05-at-21.23.34-1536x1152.jpeg 1536w, https:\/\/fundaciohospitalariesmartorell.org\/entre-tots\/wp-content\/uploads\/2026\/01\/WhatsApp-Image-2026-01-05-at-21.23.34-1320x990.jpeg 1320w, https:\/\/fundaciohospitalariesmartorell.org\/entre-tots\/wp-content\/uploads\/2026\/01\/WhatsApp-Image-2026-01-05-at-21.23.34.jpeg 1600w\" sizes=\"auto, (max-width: 1024px) 100vw, 1024px\" \/><\/figure>\n<\/figure>\n","protected":false},"excerpt":{"rendered":"<p>Les persones usu\u00e0ries de la Fundaci\u00f3 Hospital\u00e0ries Martorell, aix\u00ed com el personal col\u00b7laborador i les seves fam\u00edlies, van rebre amb entusiasme la visita dels Reis d\u2019Orient. L\u2019acte va comptar amb la pres\u00e8ncia de l\u2019alcalde de Martorell, Xavier Fonollosa, alguns regidors de l\u2019Ajuntament i del Patge Viu-viu, que van acompanyar petits i grans en una jornada [&hellip;]<\/p>\n","protected":false},"author":6,"featured_media":12469,"comment_status":"closed","ping_status":"","sticky":false,"template":"","format":"standard","meta":{"footnotes":""},"categories":[27],"tags":[],"class_list":["post-12468","post","type-post","status-publish","format-standard","has-post-thumbnail","hentry","category-actualitat"],"blocksy_meta":[],"featured_image_urls_v2":{"full":["https:\/\/fundaciohospitalariesmartorell.org\/entre-tots\/wp-content\/uploads\/2026\/01\/WhatsApp-Image-2026-01-05-at-21.23.57.jpeg",1600,1200,false],"thumbnail":["https:\/\/fundaciohospitalariesmartorell.org\/entre-tots\/wp-content\/uploads\/2026\/01\/WhatsApp-Image-2026-01-05-at-21.23.57-150x150.jpeg",150,150,true],"medium":["https:\/\/fundaciohospitalariesmartorell.org\/entre-tots\/wp-content\/uploads\/2026\/01\/WhatsApp-Image-2026-01-05-at-21.23.57-300x225.jpeg",300,225,true],"medium_large":["https:\/\/fundaciohospitalariesmartorell.org\/entre-tots\/wp-content\/uploads\/2026\/01\/WhatsApp-Image-2026-01-05-at-21.23.57-768x576.jpeg",768,576,true],"large":["https:\/\/fundaciohospitalariesmartorell.org\/entre-tots\/wp-content\/uploads\/2026\/01\/WhatsApp-Image-2026-01-05-at-21.23.57-1024x768.jpeg",1024,768,true],"1536x1536":["https:\/\/fundaciohospitalariesmartorell.org\/entre-tots\/wp-content\/uploads\/2026\/01\/WhatsApp-Image-2026-01-05-at-21.23.57-1536x1152.jpeg",1536,1152,true],"2048x2048":["https:\/\/fundaciohospitalariesmartorell.org\/entre-tots\/wp-content\/uploads\/2026\/01\/WhatsApp-Image-2026-01-05-at-21.23.57.jpeg",1600,1200,false],"mailpoet_newsletter_max":["https:\/\/fundaciohospitalariesmartorell.org\/entre-tots\/wp-content\/uploads\/2026\/01\/WhatsApp-Image-2026-01-05-at-21.23.57-1320x990.jpeg",1320,990,true]},"post_excerpt_stackable_v2":"<p>Les persones usu\u00e0ries de la Fundaci\u00f3 Hospital\u00e0ries Martorell, aix\u00ed com el personal col\u00b7laborador i les seves fam\u00edlies, van rebre amb entusiasme la visita dels Reis d\u2019Orient. L\u2019acte va comptar amb la pres\u00e8ncia de l\u2019alcalde de Martorell, Xavier Fonollosa, alguns regidors de l\u2019Ajuntament i del Patge Viu-viu, que van acompanyar petits i grans en una jornada plena d\u2019emoci\u00f3 i m\u00e0gia. Sor Margarita Vicente, germana delegada, en nom de la fundaci\u00f3, va destacar la import\u00e0ncia de la visita: \u201cel seu pas pel nostre centre est\u00e0 carregat d\u2019esperan\u00e7a. Ens refor\u00e7a en el nostre comprom\u00eds amb la salut de les persones, la qualitat assistencial&hellip;<\/p>\n","category_list_v2":"<a href=\"https:\/\/fundaciohospitalariesmartorell.org\/entre-tots\/category\/actualitat\/\" rel=\"category tag\">ACTUALITAT<\/a>","author_info_v2":{"name":"Martorell_comunicacio","url":"https:\/\/fundaciohospitalariesmartorell.org\/entre-tots\/author\/martorell_comunicacio\/"},"comments_num_v2":"0 comments","_links":{"self":[{"href":"https:\/\/fundaciohospitalariesmartorell.org\/entre-tots\/wp-json\/wp\/v2\/posts\/12468","targetHints":{"allow":["GET"]}}],"collection":[{"href":"https:\/\/fundaciohospitalariesmartorell.org\/entre-tots\/wp-json\/wp\/v2\/posts"}],"about":[{"href":"https:\/\/fundaciohospitalariesmartorell.org\/entre-tots\/wp-json\/wp\/v2\/types\/post"}],"author":[{"embeddable":true,"href":"https:\/\/fundaciohospitalariesmartorell.org\/entre-tots\/wp-json\/wp\/v2\/users\/6"}],"replies":[{"embeddable":true,"href":"https:\/\/fundaciohospitalariesmartorell.org\/entre-tots\/wp-json\/wp\/v2\/comments?post=12468"}],"version-history":[{"count":1,"href":"https:\/\/fundaciohospitalariesmartorell.org\/entre-tots\/wp-json\/wp\/v2\/posts\/12468\/revisions"}],"predecessor-version":[{"id":12473,"href":"https:\/\/fundaciohospitalariesmartorell.org\/entre-tots\/wp-json\/wp\/v2\/posts\/12468\/revisions\/12473"}],"wp:featuredmedia":[{"embeddable":true,"href":"https:\/\/fundaciohospitalariesmartorell.org\/entre-tots\/wp-json\/wp\/v2\/media\/12469"}],"wp:attachment":[{"href":"https:\/\/fundaciohospitalariesmartorell.org\/entre-tots\/wp-json\/wp\/v2\/media?parent=12468"}],"wp:term":[{"taxonomy":"category","embeddable":true,"href":"https:\/\/fundaciohospitalariesmartorell.org\/entre-tots\/wp-json\/wp\/v2\/categories?post=12468"},{"taxonomy":"post_tag","embeddable":true,"href":"https:\/\/fundaciohospitalariesmartorell.org\/entre-tots\/wp-json\/wp\/v2\/tags?post=12468"}],"curies":[{"name":"wp","href":"https:\/\/api.w.org\/{rel}","templated":true}]}}