{"id":12493,"date":"2026-01-13T13:03:05","date_gmt":"2026-01-13T12:03:05","guid":{"rendered":"https:\/\/fundaciohospitalariesmartorell.org\/entre-tots\/?p=12493"},"modified":"2026-01-13T13:03:05","modified_gmt":"2026-01-13T12:03:05","slug":"actes-de-nadal-a-lsrc-alt-penedes","status":"publish","type":"post","link":"https:\/\/fundaciohospitalariesmartorell.org\/entre-tots\/2026\/01\/actes-de-nadal-a-lsrc-alt-penedes\/","title":{"rendered":"Actes de Nadal a l&#8217;SRC Alt Pened\u00e8s"},"content":{"rendered":"\n<p>Aquest Nadal, l&#8217;SRC Alt Pened\u00e8s ha programat un seguit d\u2019activitats que han fomentat la participaci\u00f3, la conviv\u00e8ncia i l\u2019intercanvi d\u2019experi\u00e8ncies entre persones usu\u00e0ries i personal col\u00b7laborador.<\/p>\n\n\n\n<p>Un dels primers actes va ser la visita a l\u2019Exposici\u00f3 de Pessebristes de Vilafranca del Pened\u00e8s. Despr\u00e9s de l\u2019\u00e8xit de l\u2019any passat, enguany s&#8217;ha volgut repetir l\u2019experi\u00e8ncia, que novament va ser molt ben valorada pels participants. L\u2019activitat es va completar amb un refrigeri calent per entrar en calor.<\/p>\n\n\n\n<p>El dimecres 16 de desembre es va celebrar, per primer cop a l&#8217;SRC, l\u2019Amic Invisible. Hi van participar tretze persones, que van compartir un espai dist\u00e8s per descobrir qui els havia fet el regal i agrair-se\u2019ls m\u00fatuament.<\/p>\n\n\n\n<figure class=\"wp-block-image size-large\"><img loading=\"lazy\" decoding=\"async\" width=\"1024\" height=\"768\" src=\"https:\/\/fundaciohospitalariesmartorell.org\/entre-tots\/wp-content\/uploads\/2026\/01\/image-6-1024x768.png\" alt=\"\" class=\"wp-image-12494\" srcset=\"https:\/\/fundaciohospitalariesmartorell.org\/entre-tots\/wp-content\/uploads\/2026\/01\/image-6-1024x768.png 1024w, https:\/\/fundaciohospitalariesmartorell.org\/entre-tots\/wp-content\/uploads\/2026\/01\/image-6-300x225.png 300w, https:\/\/fundaciohospitalariesmartorell.org\/entre-tots\/wp-content\/uploads\/2026\/01\/image-6-768x576.png 768w, https:\/\/fundaciohospitalariesmartorell.org\/entre-tots\/wp-content\/uploads\/2026\/01\/image-6-1536x1152.png 1536w, https:\/\/fundaciohospitalariesmartorell.org\/entre-tots\/wp-content\/uploads\/2026\/01\/image-6-1320x990.png 1320w, https:\/\/fundaciohospitalariesmartorell.org\/entre-tots\/wp-content\/uploads\/2026\/01\/image-6.png 2000w\" sizes=\"auto, (max-width: 1024px) 100vw, 1024px\" \/><\/figure>\n\n\n\n<p>Amb l\u2019arribada de Nadal, tamb\u00e9 es va organitzar un taller de cuina per elaborar galetes de gingebre, una recepta t\u00edpica d\u2019aquestes dates. Deu persones s\u2019hi van apuntar i van gaudir d\u2019una vetllada dol\u00e7a i molt agradable. Davant l\u2019\u00e8xit de l\u2019activitat, est\u00e0 previst repetir-la durant els mesos de gener i febrer de 2026.<\/p>\n\n\n\n<p>Finalment, apropant-se el Dia de Reis, es va celebrar un Esmorzar de Reis amb xocolata desfeta i coca. Nou usuaris van participar en aquesta trobada, que va servir per compartir an\u00e8cdotes nadalenques i conversar sobre com el fred i la neu han acompanyat aquests dies.<\/p>\n\n\n\n<figure class=\"wp-block-gallery has-nested-images columns-default is-cropped wp-block-gallery-1 is-layout-flex wp-block-gallery-is-layout-flex\">\n<figure class=\"wp-block-image size-large\"><img loading=\"lazy\" decoding=\"async\" width=\"1024\" height=\"768\" data-id=\"12496\" src=\"https:\/\/fundaciohospitalariesmartorell.org\/entre-tots\/wp-content\/uploads\/2026\/01\/image-8-1024x768.png\" alt=\"\" class=\"wp-image-12496\" srcset=\"https:\/\/fundaciohospitalariesmartorell.org\/entre-tots\/wp-content\/uploads\/2026\/01\/image-8-1024x768.png 1024w, https:\/\/fundaciohospitalariesmartorell.org\/entre-tots\/wp-content\/uploads\/2026\/01\/image-8-300x225.png 300w, https:\/\/fundaciohospitalariesmartorell.org\/entre-tots\/wp-content\/uploads\/2026\/01\/image-8-768x576.png 768w, https:\/\/fundaciohospitalariesmartorell.org\/entre-tots\/wp-content\/uploads\/2026\/01\/image-8-1536x1152.png 1536w, https:\/\/fundaciohospitalariesmartorell.org\/entre-tots\/wp-content\/uploads\/2026\/01\/image-8-1320x990.png 1320w, https:\/\/fundaciohospitalariesmartorell.org\/entre-tots\/wp-content\/uploads\/2026\/01\/image-8.png 1600w\" sizes=\"auto, (max-width: 1024px) 100vw, 1024px\" \/><\/figure>\n\n\n\n<figure class=\"wp-block-image size-large\"><img loading=\"lazy\" decoding=\"async\" width=\"1024\" height=\"768\" data-id=\"12495\" src=\"https:\/\/fundaciohospitalariesmartorell.org\/entre-tots\/wp-content\/uploads\/2026\/01\/image-7-1024x768.png\" alt=\"\" class=\"wp-image-12495\" srcset=\"https:\/\/fundaciohospitalariesmartorell.org\/entre-tots\/wp-content\/uploads\/2026\/01\/image-7-1024x768.png 1024w, https:\/\/fundaciohospitalariesmartorell.org\/entre-tots\/wp-content\/uploads\/2026\/01\/image-7-300x225.png 300w, https:\/\/fundaciohospitalariesmartorell.org\/entre-tots\/wp-content\/uploads\/2026\/01\/image-7-768x576.png 768w, https:\/\/fundaciohospitalariesmartorell.org\/entre-tots\/wp-content\/uploads\/2026\/01\/image-7-1536x1152.png 1536w, https:\/\/fundaciohospitalariesmartorell.org\/entre-tots\/wp-content\/uploads\/2026\/01\/image-7-1320x990.png 1320w, https:\/\/fundaciohospitalariesmartorell.org\/entre-tots\/wp-content\/uploads\/2026\/01\/image-7.png 1600w\" sizes=\"auto, (max-width: 1024px) 100vw, 1024px\" \/><\/figure>\n<\/figure>\n\n\n\n<p>En conjunt, ha estat un Nadal ple d\u2019experi\u00e8ncies noves, moments compartits i activitats enriquidores.<\/p>\n","protected":false},"excerpt":{"rendered":"<p>Aquest Nadal, l&#8217;SRC Alt Pened\u00e8s ha programat un seguit d\u2019activitats que han fomentat la participaci\u00f3, la conviv\u00e8ncia i l\u2019intercanvi d\u2019experi\u00e8ncies entre persones usu\u00e0ries i personal col\u00b7laborador. Un dels primers actes va ser la visita a l\u2019Exposici\u00f3 de Pessebristes de Vilafranca del Pened\u00e8s. Despr\u00e9s de l\u2019\u00e8xit de l\u2019any passat, enguany s&#8217;ha volgut repetir l\u2019experi\u00e8ncia, que novament [&hellip;]<\/p>\n","protected":false},"author":6,"featured_media":12494,"comment_status":"closed","ping_status":"","sticky":false,"template":"","format":"standard","meta":{"footnotes":""},"categories":[27],"tags":[],"class_list":["post-12493","post","type-post","status-publish","format-standard","has-post-thumbnail","hentry","category-actualitat"],"blocksy_meta":[],"featured_image_urls_v2":{"full":["https:\/\/fundaciohospitalariesmartorell.org\/entre-tots\/wp-content\/uploads\/2026\/01\/image-6.png",2000,1500,false],"thumbnail":["https:\/\/fundaciohospitalariesmartorell.org\/entre-tots\/wp-content\/uploads\/2026\/01\/image-6-150x150.png",150,150,true],"medium":["https:\/\/fundaciohospitalariesmartorell.org\/entre-tots\/wp-content\/uploads\/2026\/01\/image-6-300x225.png",300,225,true],"medium_large":["https:\/\/fundaciohospitalariesmartorell.org\/entre-tots\/wp-content\/uploads\/2026\/01\/image-6-768x576.png",768,576,true],"large":["https:\/\/fundaciohospitalariesmartorell.org\/entre-tots\/wp-content\/uploads\/2026\/01\/image-6-1024x768.png",1024,768,true],"1536x1536":["https:\/\/fundaciohospitalariesmartorell.org\/entre-tots\/wp-content\/uploads\/2026\/01\/image-6-1536x1152.png",1536,1152,true],"2048x2048":["https:\/\/fundaciohospitalariesmartorell.org\/entre-tots\/wp-content\/uploads\/2026\/01\/image-6.png",2000,1500,false],"mailpoet_newsletter_max":["https:\/\/fundaciohospitalariesmartorell.org\/entre-tots\/wp-content\/uploads\/2026\/01\/image-6-1320x990.png",1320,990,true]},"post_excerpt_stackable_v2":"<p>Aquest Nadal, l&#8217;SRC Alt Pened\u00e8s ha programat un seguit d\u2019activitats que han fomentat la participaci\u00f3, la conviv\u00e8ncia i l\u2019intercanvi d\u2019experi\u00e8ncies entre persones usu\u00e0ries i personal col\u00b7laborador. Un dels primers actes va ser la visita a l\u2019Exposici\u00f3 de Pessebristes de Vilafranca del Pened\u00e8s. Despr\u00e9s de l\u2019\u00e8xit de l\u2019any passat, enguany s&#8217;ha volgut repetir l\u2019experi\u00e8ncia, que novament va ser molt ben valorada pels participants. L\u2019activitat es va completar amb un refrigeri calent per entrar en calor. El dimecres 16 de desembre es va celebrar, per primer cop a l&#8217;SRC, l\u2019Amic Invisible. Hi van participar tretze persones, que van compartir un espai dist\u00e8s&hellip;<\/p>\n","category_list_v2":"<a href=\"https:\/\/fundaciohospitalariesmartorell.org\/entre-tots\/category\/actualitat\/\" rel=\"category tag\">ACTUALITAT<\/a>","author_info_v2":{"name":"Martorell_comunicacio","url":"https:\/\/fundaciohospitalariesmartorell.org\/entre-tots\/author\/martorell_comunicacio\/"},"comments_num_v2":"0 comments","_links":{"self":[{"href":"https:\/\/fundaciohospitalariesmartorell.org\/entre-tots\/wp-json\/wp\/v2\/posts\/12493","targetHints":{"allow":["GET"]}}],"collection":[{"href":"https:\/\/fundaciohospitalariesmartorell.org\/entre-tots\/wp-json\/wp\/v2\/posts"}],"about":[{"href":"https:\/\/fundaciohospitalariesmartorell.org\/entre-tots\/wp-json\/wp\/v2\/types\/post"}],"author":[{"embeddable":true,"href":"https:\/\/fundaciohospitalariesmartorell.org\/entre-tots\/wp-json\/wp\/v2\/users\/6"}],"replies":[{"embeddable":true,"href":"https:\/\/fundaciohospitalariesmartorell.org\/entre-tots\/wp-json\/wp\/v2\/comments?post=12493"}],"version-history":[{"count":1,"href":"https:\/\/fundaciohospitalariesmartorell.org\/entre-tots\/wp-json\/wp\/v2\/posts\/12493\/revisions"}],"predecessor-version":[{"id":12497,"href":"https:\/\/fundaciohospitalariesmartorell.org\/entre-tots\/wp-json\/wp\/v2\/posts\/12493\/revisions\/12497"}],"wp:featuredmedia":[{"embeddable":true,"href":"https:\/\/fundaciohospitalariesmartorell.org\/entre-tots\/wp-json\/wp\/v2\/media\/12494"}],"wp:attachment":[{"href":"https:\/\/fundaciohospitalariesmartorell.org\/entre-tots\/wp-json\/wp\/v2\/media?parent=12493"}],"wp:term":[{"taxonomy":"category","embeddable":true,"href":"https:\/\/fundaciohospitalariesmartorell.org\/entre-tots\/wp-json\/wp\/v2\/categories?post=12493"},{"taxonomy":"post_tag","embeddable":true,"href":"https:\/\/fundaciohospitalariesmartorell.org\/entre-tots\/wp-json\/wp\/v2\/tags?post=12493"}],"curies":[{"name":"wp","href":"https:\/\/api.w.org\/{rel}","templated":true}]}}