{"id":12507,"date":"2026-01-19T09:44:55","date_gmt":"2026-01-19T08:44:55","guid":{"rendered":"https:\/\/fundaciohospitalariesmartorell.org\/entre-tots\/?p=12507"},"modified":"2026-01-20T09:43:49","modified_gmt":"2026-01-20T08:43:49","slug":"el-servei-durgencies-obrira-un-tercer-box-per-millorar-la-circulacio-assistencial","status":"publish","type":"post","link":"https:\/\/fundaciohospitalariesmartorell.org\/entre-tots\/2026\/01\/el-servei-durgencies-obrira-un-tercer-box-per-millorar-la-circulacio-assistencial\/","title":{"rendered":"El Servei d\u2019Urg\u00e8ncies obrir\u00e0 un tercer box per millorar la circulaci\u00f3 assistencial"},"content":{"rendered":"\n<p>El Servei d\u2019Urg\u00e8ncies de la Fundaci\u00f3 Hospital\u00e0ries Martorell incorporar\u00e0 un tercer box assistencial\u00a0gr\u00e0cies a una actuaci\u00f3 de reordenaci\u00f3 dels espais, amb l\u2019objectiu de millorar la funcionalitat, la circulaci\u00f3 interna i l\u2019experi\u00e8ncia de les persones ateses. \u00c9s previst que aquesta intervenci\u00f3, amb una durada estimada de dos mesos, s&#8217;inici\u00efn la primera setmana de febrer.<\/p>\n\n\n\n<p>Entre altres millores, les obres inclouen l&#8217;eliminaci\u00f3 de l\u2019espai de WC-dutxes per generar un pas de lliteres i la creaci\u00f3 de dos nous despatxos&nbsp;amb acc\u00e9s directe al passad\u00eds assistencial.<\/p>\n\n\n\n<p>Mentre durin les obres es poden produir afectacions puntuals en la circulaci\u00f3 pel passad\u00eds adjacent, restriccions temporals en algunes zones i pres\u00e8ncia d\u2019agents f\u00edsics inherents a l\u2019obra com soroll, vibracions i pols, aix\u00ed com treballs en horari assistencial.&nbsp;<\/p>\n","protected":false},"excerpt":{"rendered":"<p>El Servei d\u2019Urg\u00e8ncies de la Fundaci\u00f3 Hospital\u00e0ries Martorell incorporar\u00e0 un tercer box assistencial\u00a0gr\u00e0cies a una actuaci\u00f3 de reordenaci\u00f3 dels espais, amb l\u2019objectiu de millorar la funcionalitat, la circulaci\u00f3 interna i l\u2019experi\u00e8ncia de les persones ateses. \u00c9s previst que aquesta intervenci\u00f3, amb una durada estimada de dos mesos, s&#8217;inici\u00efn la primera setmana de febrer. Entre altres [&hellip;]<\/p>\n","protected":false},"author":6,"featured_media":12508,"comment_status":"closed","ping_status":"closed","sticky":false,"template":"","format":"standard","meta":{"footnotes":""},"categories":[27],"tags":[],"class_list":["post-12507","post","type-post","status-publish","format-standard","has-post-thumbnail","hentry","category-actualitat"],"blocksy_meta":[],"featured_image_urls_v2":{"full":["https:\/\/fundaciohospitalariesmartorell.org\/entre-tots\/wp-content\/uploads\/2026\/01\/image-9.png",1600,900,false],"thumbnail":["https:\/\/fundaciohospitalariesmartorell.org\/entre-tots\/wp-content\/uploads\/2026\/01\/image-9-150x150.png",150,150,true],"medium":["https:\/\/fundaciohospitalariesmartorell.org\/entre-tots\/wp-content\/uploads\/2026\/01\/image-9-300x169.png",300,169,true],"medium_large":["https:\/\/fundaciohospitalariesmartorell.org\/entre-tots\/wp-content\/uploads\/2026\/01\/image-9-768x432.png",768,432,true],"large":["https:\/\/fundaciohospitalariesmartorell.org\/entre-tots\/wp-content\/uploads\/2026\/01\/image-9-1024x576.png",1024,576,true],"1536x1536":["https:\/\/fundaciohospitalariesmartorell.org\/entre-tots\/wp-content\/uploads\/2026\/01\/image-9-1536x864.png",1536,864,true],"2048x2048":["https:\/\/fundaciohospitalariesmartorell.org\/entre-tots\/wp-content\/uploads\/2026\/01\/image-9.png",1600,900,false],"mailpoet_newsletter_max":["https:\/\/fundaciohospitalariesmartorell.org\/entre-tots\/wp-content\/uploads\/2026\/01\/image-9-1320x743.png",1320,743,true]},"post_excerpt_stackable_v2":"<p>El Servei d\u2019Urg\u00e8ncies de la Fundaci\u00f3 Hospital\u00e0ries Martorell incorporar\u00e0 un tercer box assistencial\u00a0gr\u00e0cies a una actuaci\u00f3 de reordenaci\u00f3 dels espais, amb l\u2019objectiu de millorar la funcionalitat, la circulaci\u00f3 interna i l\u2019experi\u00e8ncia de les persones ateses. \u00c9s previst que aquesta intervenci\u00f3, amb una durada estimada de dos mesos, s&#8217;inici\u00efn la primera setmana de febrer. Entre altres millores, les obres inclouen l&#8217;eliminaci\u00f3 de l\u2019espai de WC-dutxes per generar un pas de lliteres i la creaci\u00f3 de dos nous despatxos&nbsp;amb acc\u00e9s directe al passad\u00eds assistencial. Mentre durin les obres es poden produir afectacions puntuals en la circulaci\u00f3 pel passad\u00eds adjacent, restriccions temporals en&hellip;<\/p>\n","category_list_v2":"<a href=\"https:\/\/fundaciohospitalariesmartorell.org\/entre-tots\/category\/actualitat\/\" rel=\"category tag\">ACTUALITAT<\/a>","author_info_v2":{"name":"Martorell_comunicacio","url":"https:\/\/fundaciohospitalariesmartorell.org\/entre-tots\/author\/martorell_comunicacio\/"},"comments_num_v2":"0 comments","_links":{"self":[{"href":"https:\/\/fundaciohospitalariesmartorell.org\/entre-tots\/wp-json\/wp\/v2\/posts\/12507","targetHints":{"allow":["GET"]}}],"collection":[{"href":"https:\/\/fundaciohospitalariesmartorell.org\/entre-tots\/wp-json\/wp\/v2\/posts"}],"about":[{"href":"https:\/\/fundaciohospitalariesmartorell.org\/entre-tots\/wp-json\/wp\/v2\/types\/post"}],"author":[{"embeddable":true,"href":"https:\/\/fundaciohospitalariesmartorell.org\/entre-tots\/wp-json\/wp\/v2\/users\/6"}],"replies":[{"embeddable":true,"href":"https:\/\/fundaciohospitalariesmartorell.org\/entre-tots\/wp-json\/wp\/v2\/comments?post=12507"}],"version-history":[{"count":2,"href":"https:\/\/fundaciohospitalariesmartorell.org\/entre-tots\/wp-json\/wp\/v2\/posts\/12507\/revisions"}],"predecessor-version":[{"id":12514,"href":"https:\/\/fundaciohospitalariesmartorell.org\/entre-tots\/wp-json\/wp\/v2\/posts\/12507\/revisions\/12514"}],"wp:featuredmedia":[{"embeddable":true,"href":"https:\/\/fundaciohospitalariesmartorell.org\/entre-tots\/wp-json\/wp\/v2\/media\/12508"}],"wp:attachment":[{"href":"https:\/\/fundaciohospitalariesmartorell.org\/entre-tots\/wp-json\/wp\/v2\/media?parent=12507"}],"wp:term":[{"taxonomy":"category","embeddable":true,"href":"https:\/\/fundaciohospitalariesmartorell.org\/entre-tots\/wp-json\/wp\/v2\/categories?post=12507"},{"taxonomy":"post_tag","embeddable":true,"href":"https:\/\/fundaciohospitalariesmartorell.org\/entre-tots\/wp-json\/wp\/v2\/tags?post=12507"}],"curies":[{"name":"wp","href":"https:\/\/api.w.org\/{rel}","templated":true}]}}