{"id":12510,"date":"2026-01-20T09:15:28","date_gmt":"2026-01-20T08:15:28","guid":{"rendered":"https:\/\/fundaciohospitalariesmartorell.org\/entre-tots\/?p=12510"},"modified":"2026-01-30T10:30:04","modified_gmt":"2026-01-30T09:30:04","slug":"la-realitat-invisible-dels-tca-durant-la-perimenopausa","status":"publish","type":"post","link":"https:\/\/fundaciohospitalariesmartorell.org\/entre-tots\/2026\/01\/la-realitat-invisible-dels-tca-durant-la-perimenopausa\/","title":{"rendered":"La realitat invisible dels TCA durant la perimenopausa"},"content":{"rendered":"\n<h3 class=\"wp-block-heading\"><span style=\"color: var(--theme-palette-color-1, #9f2b68);\" class=\"stk-highlight\">El 3,5% de les dones majors de 40 anys pateixen un trastorn de conducta aliment\u00e0ria<\/span><\/h3>\n\n\n\n<p>Quan pensem en els Trastorns de la Conducta Aliment\u00e0ria sovint ens ve al cap la imatge d&#8217;una persona adolescent, per\u00f2 la realitat \u00e9s molt m\u00e9s complexa i abra\u00e7a d&#8217;altres etapes vitals que sovint passem per alt. Recentment, en el marc de les&nbsp;<a href=\"https:\/\/www.copc.cat\/es\/jornadas-violencia-genero\">XVI Jornades Estatals de Psicologia contra la Viol\u00e8ncia de G\u00e8nere<\/a>, la Dra.&nbsp;N\u00faria Jaurrieta, coordinadora de la UIR-TCA, va tractar sobre una realitat poc visibilitzada: el risc de patir un TCA durant la perimenopausa.&nbsp;Actualment, un&nbsp;3,5% de les dones majors de 40 anys&nbsp;pateixen un TCA i entre un 20%&nbsp;i un 30% presenten conductes desordenades amb el menjar.<\/p>\n\n\n\n<figure class=\"wp-block-image size-large\"><img loading=\"lazy\" decoding=\"async\" width=\"1024\" height=\"683\" src=\"https:\/\/fundaciohospitalariesmartorell.org\/entre-tots\/wp-content\/uploads\/2026\/01\/DSC00358-1024x683.jpg\" alt=\"\" class=\"wp-image-12523\" srcset=\"https:\/\/fundaciohospitalariesmartorell.org\/entre-tots\/wp-content\/uploads\/2026\/01\/DSC00358-1024x683.jpg 1024w, https:\/\/fundaciohospitalariesmartorell.org\/entre-tots\/wp-content\/uploads\/2026\/01\/DSC00358-300x200.jpg 300w, https:\/\/fundaciohospitalariesmartorell.org\/entre-tots\/wp-content\/uploads\/2026\/01\/DSC00358-768x512.jpg 768w, https:\/\/fundaciohospitalariesmartorell.org\/entre-tots\/wp-content\/uploads\/2026\/01\/DSC00358-1536x1024.jpg 1536w, https:\/\/fundaciohospitalariesmartorell.org\/entre-tots\/wp-content\/uploads\/2026\/01\/DSC00358-2048x1365.jpg 2048w, https:\/\/fundaciohospitalariesmartorell.org\/entre-tots\/wp-content\/uploads\/2026\/01\/DSC00358-1320x880.jpg 1320w\" sizes=\"auto, (max-width: 1024px) 100vw, 1024px\" \/><\/figure>\n\n\n\n<h4 class=\"wp-block-heading\"><strong>Una &#8220;tempesta perfecta&#8221; de canvis i pressions<\/strong><\/h4>\n\n\n\n<p>La perimenopausa no \u00e9s nom\u00e9s una transici\u00f3 f\u00edsica,&nbsp;\u00e9s un per\u00edode on el risc de recaure o debutar amb un trastorn alimentari augmenta significativament. La Dra.&nbsp;Jaurrieta la defineix com una&nbsp;&#8220;tempesta perfecta&#8221;.&nbsp;Per una banda, hi ha els canvis biol\u00f2gics: les alteracions hormonals impacten en l&#8217;ansietat, l&#8217;insomni i el metabolisme.&nbsp;Per l&#8217;altra, coincideix amb un pic de pressi\u00f3 vital: la cura de pares dependents, la marxa dels fills o crisis de parella. A tot aix\u00f2 s&#8217;hi suma el que la doctora descriu com a&nbsp;viol\u00e8ncia simb\u00f2lica: una pressi\u00f3 social i est\u00e8tica que invisibilitza la dona madura i l&#8217;empeny a mantenir un c\u00e0non de bellesa juvenil impossible de sostenir.<\/p>\n\n\n\n<h4 class=\"wp-block-heading\"><strong>L&#8217;autoexig\u00e8ncia com a mecanisme de control<\/strong><\/h4>\n\n\n\n<p>\u00c9s en aquest escenari on apareix l&#8217;autoexig\u00e8ncia internalitzada.&nbsp;Es tracta de creences r\u00edgides on el valor personal es posa en el rendiment o en la capacitat de &#8220;poder amb tot&#8221;.&nbsp;Quan una dona sent que perd el control sobre la seva vida o els canvis del seu cos, pot buscar refugi en el control r\u00edgid de l&#8217;alimentaci\u00f3.&nbsp;A difer\u00e8ncia de les joves, aqu\u00ed el trastorn sol viure&#8217;s amb molta m\u00e9s&nbsp;vergonya i silenci, sovint amagat rere un augment de l&#8217;exercici f\u00edsic compulsiu o comparacions constants amb versions pr\u00e8vies d&#8217;una mateixa.<\/p>\n\n\n\n<h4 class=\"wp-block-heading\"><strong>El cam\u00ed cap a la recuperaci\u00f3<\/strong><\/h4>\n\n\n\n<figure class=\"wp-block-image size-large\"><img loading=\"lazy\" decoding=\"async\" width=\"1260\" height=\"709\" src=\"https:\/\/fundaciohospitalariesmartorell.org\/entre-tots\/wp-content\/uploads\/2026\/01\/image-12-edited.png\" alt=\"\" class=\"wp-image-12520\" srcset=\"https:\/\/fundaciohospitalariesmartorell.org\/entre-tots\/wp-content\/uploads\/2026\/01\/image-12-edited.png 1260w, https:\/\/fundaciohospitalariesmartorell.org\/entre-tots\/wp-content\/uploads\/2026\/01\/image-12-edited-300x169.png 300w, https:\/\/fundaciohospitalariesmartorell.org\/entre-tots\/wp-content\/uploads\/2026\/01\/image-12-edited-1024x576.png 1024w, https:\/\/fundaciohospitalariesmartorell.org\/entre-tots\/wp-content\/uploads\/2026\/01\/image-12-edited-768x432.png 768w\" sizes=\"auto, (max-width: 1260px) 100vw, 1260px\" \/><\/figure>\n\n\n\n<p>Afortunadament, l&#8217;abordatge terap\u00e8utic actual \u00e9s esperan\u00e7ador i multidisciplinari, implicant psicologia, psiquiatria, inferemeria, ginecologia i nutrici\u00f3. Alguns dels objectius terap\u00e8utics a abordar en aquesta etapa son:<\/p>\n\n\n\n<ul class=\"wp-block-list\">\n<li><strong>Reduir l&#8217;autoexig\u00e8ncia i la cr\u00edtica interna<\/strong>: Treballar la compassi\u00f3 per sobre de l&#8217;autoexig\u00e8ncia castigadora. Afavorir la normalitzaci\u00f3 i acceptaci\u00f3 dels canvis corporals. Treballar la regulaci\u00f3 emocional i la reestructuraci\u00f3 cognitiva de pensaments disfuncionals, aix\u00ed com els aspectes identitaris i de rol. Restablir patrons alimentaris regulars i adaptatius.<\/li>\n\n\n\n<li><strong>Reconciliar-se amb el mirall<\/strong>: Utilitzar t\u00e8cniques d&#8217;exposici\u00f3 gradual (amb fotografies o roba) per normalitzar els canvis del cos.<\/li>\n\n\n\n<li><strong>El cos com a hist\u00f2ria<\/strong>: Aprendre a veure el cos no com un objecte est\u00e8tic, sin\u00f3 com un vehicle ple d&#8217;hist\u00f2ria, funcionalitat i experi\u00e8ncia.<\/li>\n\n\n\n<li><strong>Ter\u00e0pia narrativa<\/strong>: Revisar el projecte vital, fer el dol per l&#8217;etapa que acaba i definir nous valors de futur.<\/li>\n<\/ul>\n\n\n\n<div class=\"wp-block-media-text is-stacked-on-mobile\" style=\"grid-template-columns:41% auto\"><figure class=\"wp-block-media-text__media\"><img loading=\"lazy\" decoding=\"async\" width=\"448\" height=\"624\" src=\"https:\/\/fundaciohospitalariesmartorell.org\/entre-tots\/wp-content\/uploads\/2026\/01\/image-13.png\" alt=\"\" class=\"wp-image-12519 size-full\" srcset=\"https:\/\/fundaciohospitalariesmartorell.org\/entre-tots\/wp-content\/uploads\/2026\/01\/image-13.png 448w, https:\/\/fundaciohospitalariesmartorell.org\/entre-tots\/wp-content\/uploads\/2026\/01\/image-13-215x300.png 215w\" sizes=\"auto, (max-width: 448px) 100vw, 448px\" \/><\/figure><div class=\"wp-block-media-text__content\">\n<p>&#8220;Algunes de les t\u00e8cniques dels models de la ter\u00e0pia cognitiuconductual adaptada, la ter\u00e0pia d\u2019accpetaci\u00f3 i comprom\u00eds (ACT), mindfulness o ter\u00e0pies basades en el trauma, han demostrat ser efica\u00e7os, tamb\u00e9&#8221;, assegura la Dra. Jaurrieta.<\/p>\n\n\n\n<p>La perimenopausa \u00e9s un repte, per\u00f2 tamb\u00e9 una oportunitat per aprendre a cuidar-se des de la compassi\u00f3. Saber manejar la comparaci\u00f3 social a trav\u00e9s de les XXSS i fer front a la pressi\u00f3 est\u00e8tic pot resultar complex. Com recorda la Dra.&nbsp;Jaurrieta, davant de s\u00edmptomes de desbordament,&nbsp;demanar ajuda no \u00e9s un signe de debilitat, sin\u00f3 el primer pas per recuperar la qualitat de vida.<\/p>\n<\/div><\/div>\n\n\n\n<figure class=\"wp-block-embed is-type-video is-provider-youtube wp-block-embed-youtube wp-embed-aspect-9-16 wp-has-aspect-ratio\"><div class=\"wp-block-embed__wrapper\">\n<iframe loading=\"lazy\" title=\"Els Trastorns de la Conducta Aliment\u00e0ria m\u00e9s enll\u00e0 dels 40 anys\" width=\"563\" height=\"1000\" src=\"https:\/\/www.youtube.com\/embed\/z8q1zw74lfM?feature=oembed\" frameborder=\"0\" allow=\"accelerometer; autoplay; clipboard-write; encrypted-media; gyroscope; picture-in-picture; web-share\" referrerpolicy=\"strict-origin-when-cross-origin\" allowfullscreen><\/iframe>\n<\/div><\/figure>\n","protected":false},"excerpt":{"rendered":"<p>El 3,5% de les dones majors de 40 anys pateixen un trastorn de conducta aliment\u00e0ria Quan pensem en els Trastorns de la Conducta Aliment\u00e0ria sovint ens ve al cap la imatge d&#8217;una persona adolescent, per\u00f2 la realitat \u00e9s molt m\u00e9s complexa i abra\u00e7a d&#8217;altres etapes vitals que sovint passem per alt. Recentment, en el marc [&hellip;]<\/p>\n","protected":false},"author":6,"featured_media":12523,"comment_status":"closed","ping_status":"closed","sticky":false,"template":"","format":"standard","meta":{"footnotes":""},"categories":[27],"tags":[],"class_list":["post-12510","post","type-post","status-publish","format-standard","has-post-thumbnail","hentry","category-actualitat"],"blocksy_meta":[],"featured_image_urls_v2":{"full":["https:\/\/fundaciohospitalariesmartorell.org\/entre-tots\/wp-content\/uploads\/2026\/01\/DSC00358-scaled.jpg",2560,1707,false],"thumbnail":["https:\/\/fundaciohospitalariesmartorell.org\/entre-tots\/wp-content\/uploads\/2026\/01\/DSC00358-150x150.jpg",150,150,true],"medium":["https:\/\/fundaciohospitalariesmartorell.org\/entre-tots\/wp-content\/uploads\/2026\/01\/DSC00358-300x200.jpg",300,200,true],"medium_large":["https:\/\/fundaciohospitalariesmartorell.org\/entre-tots\/wp-content\/uploads\/2026\/01\/DSC00358-768x512.jpg",768,512,true],"large":["https:\/\/fundaciohospitalariesmartorell.org\/entre-tots\/wp-content\/uploads\/2026\/01\/DSC00358-1024x683.jpg",1024,683,true],"1536x1536":["https:\/\/fundaciohospitalariesmartorell.org\/entre-tots\/wp-content\/uploads\/2026\/01\/DSC00358-1536x1024.jpg",1536,1024,true],"2048x2048":["https:\/\/fundaciohospitalariesmartorell.org\/entre-tots\/wp-content\/uploads\/2026\/01\/DSC00358-2048x1365.jpg",2048,1365,true],"mailpoet_newsletter_max":["https:\/\/fundaciohospitalariesmartorell.org\/entre-tots\/wp-content\/uploads\/2026\/01\/DSC00358-1320x880.jpg",1320,880,true]},"post_excerpt_stackable_v2":"<p>El 3,5% de les dones majors de 40 anys pateixen un trastorn de conducta aliment\u00e0ria Quan pensem en els Trastorns de la Conducta Aliment\u00e0ria sovint ens ve al cap la imatge d&#8217;una persona adolescent, per\u00f2 la realitat \u00e9s molt m\u00e9s complexa i abra\u00e7a d&#8217;altres etapes vitals que sovint passem per alt. Recentment, en el marc de les&nbsp;XVI Jornades Estatals de Psicologia contra la Viol\u00e8ncia de G\u00e8nere, la Dra.&nbsp;N\u00faria Jaurrieta, coordinadora de la UIR-TCA, va tractar sobre una realitat poc visibilitzada: el risc de patir un TCA durant la perimenopausa.&nbsp;Actualment, un&nbsp;3,5% de les dones majors de 40 anys&nbsp;pateixen un TCA i&hellip;<\/p>\n","category_list_v2":"<a href=\"https:\/\/fundaciohospitalariesmartorell.org\/entre-tots\/category\/actualitat\/\" rel=\"category tag\">ACTUALITAT<\/a>","author_info_v2":{"name":"Martorell_comunicacio","url":"https:\/\/fundaciohospitalariesmartorell.org\/entre-tots\/author\/martorell_comunicacio\/"},"comments_num_v2":"0 comments","_links":{"self":[{"href":"https:\/\/fundaciohospitalariesmartorell.org\/entre-tots\/wp-json\/wp\/v2\/posts\/12510","targetHints":{"allow":["GET"]}}],"collection":[{"href":"https:\/\/fundaciohospitalariesmartorell.org\/entre-tots\/wp-json\/wp\/v2\/posts"}],"about":[{"href":"https:\/\/fundaciohospitalariesmartorell.org\/entre-tots\/wp-json\/wp\/v2\/types\/post"}],"author":[{"embeddable":true,"href":"https:\/\/fundaciohospitalariesmartorell.org\/entre-tots\/wp-json\/wp\/v2\/users\/6"}],"replies":[{"embeddable":true,"href":"https:\/\/fundaciohospitalariesmartorell.org\/entre-tots\/wp-json\/wp\/v2\/comments?post=12510"}],"version-history":[{"count":6,"href":"https:\/\/fundaciohospitalariesmartorell.org\/entre-tots\/wp-json\/wp\/v2\/posts\/12510\/revisions"}],"predecessor-version":[{"id":12583,"href":"https:\/\/fundaciohospitalariesmartorell.org\/entre-tots\/wp-json\/wp\/v2\/posts\/12510\/revisions\/12583"}],"wp:featuredmedia":[{"embeddable":true,"href":"https:\/\/fundaciohospitalariesmartorell.org\/entre-tots\/wp-json\/wp\/v2\/media\/12523"}],"wp:attachment":[{"href":"https:\/\/fundaciohospitalariesmartorell.org\/entre-tots\/wp-json\/wp\/v2\/media?parent=12510"}],"wp:term":[{"taxonomy":"category","embeddable":true,"href":"https:\/\/fundaciohospitalariesmartorell.org\/entre-tots\/wp-json\/wp\/v2\/categories?post=12510"},{"taxonomy":"post_tag","embeddable":true,"href":"https:\/\/fundaciohospitalariesmartorell.org\/entre-tots\/wp-json\/wp\/v2\/tags?post=12510"}],"curies":[{"name":"wp","href":"https:\/\/api.w.org\/{rel}","templated":true}]}}