{"id":12527,"date":"2026-01-22T10:41:42","date_gmt":"2026-01-22T09:41:42","guid":{"rendered":"https:\/\/fundaciohospitalariesmartorell.org\/entre-tots\/?p=12527"},"modified":"2026-01-26T16:16:56","modified_gmt":"2026-01-26T15:16:56","slug":"ines-martinez-infiesta-guanya-la-10a-edicio-del-premi-alfredo-rego","status":"publish","type":"post","link":"https:\/\/fundaciohospitalariesmartorell.org\/entre-tots\/2026\/01\/ines-martinez-infiesta-guanya-la-10a-edicio-del-premi-alfredo-rego\/","title":{"rendered":"In\u00e9s Mart\u00ednez Infiesta guanya la 10a edici\u00f3 del Premi Alfredo Rego"},"content":{"rendered":"\n<h3 class=\"wp-block-heading\"><span style=\"color: var(--theme-palette-color-1, #9f2b68);\" class=\"stk-highlight\">La resident de psicologia cl\u00ednica ha estat guardonada pel seu treball sobre la narrativa de la psicosom\u00e0tica<\/span><\/h3>\n\n\n\n<figure class=\"wp-block-image size-large\"><img loading=\"lazy\" decoding=\"async\" width=\"1024\" height=\"768\" src=\"https:\/\/fundaciohospitalariesmartorell.org\/entre-tots\/wp-content\/uploads\/2026\/01\/WhatsApp-Image-2026-01-21-at-15.47.22-1024x768.jpeg\" alt=\"\" class=\"wp-image-12528\" srcset=\"https:\/\/fundaciohospitalariesmartorell.org\/entre-tots\/wp-content\/uploads\/2026\/01\/WhatsApp-Image-2026-01-21-at-15.47.22-1024x768.jpeg 1024w, https:\/\/fundaciohospitalariesmartorell.org\/entre-tots\/wp-content\/uploads\/2026\/01\/WhatsApp-Image-2026-01-21-at-15.47.22-300x225.jpeg 300w, https:\/\/fundaciohospitalariesmartorell.org\/entre-tots\/wp-content\/uploads\/2026\/01\/WhatsApp-Image-2026-01-21-at-15.47.22-768x576.jpeg 768w, https:\/\/fundaciohospitalariesmartorell.org\/entre-tots\/wp-content\/uploads\/2026\/01\/WhatsApp-Image-2026-01-21-at-15.47.22-1536x1152.jpeg 1536w, https:\/\/fundaciohospitalariesmartorell.org\/entre-tots\/wp-content\/uploads\/2026\/01\/WhatsApp-Image-2026-01-21-at-15.47.22-1320x990.jpeg 1320w, https:\/\/fundaciohospitalariesmartorell.org\/entre-tots\/wp-content\/uploads\/2026\/01\/WhatsApp-Image-2026-01-21-at-15.47.22.jpeg 2000w\" sizes=\"auto, (max-width: 1024px) 100vw, 1024px\" \/><\/figure>\n\n\n\n<p>In\u00e9s Mart\u00ednez Infiesta, resident de psicologia cl\u00ednica de la Fundaci\u00f3 Hospital\u00e0ries Martorell, ha estat guardonada amb el 10\u00e8 Premi <a href=\"https:\/\/www.informacionespsiquiatricas.com\/anteriores\/info_2004\/01_175_01.htm\">Alfredo Rego<\/a> per la seva comunicaci\u00f3 <strong>\u201cLa voz dormida: narrativa de la psicosom\u00e1tica\u201d.<\/strong> La Comissi\u00f3 de Doc\u00e8ncia ha considerat aquest treball com la millor presentaci\u00f3 docent del curs 2025. La cerim\u00f2nia de lliurament ha tingut lloc aquest dimecres, 21 de gener, en el marc de la sessi\u00f3 inaugural del cicle de sessions cl\u00edniques de residents del curs docent 2026 amb la pres\u00e8ncia dels i les residents i dels personal docent. <\/p>\n\n\n\n<p>La tesi central de la recerca de Mart\u00ednez Infiesta se centra en la psicosom\u00e0tica: la manifestaci\u00f3 del patiment ps\u00edquic a trav\u00e9s del cos. Segons ha explicat la guanyadora, &#8220;moltes vegades la persona usu\u00e0ria no \u00e9s capa\u00e7 d&#8217;explicar el seu patiment amb paraules, per\u00f2 si escoltem i prestem atenci\u00f3, el propi cos ens ho est\u00e0 explicant&#8221;.<\/p>\n\n\n\n<p>El treball guardonat fa una crida a la responsabilitat dels i les professionals per recuperar la iniciativa de preguntar directament a la persona atesa. &#8220;A vegades esperem que ens ho expliquin tot i, si no preguntem, ens perdem informaci\u00f3 molt rellevant per entendre qu\u00e8 li passa&#8221;, ha destacat Mart\u00ednez Infiesta, defensant que cal evitar que el s\u00edmptoma quedi \u201ca\u00efllat sense un sentit vital integrat.\u201d<\/p>\n\n\n\n<div class=\"wp-block-stackable-heading stk-block-heading stk-block-heading--v2 stk-block stk-77d0b9e\" id=\"strong-deu-anys-de-reconeixement-als-i-les-residents-strong\" data-block-id=\"77d0b9e\"><h4 class=\"stk-block-heading__text\"><strong>Deu anys de reconeixement als i les residents<\/strong><\/h4><\/div>\n\n\n\n<p>Amb els Premis Alfredo Rego, la Fundaci\u00f3 Hospital\u00e0ries referma el seu comprom\u00eds amb la doc\u00e8ncia i el reconeixement de les persones que s&#8217;estan formant al centre. Aquests guardons no nom\u00e9s premien el rigor acad\u00e8mic, sin\u00f3 que incentiven que els i les futures especialistes aportin noves mirades i solucions als reptes de la salut mental actual. Aquest curs, un total de quinze persones estan realitzant la seva resid\u00e8ncia a la Fundaci\u00f3 Hospital\u00e0ries Martorell. La guardonada, In\u00e9s Mart\u00ednez, de Madrid, es troba a l&#8217;equador de la seva resid\u00e8ncia i valora positivament el seu aprenentatge al centre: <\/p>\n\n\n\n<blockquote class=\"wp-block-quote is-layout-flow wp-block-quote-is-layout-flow\">\n<p>&#8220;En aquest hospital se m&#8217;ha ofert una altra mirada cap a la persona atesa, cap a la problem\u00e0tica i el trastorn mental; una mirada m\u00e9s integrada&#8221;.<\/p>\n<\/blockquote>\n\n\n\n<figure class=\"wp-block-image size-large\"><img loading=\"lazy\" decoding=\"async\" width=\"1024\" height=\"768\" src=\"https:\/\/fundaciohospitalariesmartorell.org\/entre-tots\/wp-content\/uploads\/2026\/01\/WhatsApp-Image-2026-01-21-at-15.47.34-1024x768.jpeg\" alt=\"\" class=\"wp-image-12529\" srcset=\"https:\/\/fundaciohospitalariesmartorell.org\/entre-tots\/wp-content\/uploads\/2026\/01\/WhatsApp-Image-2026-01-21-at-15.47.34-1024x768.jpeg 1024w, https:\/\/fundaciohospitalariesmartorell.org\/entre-tots\/wp-content\/uploads\/2026\/01\/WhatsApp-Image-2026-01-21-at-15.47.34-300x225.jpeg 300w, https:\/\/fundaciohospitalariesmartorell.org\/entre-tots\/wp-content\/uploads\/2026\/01\/WhatsApp-Image-2026-01-21-at-15.47.34-768x576.jpeg 768w, https:\/\/fundaciohospitalariesmartorell.org\/entre-tots\/wp-content\/uploads\/2026\/01\/WhatsApp-Image-2026-01-21-at-15.47.34-1536x1152.jpeg 1536w, https:\/\/fundaciohospitalariesmartorell.org\/entre-tots\/wp-content\/uploads\/2026\/01\/WhatsApp-Image-2026-01-21-at-15.47.34-1320x990.jpeg 1320w, https:\/\/fundaciohospitalariesmartorell.org\/entre-tots\/wp-content\/uploads\/2026\/01\/WhatsApp-Image-2026-01-21-at-15.47.34.jpeg 2000w\" sizes=\"auto, (max-width: 1024px) 100vw, 1024px\" \/><\/figure>\n\n\n\n<figure class=\"wp-block-embed is-type-video is-provider-youtube wp-block-embed-youtube wp-embed-aspect-9-16 wp-has-aspect-ratio\"><div class=\"wp-block-embed__wrapper\">\n<iframe loading=\"lazy\" title=\"La resident In\u00e9s Mart\u00ednez Infiesta guanya la 10a edici\u00f3 del Premi Alfredo Rego\" width=\"563\" height=\"1000\" src=\"https:\/\/www.youtube.com\/embed\/2K8WJPX4N_o?feature=oembed\" frameborder=\"0\" allow=\"accelerometer; autoplay; clipboard-write; encrypted-media; gyroscope; picture-in-picture; web-share\" referrerpolicy=\"strict-origin-when-cross-origin\" allowfullscreen><\/iframe>\n<\/div><\/figure>\n","protected":false},"excerpt":{"rendered":"<p>La resident de psicologia cl\u00ednica ha estat guardonada pel seu treball sobre la narrativa de la psicosom\u00e0tica In\u00e9s Mart\u00ednez Infiesta, resident de psicologia cl\u00ednica de la Fundaci\u00f3 Hospital\u00e0ries Martorell, ha estat guardonada amb el 10\u00e8 Premi Alfredo Rego per la seva comunicaci\u00f3 \u201cLa voz dormida: narrativa de la psicosom\u00e1tica\u201d. La Comissi\u00f3 de Doc\u00e8ncia ha considerat [&hellip;]<\/p>\n","protected":false},"author":6,"featured_media":12530,"comment_status":"closed","ping_status":"closed","sticky":false,"template":"","format":"standard","meta":{"footnotes":""},"categories":[27],"tags":[],"class_list":["post-12527","post","type-post","status-publish","format-standard","has-post-thumbnail","hentry","category-actualitat"],"blocksy_meta":[],"featured_image_urls_v2":{"full":["https:\/\/fundaciohospitalariesmartorell.org\/entre-tots\/wp-content\/uploads\/2026\/01\/WhatsApp-Image-2026-01-21-at-15.47.24.jpeg",2000,1500,false],"thumbnail":["https:\/\/fundaciohospitalariesmartorell.org\/entre-tots\/wp-content\/uploads\/2026\/01\/WhatsApp-Image-2026-01-21-at-15.47.24-150x150.jpeg",150,150,true],"medium":["https:\/\/fundaciohospitalariesmartorell.org\/entre-tots\/wp-content\/uploads\/2026\/01\/WhatsApp-Image-2026-01-21-at-15.47.24-300x225.jpeg",300,225,true],"medium_large":["https:\/\/fundaciohospitalariesmartorell.org\/entre-tots\/wp-content\/uploads\/2026\/01\/WhatsApp-Image-2026-01-21-at-15.47.24-768x576.jpeg",768,576,true],"large":["https:\/\/fundaciohospitalariesmartorell.org\/entre-tots\/wp-content\/uploads\/2026\/01\/WhatsApp-Image-2026-01-21-at-15.47.24-1024x768.jpeg",1024,768,true],"1536x1536":["https:\/\/fundaciohospitalariesmartorell.org\/entre-tots\/wp-content\/uploads\/2026\/01\/WhatsApp-Image-2026-01-21-at-15.47.24-1536x1152.jpeg",1536,1152,true],"2048x2048":["https:\/\/fundaciohospitalariesmartorell.org\/entre-tots\/wp-content\/uploads\/2026\/01\/WhatsApp-Image-2026-01-21-at-15.47.24.jpeg",2000,1500,false],"mailpoet_newsletter_max":["https:\/\/fundaciohospitalariesmartorell.org\/entre-tots\/wp-content\/uploads\/2026\/01\/WhatsApp-Image-2026-01-21-at-15.47.24-1320x990.jpeg",1320,990,true]},"post_excerpt_stackable_v2":"<p>La resident de psicologia cl\u00ednica ha estat guardonada pel seu treball sobre la narrativa de la psicosom\u00e0tica In\u00e9s Mart\u00ednez Infiesta, resident de psicologia cl\u00ednica de la Fundaci\u00f3 Hospital\u00e0ries Martorell, ha estat guardonada amb el 10\u00e8 Premi Alfredo Rego per la seva comunicaci\u00f3 \u201cLa voz dormida: narrativa de la psicosom\u00e1tica\u201d. La Comissi\u00f3 de Doc\u00e8ncia ha considerat aquest treball com la millor presentaci\u00f3 docent del curs 2025. La cerim\u00f2nia de lliurament ha tingut lloc aquest dimecres, 21 de gener, en el marc de la sessi\u00f3 inaugural del cicle de sessions cl\u00edniques de residents del curs docent 2026 amb la pres\u00e8ncia dels i&hellip;<\/p>\n","category_list_v2":"<a href=\"https:\/\/fundaciohospitalariesmartorell.org\/entre-tots\/category\/actualitat\/\" rel=\"category tag\">ACTUALITAT<\/a>","author_info_v2":{"name":"Martorell_comunicacio","url":"https:\/\/fundaciohospitalariesmartorell.org\/entre-tots\/author\/martorell_comunicacio\/"},"comments_num_v2":"0 comments","_links":{"self":[{"href":"https:\/\/fundaciohospitalariesmartorell.org\/entre-tots\/wp-json\/wp\/v2\/posts\/12527","targetHints":{"allow":["GET"]}}],"collection":[{"href":"https:\/\/fundaciohospitalariesmartorell.org\/entre-tots\/wp-json\/wp\/v2\/posts"}],"about":[{"href":"https:\/\/fundaciohospitalariesmartorell.org\/entre-tots\/wp-json\/wp\/v2\/types\/post"}],"author":[{"embeddable":true,"href":"https:\/\/fundaciohospitalariesmartorell.org\/entre-tots\/wp-json\/wp\/v2\/users\/6"}],"replies":[{"embeddable":true,"href":"https:\/\/fundaciohospitalariesmartorell.org\/entre-tots\/wp-json\/wp\/v2\/comments?post=12527"}],"version-history":[{"count":3,"href":"https:\/\/fundaciohospitalariesmartorell.org\/entre-tots\/wp-json\/wp\/v2\/posts\/12527\/revisions"}],"predecessor-version":[{"id":12548,"href":"https:\/\/fundaciohospitalariesmartorell.org\/entre-tots\/wp-json\/wp\/v2\/posts\/12527\/revisions\/12548"}],"wp:featuredmedia":[{"embeddable":true,"href":"https:\/\/fundaciohospitalariesmartorell.org\/entre-tots\/wp-json\/wp\/v2\/media\/12530"}],"wp:attachment":[{"href":"https:\/\/fundaciohospitalariesmartorell.org\/entre-tots\/wp-json\/wp\/v2\/media?parent=12527"}],"wp:term":[{"taxonomy":"category","embeddable":true,"href":"https:\/\/fundaciohospitalariesmartorell.org\/entre-tots\/wp-json\/wp\/v2\/categories?post=12527"},{"taxonomy":"post_tag","embeddable":true,"href":"https:\/\/fundaciohospitalariesmartorell.org\/entre-tots\/wp-json\/wp\/v2\/tags?post=12527"}],"curies":[{"name":"wp","href":"https:\/\/api.w.org\/{rel}","templated":true}]}}