{"id":12533,"date":"2026-01-22T12:42:45","date_gmt":"2026-01-22T11:42:45","guid":{"rendered":"https:\/\/fundaciohospitalariesmartorell.org\/entre-tots\/?p=12533"},"modified":"2026-01-22T12:58:26","modified_gmt":"2026-01-22T11:58:26","slug":"el-dr-manel-sanchez-participa-en-el-congres-dels-diputats-en-lacte-del-1r-aniversari-del-pacte-pel-record","status":"publish","type":"post","link":"https:\/\/fundaciohospitalariesmartorell.org\/entre-tots\/2026\/01\/el-dr-manel-sanchez-participa-en-el-congres-dels-diputats-en-lacte-del-1r-aniversari-del-pacte-pel-record\/","title":{"rendered":"El Dr. Manel S\u00e1nchez participa en el Congr\u00e9s dels Diputats en l\u2019acte del 1r aniversari del Pacte pel RECORD"},"content":{"rendered":"\n<figure class=\"wp-block-image size-full is-resized\"><img loading=\"lazy\" decoding=\"async\" width=\"477\" height=\"243\" src=\"https:\/\/fundaciohospitalariesmartorell.org\/entre-tots\/wp-content\/uploads\/2026\/01\/image-14.png\" alt=\"\" class=\"wp-image-12534\" style=\"aspect-ratio:1.9631511254019292;width:695px;height:auto\" srcset=\"https:\/\/fundaciohospitalariesmartorell.org\/entre-tots\/wp-content\/uploads\/2026\/01\/image-14.png 477w, https:\/\/fundaciohospitalariesmartorell.org\/entre-tots\/wp-content\/uploads\/2026\/01\/image-14-300x153.png 300w\" sizes=\"auto, (max-width: 477px) 100vw, 477px\" \/><\/figure>\n\n\n\n<p>El Dr. Manel S\u00e1nchez, responsable de l\u2019\u00c0rea de Gesti\u00f3 del Coneixement de la Fundaci\u00f3 Hospital\u00e0ries Martorell i en qualitat de president de la Sociedad Espa\u00f1ola de Psicogeriatria, va participar el passat 5 de desembre en l\u2019acte commemoratiu del primer aniversari del Pacte pel RECORD, celebrat al Congr\u00e9s dels Diputats.<\/p>\n\n\n\n<p>El Dr. S\u00e1nchez va intervenir en la taula rodona \u00abRuta assistencial i abordatge multidisciplinari: una mirada conjunta\u00bb, on es va posar de manifest la import\u00e0ncia de la coordinaci\u00f3 entre professionals i recursos per garantir una atenci\u00f3 integral a les persones amb Alzheimer i altres dem\u00e8ncies.<\/p>\n\n\n\n<p>El Pacte pel RECORD recull tres eixos fonamentals: l\u2019elaboraci\u00f3 d\u2019un cens oficial de persones amb Alzheimer; el diagn\u00f2stic preco\u00e7 per identificar la malaltia en estadis inicials; i l\u2019acc\u00e9s equitatiu als millors tractaments farmacol\u00f2gics, no farmacol\u00f2gics i als recursos de cura. Al llarg d\u2019aquest primer any, s\u2019han organitzat diversos actes amb l\u2019objectiu de donar a con\u00e8ixer el contingut del pacte tant a les societats cient\u00edfiques com al conjunt de la societat.<\/p>\n\n\n\n<p>El Congr\u00e9s dels Diputats va acollir divendres l\u2019acte central d\u2019aquest primer aniversari, estructurat com una jornada de di\u00e0leg constructiu entre tots els agents implicats en la lluita contra l\u2019Alzheimer. La trobada, organitzada per la Confederaci\u00f3n Espa\u00f1ola de Alzheimer y Otras Demencias (CEAFA), va reunir experts, representants dels partits pol\u00edtics majoritaris al congr\u00e9s dels diputats i entitats socials en quatre taules rodones. L\u2019objectiu principal de la jornada va ser fer una crida a l\u2019acci\u00f3 i impulsar l\u2019adopci\u00f3 de mesures immediates per avan\u00e7ar de manera efectiva en la lluita contra l\u2019Alzheimer.<\/p>\n\n\n\n<p>Podeu veure un resum, <a href=\"https:\/\/www.linkedin.com\/posts\/alzheimer-ceafa_pactoporelrecuerdo-pacientes-alzheimer-activity-7405186106658328578-Qa7s?utm_source=share&amp;utm_medium=member_ios&amp;rcm=ACoAAAUz3TEB6GkYiyk4A1hDyFsYO9J0-d4w9JQ\">aqu\u00ed<\/a>.<\/p>\n\n\n\n<p><\/p>\n","protected":false},"excerpt":{"rendered":"<p>El Dr. Manel S\u00e1nchez, responsable de l\u2019\u00c0rea de Gesti\u00f3 del Coneixement de la Fundaci\u00f3 Hospital\u00e0ries Martorell i en qualitat de president de la Sociedad Espa\u00f1ola de Psicogeriatria, va participar el passat 5 de desembre en l\u2019acte commemoratiu del primer aniversari del Pacte pel RECORD, celebrat al Congr\u00e9s dels Diputats. El Dr. S\u00e1nchez va intervenir en [&hellip;]<\/p>\n","protected":false},"author":6,"featured_media":12534,"comment_status":"closed","ping_status":"closed","sticky":false,"template":"","format":"standard","meta":{"footnotes":""},"categories":[27],"tags":[],"class_list":["post-12533","post","type-post","status-publish","format-standard","has-post-thumbnail","hentry","category-actualitat"],"blocksy_meta":[],"featured_image_urls_v2":{"full":["https:\/\/fundaciohospitalariesmartorell.org\/entre-tots\/wp-content\/uploads\/2026\/01\/image-14.png",477,243,false],"thumbnail":["https:\/\/fundaciohospitalariesmartorell.org\/entre-tots\/wp-content\/uploads\/2026\/01\/image-14-150x150.png",150,150,true],"medium":["https:\/\/fundaciohospitalariesmartorell.org\/entre-tots\/wp-content\/uploads\/2026\/01\/image-14-300x153.png",300,153,true],"medium_large":["https:\/\/fundaciohospitalariesmartorell.org\/entre-tots\/wp-content\/uploads\/2026\/01\/image-14.png",477,243,false],"large":["https:\/\/fundaciohospitalariesmartorell.org\/entre-tots\/wp-content\/uploads\/2026\/01\/image-14.png",477,243,false],"1536x1536":["https:\/\/fundaciohospitalariesmartorell.org\/entre-tots\/wp-content\/uploads\/2026\/01\/image-14.png",477,243,false],"2048x2048":["https:\/\/fundaciohospitalariesmartorell.org\/entre-tots\/wp-content\/uploads\/2026\/01\/image-14.png",477,243,false],"mailpoet_newsletter_max":["https:\/\/fundaciohospitalariesmartorell.org\/entre-tots\/wp-content\/uploads\/2026\/01\/image-14.png",477,243,false]},"post_excerpt_stackable_v2":"<p>El Dr. Manel S\u00e1nchez, responsable de l\u2019\u00c0rea de Gesti\u00f3 del Coneixement de la Fundaci\u00f3 Hospital\u00e0ries Martorell i en qualitat de president de la Sociedad Espa\u00f1ola de Psicogeriatria, va participar el passat 5 de desembre en l\u2019acte commemoratiu del primer aniversari del Pacte pel RECORD, celebrat al Congr\u00e9s dels Diputats. El Dr. S\u00e1nchez va intervenir en la taula rodona \u00abRuta assistencial i abordatge multidisciplinari: una mirada conjunta\u00bb, on es va posar de manifest la import\u00e0ncia de la coordinaci\u00f3 entre professionals i recursos per garantir una atenci\u00f3 integral a les persones amb Alzheimer i altres dem\u00e8ncies. El Pacte pel RECORD recull tres&hellip;<\/p>\n","category_list_v2":"<a href=\"https:\/\/fundaciohospitalariesmartorell.org\/entre-tots\/category\/actualitat\/\" rel=\"category tag\">ACTUALITAT<\/a>","author_info_v2":{"name":"Martorell_comunicacio","url":"https:\/\/fundaciohospitalariesmartorell.org\/entre-tots\/author\/martorell_comunicacio\/"},"comments_num_v2":"0 comments","_links":{"self":[{"href":"https:\/\/fundaciohospitalariesmartorell.org\/entre-tots\/wp-json\/wp\/v2\/posts\/12533","targetHints":{"allow":["GET"]}}],"collection":[{"href":"https:\/\/fundaciohospitalariesmartorell.org\/entre-tots\/wp-json\/wp\/v2\/posts"}],"about":[{"href":"https:\/\/fundaciohospitalariesmartorell.org\/entre-tots\/wp-json\/wp\/v2\/types\/post"}],"author":[{"embeddable":true,"href":"https:\/\/fundaciohospitalariesmartorell.org\/entre-tots\/wp-json\/wp\/v2\/users\/6"}],"replies":[{"embeddable":true,"href":"https:\/\/fundaciohospitalariesmartorell.org\/entre-tots\/wp-json\/wp\/v2\/comments?post=12533"}],"version-history":[{"count":2,"href":"https:\/\/fundaciohospitalariesmartorell.org\/entre-tots\/wp-json\/wp\/v2\/posts\/12533\/revisions"}],"predecessor-version":[{"id":12536,"href":"https:\/\/fundaciohospitalariesmartorell.org\/entre-tots\/wp-json\/wp\/v2\/posts\/12533\/revisions\/12536"}],"wp:featuredmedia":[{"embeddable":true,"href":"https:\/\/fundaciohospitalariesmartorell.org\/entre-tots\/wp-json\/wp\/v2\/media\/12534"}],"wp:attachment":[{"href":"https:\/\/fundaciohospitalariesmartorell.org\/entre-tots\/wp-json\/wp\/v2\/media?parent=12533"}],"wp:term":[{"taxonomy":"category","embeddable":true,"href":"https:\/\/fundaciohospitalariesmartorell.org\/entre-tots\/wp-json\/wp\/v2\/categories?post=12533"},{"taxonomy":"post_tag","embeddable":true,"href":"https:\/\/fundaciohospitalariesmartorell.org\/entre-tots\/wp-json\/wp\/v2\/tags?post=12533"}],"curies":[{"name":"wp","href":"https:\/\/api.w.org\/{rel}","templated":true}]}}