{"id":12538,"date":"2026-01-26T11:04:21","date_gmt":"2026-01-26T10:04:21","guid":{"rendered":"https:\/\/fundaciohospitalariesmartorell.org\/entre-tots\/?p=12538"},"modified":"2026-01-26T11:04:21","modified_gmt":"2026-01-26T10:04:21","slug":"la-fundacio-hospitalaries-martorell-presenta-la-memoria-de-comissions-2025","status":"publish","type":"post","link":"https:\/\/fundaciohospitalariesmartorell.org\/entre-tots\/2026\/01\/la-fundacio-hospitalaries-martorell-presenta-la-memoria-de-comissions-2025\/","title":{"rendered":"La Fundaci\u00f3 Hospital\u00e0ries Martorell presenta la Mem\u00f2ria de Comissions 2025"},"content":{"rendered":"\n<p>La Fundaci\u00f3 Hospital\u00e0ries Martorell ha elaborat la <em><a href=\"https:\/\/fundaciohospitalariesmartorell.org\/entre-tots\/wp-content\/uploads\/2026\/01\/FHM_PPT_01v10_Memoria_Comissions_2025.pptx.pdf\">Mem\u00f2ria de Comissions 2025<\/a><\/em>, un document que recull i posa en valor l\u2019activitat desenvolupada al llarg de l\u2019any per les diferents Comissions, Comit\u00e8s i Grups de Treball de la instituci\u00f3.<\/p>\n\n\n\n<p>Aquesta mem\u00f2ria t\u00e9 com a objectiu principal difondre les funcions, els objectius i els projectes impulsats des d\u2019aquests espais de participaci\u00f3 professional, tot destacant el paper clau que tenen en la millora cont\u00ednua dels processos assistencials i en la qualitat dels serveis que oferim a les persones ateses.<\/p>\n\n\n\n<p>El document vol recon\u00e8ixer expl\u00edcitament l\u2019esfor\u00e7, la dedicaci\u00f3 i el comprom\u00eds dels professionals que formen part d\u2019aquestes estructures transversals, aix\u00ed com la seva influ\u00e8ncia directa en l\u2019enfortiment del nostre model organitzatiu.<\/p>\n\n\n\n<p>La publicaci\u00f3 de la <em><a href=\"https:\/\/fundaciohospitalariesmartorell.org\/entre-tots\/wp-content\/uploads\/2026\/01\/FHM_PPT_01v10_Memoria_Comissions_2025.pptx.pdf\">Mem\u00f2ria de Comissions 2025<\/a><\/em> s\u2019emmarca, a m\u00e9s, en un conjunt d\u2019iniciatives orientades a compartir coneixement i fomentar la participaci\u00f3 interna, com la incorporaci\u00f3 del nou format obert de la Jornada de les Comissions, celebrada el passat 25 de novembre.<\/p>\n\n\n\n<figure class=\"wp-block-image size-large\"><img loading=\"lazy\" decoding=\"async\" width=\"1024\" height=\"768\" src=\"https:\/\/fundaciohospitalariesmartorell.org\/entre-tots\/wp-content\/uploads\/2026\/01\/image-15-1024x768.png\" alt=\"\" class=\"wp-image-12540\" srcset=\"https:\/\/fundaciohospitalariesmartorell.org\/entre-tots\/wp-content\/uploads\/2026\/01\/image-15-1024x768.png 1024w, https:\/\/fundaciohospitalariesmartorell.org\/entre-tots\/wp-content\/uploads\/2026\/01\/image-15-300x225.png 300w, https:\/\/fundaciohospitalariesmartorell.org\/entre-tots\/wp-content\/uploads\/2026\/01\/image-15-768x576.png 768w, https:\/\/fundaciohospitalariesmartorell.org\/entre-tots\/wp-content\/uploads\/2026\/01\/image-15.png 1260w\" sizes=\"auto, (max-width: 1024px) 100vw, 1024px\" \/><\/figure>\n\n\n\n<p>Amb aquestes accions, la Fundaci\u00f3 Hospital\u00e0ries Martorell consolida un espai estrat\u00e8gic de col\u00b7laboraci\u00f3 que refor\u00e7a la proactivitat dels equips i contribueix a l\u2019excel\u00b7l\u00e8ncia del nostre projecte assistencial.<\/p>\n\n\n\n<p><\/p>\n","protected":false},"excerpt":{"rendered":"<p>La Fundaci\u00f3 Hospital\u00e0ries Martorell ha elaborat la Mem\u00f2ria de Comissions 2025, un document que recull i posa en valor l\u2019activitat desenvolupada al llarg de l\u2019any per les diferents Comissions, Comit\u00e8s i Grups de Treball de la instituci\u00f3. Aquesta mem\u00f2ria t\u00e9 com a objectiu principal difondre les funcions, els objectius i els projectes impulsats des d\u2019aquests [&hellip;]<\/p>\n","protected":false},"author":6,"featured_media":12541,"comment_status":"closed","ping_status":"","sticky":false,"template":"","format":"standard","meta":{"footnotes":""},"categories":[27,56],"tags":[],"class_list":["post-12538","post","type-post","status-publish","format-standard","has-post-thumbnail","hentry","category-actualitat","category-bon-govern"],"blocksy_meta":[],"featured_image_urls_v2":{"full":["https:\/\/fundaciohospitalariesmartorell.org\/entre-tots\/wp-content\/uploads\/2026\/01\/image-16.png",1260,945,false],"thumbnail":["https:\/\/fundaciohospitalariesmartorell.org\/entre-tots\/wp-content\/uploads\/2026\/01\/image-16-150x150.png",150,150,true],"medium":["https:\/\/fundaciohospitalariesmartorell.org\/entre-tots\/wp-content\/uploads\/2026\/01\/image-16-300x225.png",300,225,true],"medium_large":["https:\/\/fundaciohospitalariesmartorell.org\/entre-tots\/wp-content\/uploads\/2026\/01\/image-16-768x576.png",768,576,true],"large":["https:\/\/fundaciohospitalariesmartorell.org\/entre-tots\/wp-content\/uploads\/2026\/01\/image-16-1024x768.png",1024,768,true],"1536x1536":["https:\/\/fundaciohospitalariesmartorell.org\/entre-tots\/wp-content\/uploads\/2026\/01\/image-16.png",1260,945,false],"2048x2048":["https:\/\/fundaciohospitalariesmartorell.org\/entre-tots\/wp-content\/uploads\/2026\/01\/image-16.png",1260,945,false],"mailpoet_newsletter_max":["https:\/\/fundaciohospitalariesmartorell.org\/entre-tots\/wp-content\/uploads\/2026\/01\/image-16.png",1260,945,false]},"post_excerpt_stackable_v2":"<p>La Fundaci\u00f3 Hospital\u00e0ries Martorell ha elaborat la Mem\u00f2ria de Comissions 2025, un document que recull i posa en valor l\u2019activitat desenvolupada al llarg de l\u2019any per les diferents Comissions, Comit\u00e8s i Grups de Treball de la instituci\u00f3. Aquesta mem\u00f2ria t\u00e9 com a objectiu principal difondre les funcions, els objectius i els projectes impulsats des d\u2019aquests espais de participaci\u00f3 professional, tot destacant el paper clau que tenen en la millora cont\u00ednua dels processos assistencials i en la qualitat dels serveis que oferim a les persones ateses. El document vol recon\u00e8ixer expl\u00edcitament l\u2019esfor\u00e7, la dedicaci\u00f3 i el comprom\u00eds dels professionals que formen&hellip;<\/p>\n","category_list_v2":"<a href=\"https:\/\/fundaciohospitalariesmartorell.org\/entre-tots\/category\/actualitat\/\" rel=\"category tag\">ACTUALITAT<\/a>, <a href=\"https:\/\/fundaciohospitalariesmartorell.org\/entre-tots\/category\/actualitat\/bon-govern\/\" rel=\"category tag\">BON GOVERN<\/a>","author_info_v2":{"name":"Martorell_comunicacio","url":"https:\/\/fundaciohospitalariesmartorell.org\/entre-tots\/author\/martorell_comunicacio\/"},"comments_num_v2":"0 comments","_links":{"self":[{"href":"https:\/\/fundaciohospitalariesmartorell.org\/entre-tots\/wp-json\/wp\/v2\/posts\/12538","targetHints":{"allow":["GET"]}}],"collection":[{"href":"https:\/\/fundaciohospitalariesmartorell.org\/entre-tots\/wp-json\/wp\/v2\/posts"}],"about":[{"href":"https:\/\/fundaciohospitalariesmartorell.org\/entre-tots\/wp-json\/wp\/v2\/types\/post"}],"author":[{"embeddable":true,"href":"https:\/\/fundaciohospitalariesmartorell.org\/entre-tots\/wp-json\/wp\/v2\/users\/6"}],"replies":[{"embeddable":true,"href":"https:\/\/fundaciohospitalariesmartorell.org\/entre-tots\/wp-json\/wp\/v2\/comments?post=12538"}],"version-history":[{"count":1,"href":"https:\/\/fundaciohospitalariesmartorell.org\/entre-tots\/wp-json\/wp\/v2\/posts\/12538\/revisions"}],"predecessor-version":[{"id":12544,"href":"https:\/\/fundaciohospitalariesmartorell.org\/entre-tots\/wp-json\/wp\/v2\/posts\/12538\/revisions\/12544"}],"wp:featuredmedia":[{"embeddable":true,"href":"https:\/\/fundaciohospitalariesmartorell.org\/entre-tots\/wp-json\/wp\/v2\/media\/12541"}],"wp:attachment":[{"href":"https:\/\/fundaciohospitalariesmartorell.org\/entre-tots\/wp-json\/wp\/v2\/media?parent=12538"}],"wp:term":[{"taxonomy":"category","embeddable":true,"href":"https:\/\/fundaciohospitalariesmartorell.org\/entre-tots\/wp-json\/wp\/v2\/categories?post=12538"},{"taxonomy":"post_tag","embeddable":true,"href":"https:\/\/fundaciohospitalariesmartorell.org\/entre-tots\/wp-json\/wp\/v2\/tags?post=12538"}],"curies":[{"name":"wp","href":"https:\/\/api.w.org\/{rel}","templated":true}]}}