{"id":12545,"date":"2026-01-26T15:59:12","date_gmt":"2026-01-26T14:59:12","guid":{"rendered":"https:\/\/fundaciohospitalariesmartorell.org\/entre-tots\/?p=12545"},"modified":"2026-01-26T16:11:51","modified_gmt":"2026-01-26T15:11:51","slug":"quan-el-patiment-emocional-es-confon-amb-una-demencia-entendre-la-pseudodemencia-en-la-gent-gran","status":"publish","type":"post","link":"https:\/\/fundaciohospitalariesmartorell.org\/entre-tots\/2026\/01\/quan-el-patiment-emocional-es-confon-amb-una-demencia-entendre-la-pseudodemencia-en-la-gent-gran\/","title":{"rendered":"Quan el patiment emocional es confon amb una dem\u00e8ncia: entendre la pseudodem\u00e8ncia en la gent gran"},"content":{"rendered":"\n<p>En moltes fam\u00edlies, el moment en qu\u00e8 una persona gran comen\u00e7a a mostrar problemes de mem\u00f2ria, confusi\u00f3 o dificultats per seguir el ritme del dia a dia genera una gran preocupaci\u00f3. Sovint, el primer pensament \u00e9s la dem\u00e8ncia. Per\u00f2 no sempre \u00e9s aix\u00ed. Hi ha una situaci\u00f3 anomenada\u00a0pseudodem\u00e8ncia\u00a0que pot semblar una dem\u00e8ncia, per\u00f2 que en realitat t\u00e9 un origen diferent i, sobretot,\u00a0t\u00e9 tractament i pot millorar. <\/p>\n\n\n\n<figure class=\"wp-block-image size-large\"><img loading=\"lazy\" decoding=\"async\" width=\"1024\" height=\"848\" src=\"https:\/\/fundaciohospitalariesmartorell.org\/entre-tots\/wp-content\/uploads\/2026\/01\/image-17-1024x848.png\" alt=\"\" class=\"wp-image-12546\" srcset=\"https:\/\/fundaciohospitalariesmartorell.org\/entre-tots\/wp-content\/uploads\/2026\/01\/image-17-1024x848.png 1024w, https:\/\/fundaciohospitalariesmartorell.org\/entre-tots\/wp-content\/uploads\/2026\/01\/image-17-300x248.png 300w, https:\/\/fundaciohospitalariesmartorell.org\/entre-tots\/wp-content\/uploads\/2026\/01\/image-17-768x636.png 768w, https:\/\/fundaciohospitalariesmartorell.org\/entre-tots\/wp-content\/uploads\/2026\/01\/image-17-1320x1093.png 1320w, https:\/\/fundaciohospitalariesmartorell.org\/entre-tots\/wp-content\/uploads\/2026\/01\/image-17.png 1500w\" sizes=\"auto, (max-width: 1024px) 100vw, 1024px\" \/><\/figure>\n\n\n\n<h3 class=\"wp-block-heading\">Qu\u00e8 \u00e9s la pseudodem\u00e8ncia?<\/h3>\n\n\n\n<p>La pseudodem\u00e8ncia \u00e9s una entitat que es va descriure als anys seixanta per referir-se a persones, sobretot en l&#8217;etapa final de la vida adulta o edat avan\u00e7ada, que presenten quadres cl\u00ednics molt semblants als d\u2019una dem\u00e8ncia \u2014com p\u00e8rdua de mem\u00f2ria, dificultats d\u2019atenci\u00f3, lentitud mental o cansament\u2014 per\u00f2 que en realitat\u00a0no tenen una malaltia neurodegenerativa.<\/p>\n\n\n\n<p>En la majoria dels casos, aquests s\u00edmptomes estan relacionats amb\u00a0un trastorn depressiu\u00a0o un altre problema de salut mental. La gran difer\u00e8ncia amb una dem\u00e8ncia \u201creal\u201d \u00e9s que\u00a0la pseudodem\u00e8ncia no \u00e9s irreversible ni progressiva: amb el tractament adequat, la persona pot millorar de manera significativa.  <\/p>\n\n\n\n<blockquote class=\"wp-block-quote is-layout-flow wp-block-quote-is-layout-flow\">\n<p>&#8220;Una de les difer\u00e8ncies m\u00e9s importants \u00e9s que, com b\u00e9 remarca el car\u00e0cter descriptiu del nom (<em>pseudo<\/em>-dem\u00e8ncia) aquesta imitaci\u00f3 cl\u00ednica no t\u00e9 el car\u00e0cter irreversible i progressiu que t\u00e9 una dem\u00e8ncia veritable, sin\u00f3 que el seu pron\u00f2stic \u00e9s m\u00e9s favorable, considerant la cl\u00ednica reversible&#8221;, explica Ariadna Busquets, resident de psiquiatria de la Fundaci\u00f3 Hospital\u00e0ries Martorell<\/p>\n<\/blockquote>\n\n\n\n<h3 class=\"wp-block-heading\">Per qu\u00e8 costa tant de diagnosticar?<\/h3>\n\n\n\n<p>Un dels grans reptes \u00e9s que, tant per als professionals com per a les fam\u00edlies o l&#8217;entorn de la persona,\u00a0els s\u00edmptomes poden ser pr\u00e0cticament iguals\u00a0als d\u2019una dem\u00e8ncia veritable. &#8220;Podem trobar p\u00e8rdues de mem\u00f2ria, dificultats atencionals, alentiment, cansament&#8230;.&#8221; Per\u00f2 en el cas de la pseudodem\u00e8ncia, sovint destaca el patiment que expressen aquestes persones: expliquen que no entenen qu\u00e8 els est\u00e0 passant, que els canvis hagin aparegut de manera r\u00e0pida i que, en molts casos, hi ha situacions d\u2019estr\u00e8s o viv\u00e8ncies dif\u00edcils al darrere que les han condu\u00eft a un estat depressiu. Aquest malestar emocional, per\u00f2, no sempre es manifesta de manera clara ni es pot expressar amb paraules, com passaria en altres etapes o moments de la vida.<\/p>\n\n\n\n<p>Tal i com explica Busquetes, Aquesta manera at\u00edpica de manifestar-se la depressi\u00f3 \u00e9s especialment freq\u00fcent en la gent gran i \u00e9s un dels motius pels quals el diagn\u00f2stic pot resultar m\u00e9s complex. Aquesta dificultat no nom\u00e9s afecta els professionals, sin\u00f3 que tamb\u00e9 genera molt patiment i incomprensi\u00f3 dins les fam\u00edlies. I no \u00e9s per manca d\u2019estima o dedicaci\u00f3 per part dels cuidadors, sin\u00f3 pel desconeixement de com es pot expressar el dolor emocional en les persones grans, que sovint no segueix els patrons que esperem o sabem recon\u00e8ixer.<\/p>\n\n\n\n<h3 class=\"wp-block-heading\">El paper de les fam\u00edlies: observar, escoltar i acompanyar<\/h3>\n\n\n\n<p>Per a les fam\u00edlies, aquesta situaci\u00f3 pot esdevenir profundament desgastant. La incomprensi\u00f3, el cansament emocional i, sovint, un sentiment de culpa persistent s\u2019instal\u00b7len en el dia a dia. \u00c9s fonamental entendre que aquest patiment no neix d\u2019una manca d\u2019estima ni de comprom\u00eds, sin\u00f3 del desconeixement de com el dolor emocional es manifesta en la vellesa, sovint de manera silenciosa, confusa i dif\u00edcil d\u2019interpretar.<\/p>\n\n\n\n<p>L\u2019acompanyament quotidi\u00e0 no \u00e9s nom\u00e9s important: \u00e9s essencial. Escoltar amb atenci\u00f3 i const\u00e0ncia permet detectar canvis subtils que poden passar desapercebuts, per\u00f2 que s\u00f3n clau per comprendre qu\u00e8 est\u00e0 succeint i per ajudar els professionals sanitaris a descriure i valorar correctament l\u2019evoluci\u00f3 del quadre.<\/p>\n\n\n\n<p>Malgrat la dificultat d\u2019identificar qu\u00e8 est\u00e0 passant, ser-hi de manera continuada permet observar petits senyals d\u2019alerta: una desorientaci\u00f3 m\u00e9s freq\u00fcent, dificultats amb receptes que abans dominaven, un augment de les queixes de salut, una necessitat reiterada d\u2019anar al metge quan abans no era habitual, o una retirada progressiva de la vida social i afectiva. Aquests canvis aparentment menors en la conducta o en el car\u00e0cter poden ser indicadors clars que alguna cosa s\u2019est\u00e0 trencant en el benestar emocional de la persona i que necessita ser escoltada i atesa.<\/p>\n\n\n\n<h3 class=\"wp-block-heading\">T\u00e9 soluci\u00f3? La bona not\u00edcia<\/h3>\n\n\n\n<p>S\u00ed.\u00a0La pseudodem\u00e8ncia \u00e9s reversible en molts casos. Amb paci\u00e8ncia, comprensi\u00f3 i el tractament adequat del trastorn psiqui\u00e0tric acompanyant, la persona pot recuperar part o gran part de les seves capacitats.<\/p>\n\n\n\n<p>El tractament acostuma a incloure:<\/p>\n\n\n\n<ul class=\"wp-block-list\">\n<li>Valoraci\u00f3 i seguiment per part d\u2019un\/a professional de la salut mental (psiquiatre o psic\u00f2leg)<\/li>\n\n\n\n<li>Tractament farmacol\u00f2gic, si \u00e9s necessari<\/li>\n\n\n\n<li>Acompanyament multidisciplinari<\/li>\n\n\n\n<li>En alguns casos, valoraci\u00f3 neurol\u00f2gica per descartar altres patologies i fer un seguiment a llarg termini<\/li>\n<\/ul>\n\n\n\n<p>Les persones grans\u00a0no sempre poden expressar el que senten com nosaltres esperar\u00edem. &#8220;Potser no poden expressar el seu dolor amb ll\u00e0grimes, i el que els surt \u00e9s una queixa cognitiva o una aparent p\u00e8rdua de capacitats. Per\u00f2 el rerefons \u00e9s el mateix: un crit d\u2019ajuda davant d\u2019un patiment emocional profund, sostingut i sovint silenciat. Ser-hi, escoltar sense presses, acompanyar amb const\u00e0ncia i, sobretot, estimar i cuidar amb paci\u00e8ncia no \u00e9s nom\u00e9s un gest de suport, sin\u00f3 l\u2019element m\u00e9s important per al seu benestar i tamb\u00e9 per al de les persones que estan al seu costat&#8221;, afirma Busquets.<\/p>\n\n\n\n<p>Entendre la psicodem\u00e8ncia \u00e9s el primer pas per ajudar.<\/p>\n\n\n\n<p><\/p>\n","protected":false},"excerpt":{"rendered":"<p>En moltes fam\u00edlies, el moment en qu\u00e8 una persona gran comen\u00e7a a mostrar problemes de mem\u00f2ria, confusi\u00f3 o dificultats per seguir el ritme del dia a dia genera una gran preocupaci\u00f3. Sovint, el primer pensament \u00e9s la dem\u00e8ncia. Per\u00f2 no sempre \u00e9s aix\u00ed. Hi ha una situaci\u00f3 anomenada\u00a0pseudodem\u00e8ncia\u00a0que pot semblar una dem\u00e8ncia, per\u00f2 que en [&hellip;]<\/p>\n","protected":false},"author":5,"featured_media":12546,"comment_status":"closed","ping_status":"closed","sticky":false,"template":"","format":"standard","meta":{"footnotes":""},"categories":[27],"tags":[],"class_list":["post-12545","post","type-post","status-publish","format-standard","has-post-thumbnail","hentry","category-actualitat"],"blocksy_meta":[],"featured_image_urls_v2":{"full":["https:\/\/fundaciohospitalariesmartorell.org\/entre-tots\/wp-content\/uploads\/2026\/01\/image-17.png",1500,1242,false],"thumbnail":["https:\/\/fundaciohospitalariesmartorell.org\/entre-tots\/wp-content\/uploads\/2026\/01\/image-17-150x150.png",150,150,true],"medium":["https:\/\/fundaciohospitalariesmartorell.org\/entre-tots\/wp-content\/uploads\/2026\/01\/image-17-300x248.png",300,248,true],"medium_large":["https:\/\/fundaciohospitalariesmartorell.org\/entre-tots\/wp-content\/uploads\/2026\/01\/image-17-768x636.png",768,636,true],"large":["https:\/\/fundaciohospitalariesmartorell.org\/entre-tots\/wp-content\/uploads\/2026\/01\/image-17-1024x848.png",1024,848,true],"1536x1536":["https:\/\/fundaciohospitalariesmartorell.org\/entre-tots\/wp-content\/uploads\/2026\/01\/image-17.png",1500,1242,false],"2048x2048":["https:\/\/fundaciohospitalariesmartorell.org\/entre-tots\/wp-content\/uploads\/2026\/01\/image-17.png",1500,1242,false],"mailpoet_newsletter_max":["https:\/\/fundaciohospitalariesmartorell.org\/entre-tots\/wp-content\/uploads\/2026\/01\/image-17-1320x1093.png",1320,1093,true]},"post_excerpt_stackable_v2":"<p>En moltes fam\u00edlies, el moment en qu\u00e8 una persona gran comen\u00e7a a mostrar problemes de mem\u00f2ria, confusi\u00f3 o dificultats per seguir el ritme del dia a dia genera una gran preocupaci\u00f3. Sovint, el primer pensament \u00e9s la dem\u00e8ncia. Per\u00f2 no sempre \u00e9s aix\u00ed. Hi ha una situaci\u00f3 anomenada\u00a0pseudodem\u00e8ncia\u00a0que pot semblar una dem\u00e8ncia, per\u00f2 que en realitat t\u00e9 un origen diferent i, sobretot,\u00a0t\u00e9 tractament i pot millorar. Qu\u00e8 \u00e9s la pseudodem\u00e8ncia? La pseudodem\u00e8ncia \u00e9s una entitat que es va descriure als anys seixanta per referir-se a persones, sobretot en l&#8217;etapa final de la vida adulta o edat avan\u00e7ada, que presenten quadres&hellip;<\/p>\n","category_list_v2":"<a href=\"https:\/\/fundaciohospitalariesmartorell.org\/entre-tots\/category\/actualitat\/\" rel=\"category tag\">ACTUALITAT<\/a>","author_info_v2":{"name":"Alba Felip","url":"https:\/\/fundaciohospitalariesmartorell.org\/entre-tots\/author\/afelipr\/"},"comments_num_v2":"0 comments","_links":{"self":[{"href":"https:\/\/fundaciohospitalariesmartorell.org\/entre-tots\/wp-json\/wp\/v2\/posts\/12545","targetHints":{"allow":["GET"]}}],"collection":[{"href":"https:\/\/fundaciohospitalariesmartorell.org\/entre-tots\/wp-json\/wp\/v2\/posts"}],"about":[{"href":"https:\/\/fundaciohospitalariesmartorell.org\/entre-tots\/wp-json\/wp\/v2\/types\/post"}],"author":[{"embeddable":true,"href":"https:\/\/fundaciohospitalariesmartorell.org\/entre-tots\/wp-json\/wp\/v2\/users\/5"}],"replies":[{"embeddable":true,"href":"https:\/\/fundaciohospitalariesmartorell.org\/entre-tots\/wp-json\/wp\/v2\/comments?post=12545"}],"version-history":[{"count":1,"href":"https:\/\/fundaciohospitalariesmartorell.org\/entre-tots\/wp-json\/wp\/v2\/posts\/12545\/revisions"}],"predecessor-version":[{"id":12547,"href":"https:\/\/fundaciohospitalariesmartorell.org\/entre-tots\/wp-json\/wp\/v2\/posts\/12545\/revisions\/12547"}],"wp:featuredmedia":[{"embeddable":true,"href":"https:\/\/fundaciohospitalariesmartorell.org\/entre-tots\/wp-json\/wp\/v2\/media\/12546"}],"wp:attachment":[{"href":"https:\/\/fundaciohospitalariesmartorell.org\/entre-tots\/wp-json\/wp\/v2\/media?parent=12545"}],"wp:term":[{"taxonomy":"category","embeddable":true,"href":"https:\/\/fundaciohospitalariesmartorell.org\/entre-tots\/wp-json\/wp\/v2\/categories?post=12545"},{"taxonomy":"post_tag","embeddable":true,"href":"https:\/\/fundaciohospitalariesmartorell.org\/entre-tots\/wp-json\/wp\/v2\/tags?post=12545"}],"curies":[{"name":"wp","href":"https:\/\/api.w.org\/{rel}","templated":true}]}}