{"id":12550,"date":"2026-01-27T07:55:24","date_gmt":"2026-01-27T06:55:24","guid":{"rendered":"https:\/\/fundaciohospitalariesmartorell.org\/entre-tots\/?p=12550"},"modified":"2026-01-29T15:20:26","modified_gmt":"2026-01-29T14:20:26","slug":"la-fundacio-hospitalaries-martorell-amplia-loferta-formativa-amb-una-nova-placa-de-psicologia-clinica","status":"publish","type":"post","link":"https:\/\/fundaciohospitalariesmartorell.org\/entre-tots\/2026\/01\/la-fundacio-hospitalaries-martorell-amplia-loferta-formativa-amb-una-nova-placa-de-psicologia-clinica\/","title":{"rendered":"La Fundaci\u00f3 Hospital\u00e0ries Martorell amplia l&#8217;oferta formativa amb una nova pla\u00e7a de Psicologia Cl\u00ednica"},"content":{"rendered":"\n<h3 class=\"wp-block-heading\"><span style=\"color: var(--theme-palette-color-1, #9f2b68);\" class=\"stk-highlight\">Amb l&#8217;ampliaci\u00f3 i la reacreditaci\u00f3 de la Unitat Docent Multiprofessional, Martorell passa a oferir <strong>sis places de formaci\u00f3 especialitzada cada any<\/strong><\/span><\/h3>\n\n\n\n<p>La Unitat Docent Multiprofessional (UDM) de la Fundaci\u00f3 Hospital\u00e0ries Martorell ha rebut l&#8217;autoritzaci\u00f3 del Ministeri de Sanitat per incrementar la seva capacitat formativa amb la incorporaci\u00f3 d&#8217;una segona pla\u00e7a anual de Psicologia Cl\u00ednica (PIR), que se suma a la que ja existia fins ara.<\/p>\n\n\n\n<figure class=\"wp-block-image size-large\"><img loading=\"lazy\" decoding=\"async\" width=\"2048\" height=\"1152\" src=\"https:\/\/fundaciohospitalariesmartorell.org\/entre-tots\/wp-content\/uploads\/2026\/01\/WhatsApp-Image-2025-10-30-at-15.51.28-4-edited.jpeg\" alt=\"\" class=\"wp-image-12554\" srcset=\"https:\/\/fundaciohospitalariesmartorell.org\/entre-tots\/wp-content\/uploads\/2026\/01\/WhatsApp-Image-2025-10-30-at-15.51.28-4-edited.jpeg 2048w, https:\/\/fundaciohospitalariesmartorell.org\/entre-tots\/wp-content\/uploads\/2026\/01\/WhatsApp-Image-2025-10-30-at-15.51.28-4-edited-300x169.jpeg 300w, https:\/\/fundaciohospitalariesmartorell.org\/entre-tots\/wp-content\/uploads\/2026\/01\/WhatsApp-Image-2025-10-30-at-15.51.28-4-edited-1024x576.jpeg 1024w, https:\/\/fundaciohospitalariesmartorell.org\/entre-tots\/wp-content\/uploads\/2026\/01\/WhatsApp-Image-2025-10-30-at-15.51.28-4-edited-768x432.jpeg 768w, https:\/\/fundaciohospitalariesmartorell.org\/entre-tots\/wp-content\/uploads\/2026\/01\/WhatsApp-Image-2025-10-30-at-15.51.28-4-edited-1536x864.jpeg 1536w, https:\/\/fundaciohospitalariesmartorell.org\/entre-tots\/wp-content\/uploads\/2026\/01\/WhatsApp-Image-2025-10-30-at-15.51.28-4-edited-1320x743.jpeg 1320w\" sizes=\"auto, (max-width: 2048px) 100vw, 2048px\" \/><\/figure>\n\n\n\n<p>Amb aquesta ampliaci\u00f3 i la reacreditaci\u00f3 de la UDM, Martorell passa a oferir un total de sis places de formaci\u00f3 especialitzada cada any: 2 places anuals de Psicologia Cl\u00ednica (PIR), 2 places anuals de Psiquiatria (MIR) i 2 places anuals d\u2019Infermeria de Salut Mental (IIR).<\/p>\n\n\n\n<p>Aquesta fita dona continu\u00eftat a la traject\u00f2ria docent de la instituci\u00f3, que va iniciar la seva activitat en el sistema oficial el 1986. Des de llavors, el centre ha anat adaptant els seus dispositius assistencials per complir amb els est\u00e0ndards de qualitat que exigeix el Ministeri de Sanitat.<\/p>\n\n\n\n<div class=\"wp-block-stackable-heading stk-block-heading stk-block-heading--v2 stk-block stk-5cdf9c4\" id=\"strong-un-proces-de-revisio-exhaustiu-strong\" data-block-id=\"5cdf9c4\"><h4 class=\"stk-block-heading__text\"><strong>Un proc\u00e9s de revisi\u00f3 exhaustiu<\/strong> <\/h4><\/div>\n\n\n\n<p>L&#8217;obtenci\u00f3 d&#8217;aquesta nova pla\u00e7a i la validaci\u00f3 dels programes actuals ha estat el resultat d&#8217;un treball de revisi\u00f3 t\u00e8cnica de tots els dispositius i itineraris docents. Aquesta tasca ha comptat amb la implicaci\u00f3 de la Direcci\u00f3 M\u00e8dica i d\u2019Infermeria, la Direcci\u00f3 de Persones, la Comissi\u00f3 Docent i els tutors de cada especialitat.<\/p>\n\n\n\n<p>La Secretaria Docent i la tutoria PIR han coordinat l&#8217;adaptaci\u00f3 log\u00edstica i organitzativa necess\u00e0ria per acollir aquest increment de residents, fet que referma el comprom\u00eds de la Fundaci\u00f3 amb la formaci\u00f3 de professionals especialitzats en salut mental.<\/p>\n\n\n\n<div class=\"wp-block-stackable-heading stk-block-heading stk-block-heading--v2 stk-block stk-a75482b\" id=\"strong-antecedents-i-trajectoria-de-la-unitat-strong\" data-block-id=\"a75482b\"><h4 class=\"stk-block-heading__text\"><strong>Antecedents i traject\u00f2ria de la Unitat<\/strong> <\/h4><\/div>\n\n\n\n<p>Aquesta ampliaci\u00f3 s&#8217;emmarca en una llarga tradici\u00f3 formativa de la instituci\u00f3. Amb l&#8217;arribada del sistema oficial MIR l&#8217;any 1984, el Dr. Alfredo Rego va liderar l&#8217;adaptaci\u00f3 de l&#8217;aleshores Hospital Sagrat Cor per complir amb els est\u00e0ndards exigits. Fruit d&#8217;aquest esfor\u00e7, el 1986 el centre va obtenir l&#8217;acreditaci\u00f3 per formar especialistes en psiquiatria, sent una de les set \u00faniques places elegibles a Catalunya en aquell moment.<\/p>\n\n\n\n<p>Amb el pas dels anys, l&#8217;oferta docent s&#8217;ha anat diversificant amb la incorporaci\u00f3 de la formaci\u00f3 en Psicologia Cl\u00ednica l&#8217;any 1997 i la d&#8217;Infermeria de Salut Mental l&#8217;any 2000. Finalment, l&#8217;any 2011, el Ministeri de Sanitat va concedir l&#8217;acreditaci\u00f3 com a Unitat Docent Multiprofessional, consolidant el model integrat que avui continua creixent.<\/p>\n\n\n\n<p>Trobreu una entrevista amb el Dr. Fernando Boatas, Cap d&#8217;Estudis, <a href=\"https:\/\/martorelldigital.cat\/la-fundacio-hospitalaries-martorell-amplia-loferta-formativa-amb-una-nova-placa-de-psicologia-clinica\/\">aqu\u00ed<\/a>.<\/p>\n","protected":false},"excerpt":{"rendered":"<p>Amb l&#8217;ampliaci\u00f3 i la reacreditaci\u00f3 de la Unitat Docent Multiprofessional, Martorell passa a oferir sis places de formaci\u00f3 especialitzada cada any La Unitat Docent Multiprofessional (UDM) de la Fundaci\u00f3 Hospital\u00e0ries Martorell ha rebut l&#8217;autoritzaci\u00f3 del Ministeri de Sanitat per incrementar la seva capacitat formativa amb la incorporaci\u00f3 d&#8217;una segona pla\u00e7a anual de Psicologia Cl\u00ednica (PIR), [&hellip;]<\/p>\n","protected":false},"author":6,"featured_media":12555,"comment_status":"closed","ping_status":"closed","sticky":false,"template":"","format":"standard","meta":{"footnotes":""},"categories":[27],"tags":[],"class_list":["post-12550","post","type-post","status-publish","format-standard","has-post-thumbnail","hentry","category-actualitat"],"blocksy_meta":[],"featured_image_urls_v2":{"full":["https:\/\/fundaciohospitalariesmartorell.org\/entre-tots\/wp-content\/uploads\/2026\/01\/20250327_135637-scaled.jpg",2560,1920,false],"thumbnail":["https:\/\/fundaciohospitalariesmartorell.org\/entre-tots\/wp-content\/uploads\/2026\/01\/20250327_135637-150x150.jpg",150,150,true],"medium":["https:\/\/fundaciohospitalariesmartorell.org\/entre-tots\/wp-content\/uploads\/2026\/01\/20250327_135637-300x225.jpg",300,225,true],"medium_large":["https:\/\/fundaciohospitalariesmartorell.org\/entre-tots\/wp-content\/uploads\/2026\/01\/20250327_135637-768x576.jpg",768,576,true],"large":["https:\/\/fundaciohospitalariesmartorell.org\/entre-tots\/wp-content\/uploads\/2026\/01\/20250327_135637-1024x768.jpg",1024,768,true],"1536x1536":["https:\/\/fundaciohospitalariesmartorell.org\/entre-tots\/wp-content\/uploads\/2026\/01\/20250327_135637-1536x1152.jpg",1536,1152,true],"2048x2048":["https:\/\/fundaciohospitalariesmartorell.org\/entre-tots\/wp-content\/uploads\/2026\/01\/20250327_135637-2048x1536.jpg",2048,1536,true],"mailpoet_newsletter_max":["https:\/\/fundaciohospitalariesmartorell.org\/entre-tots\/wp-content\/uploads\/2026\/01\/20250327_135637-1320x990.jpg",1320,990,true]},"post_excerpt_stackable_v2":"<p>Amb l&#8217;ampliaci\u00f3 i la reacreditaci\u00f3 de la Unitat Docent Multiprofessional, Martorell passa a oferir sis places de formaci\u00f3 especialitzada cada any La Unitat Docent Multiprofessional (UDM) de la Fundaci\u00f3 Hospital\u00e0ries Martorell ha rebut l&#8217;autoritzaci\u00f3 del Ministeri de Sanitat per incrementar la seva capacitat formativa amb la incorporaci\u00f3 d&#8217;una segona pla\u00e7a anual de Psicologia Cl\u00ednica (PIR), que se suma a la que ja existia fins ara. Amb aquesta ampliaci\u00f3 i la reacreditaci\u00f3 de la UDM, Martorell passa a oferir un total de sis places de formaci\u00f3 especialitzada cada any: 2 places anuals de Psicologia Cl\u00ednica (PIR), 2 places anuals de Psiquiatria&hellip;<\/p>\n","category_list_v2":"<a href=\"https:\/\/fundaciohospitalariesmartorell.org\/entre-tots\/category\/actualitat\/\" rel=\"category tag\">ACTUALITAT<\/a>","author_info_v2":{"name":"Martorell_comunicacio","url":"https:\/\/fundaciohospitalariesmartorell.org\/entre-tots\/author\/martorell_comunicacio\/"},"comments_num_v2":"0 comments","_links":{"self":[{"href":"https:\/\/fundaciohospitalariesmartorell.org\/entre-tots\/wp-json\/wp\/v2\/posts\/12550","targetHints":{"allow":["GET"]}}],"collection":[{"href":"https:\/\/fundaciohospitalariesmartorell.org\/entre-tots\/wp-json\/wp\/v2\/posts"}],"about":[{"href":"https:\/\/fundaciohospitalariesmartorell.org\/entre-tots\/wp-json\/wp\/v2\/types\/post"}],"author":[{"embeddable":true,"href":"https:\/\/fundaciohospitalariesmartorell.org\/entre-tots\/wp-json\/wp\/v2\/users\/6"}],"replies":[{"embeddable":true,"href":"https:\/\/fundaciohospitalariesmartorell.org\/entre-tots\/wp-json\/wp\/v2\/comments?post=12550"}],"version-history":[{"count":4,"href":"https:\/\/fundaciohospitalariesmartorell.org\/entre-tots\/wp-json\/wp\/v2\/posts\/12550\/revisions"}],"predecessor-version":[{"id":12581,"href":"https:\/\/fundaciohospitalariesmartorell.org\/entre-tots\/wp-json\/wp\/v2\/posts\/12550\/revisions\/12581"}],"wp:featuredmedia":[{"embeddable":true,"href":"https:\/\/fundaciohospitalariesmartorell.org\/entre-tots\/wp-json\/wp\/v2\/media\/12555"}],"wp:attachment":[{"href":"https:\/\/fundaciohospitalariesmartorell.org\/entre-tots\/wp-json\/wp\/v2\/media?parent=12550"}],"wp:term":[{"taxonomy":"category","embeddable":true,"href":"https:\/\/fundaciohospitalariesmartorell.org\/entre-tots\/wp-json\/wp\/v2\/categories?post=12550"},{"taxonomy":"post_tag","embeddable":true,"href":"https:\/\/fundaciohospitalariesmartorell.org\/entre-tots\/wp-json\/wp\/v2\/tags?post=12550"}],"curies":[{"name":"wp","href":"https:\/\/api.w.org\/{rel}","templated":true}]}}