{"id":12586,"date":"2026-02-05T11:33:11","date_gmt":"2026-02-05T10:33:11","guid":{"rendered":"https:\/\/fundaciohospitalariesmartorell.org\/entre-tots\/?p=12586"},"modified":"2026-02-05T11:58:35","modified_gmt":"2026-02-05T10:58:35","slug":"donatiu-solidari-per-millorar-el-servei-dhigiene-de-la-llar-desparreguera","status":"publish","type":"post","link":"https:\/\/fundaciohospitalariesmartorell.org\/entre-tots\/2026\/02\/donatiu-solidari-per-millorar-el-servei-dhigiene-de-la-llar-desparreguera\/","title":{"rendered":"Donatiu solidari per millorar el servei d\u2019higiene de La Llar  d\u2019Esparreguera"},"content":{"rendered":"\n<h3 class=\"wp-block-heading\"><span style=\"color: var(--theme-palette-color-1, #9f2b68);\" class=\"stk-highlight\">La Comissi\u00f3 de Solidaritat de la Fundaci\u00f3 Hospital\u00e0ries Martorell aporta 716 euros per a la compra d\u2019una rentadora industrial destinada a persones en situaci\u00f3 de sensellar.<\/span><\/h3>\n\n\n\n<div class=\"wp-block-media-text is-stacked-on-mobile\"><figure class=\"wp-block-media-text__media\"><img loading=\"lazy\" decoding=\"async\" width=\"802\" height=\"586\" src=\"https:\/\/fundaciohospitalariesmartorell.org\/entre-tots\/wp-content\/uploads\/2026\/02\/WhatsApp-Image-2026-02-02-at-16.59.15.jpeg\" alt=\"\" class=\"wp-image-12587 size-full\" srcset=\"https:\/\/fundaciohospitalariesmartorell.org\/entre-tots\/wp-content\/uploads\/2026\/02\/WhatsApp-Image-2026-02-02-at-16.59.15.jpeg 802w, https:\/\/fundaciohospitalariesmartorell.org\/entre-tots\/wp-content\/uploads\/2026\/02\/WhatsApp-Image-2026-02-02-at-16.59.15-300x219.jpeg 300w, https:\/\/fundaciohospitalariesmartorell.org\/entre-tots\/wp-content\/uploads\/2026\/02\/WhatsApp-Image-2026-02-02-at-16.59.15-768x561.jpeg 768w\" sizes=\"auto, (max-width: 802px) 100vw, 802px\" \/><\/figure><div class=\"wp-block-media-text__content\">\n<p>La Comissi\u00f3 de Solidaritat de la Fundaci\u00f3 Hospital\u00e0ries Martorell, i donant resposta a la petici\u00f3 de la comunitat hospital\u00e0ria de donar suport a projectes solidaris de proximitat, ha fet entrega d\u2019un donatiu de 716,53 euros al projecte asssistencial La Llar d\u2019Esparreguera.<\/p>\n<\/div><\/div>\n\n\n\n<p>Aquests fons s\u00f3n una petita part de la recaptaci\u00f3 solid\u00e0ria que la Comissi\u00f3 ha dut a terme durant l&#8217;any 2024 a trav\u00e9s de diverses iniciatives, com la venda de loteria o de roses per Sant Jordi. Gr\u00e0cies a la participaci\u00f3 activa del personal col\u00b7laborador de la Fundaci\u00f3, aquest esfor\u00e7 col\u00b7lectiu es transforma ara en un ajut tangible per a un projecte del territori.<\/p>\n\n\n\n<p>El projecte La Llar, que funciona des de fa dos anys com una iniciativa conjunta entre C\u00e0ritas Esparreguera i l&#8217;Obra Assistencial de la Parr\u00f2quia de Santa Eul\u00e0lia, \u00e9s un servei de suport per a persones que viuen en infrahabitatges, barraques o directament al carrer.<\/p>\n\n\n\n<p>En un context on l&#8217;acc\u00e9s a l&#8217;aigua no est\u00e0 garantit per a tothom, La Llar ofereix:<\/p>\n\n\n\n<ul class=\"wp-block-list\">\n<li><strong>Higiene personal:<\/strong> Servei de dutxes i productes de neteja.<\/li>\n\n\n\n<li><strong>Bugaderia:<\/strong> Servei de rentat i assecat de roba.<\/li>\n\n\n\n<li><strong>Acompanyament:<\/strong> Un espai d&#8217;acollida on compartir un caf\u00e8, carregar el m\u00f2bil i rebre orientaci\u00f3 cap a altres recursos socials.<\/li>\n<\/ul>\n\n\n\n<p>Actualment, el centre realitza entre 25 i 30 serveis de dutxa setmanals, a m\u00e9s de nombrosos serveis de bugaderia. En no disposar de subvencions p\u00fabliques, la seva superviv\u00e8ncia dep\u00e8n exclusivament de donacions altruistes com la de la nostra Fundaci\u00f3.<\/p>\n\n\n\n<p>El donatiu de la Comissi\u00f3 de Solidaritat es destinar\u00e0 a una necessitat urgent del servei: l\u2019adquisici\u00f3 d\u2019una rentadora de gran capacitat. Fins ara, l\u2019equipament actual no permetia rentar peces voluminoses com mantes o roba d\u2019abric pesant.<\/p>\n\n\n\n<p>Amb aquesta col\u00b7laboraci\u00f3, la Fundaci\u00f3 Hospital\u00e0ries Martorell mant\u00e9 els seus valors de suport a la comunitat, contribuint a fer que projectes com el de La Llar puguin continuar actius.<\/p>\n\n\n\n<p><\/p>\n","protected":false},"excerpt":{"rendered":"<p>La Comissi\u00f3 de Solidaritat de la Fundaci\u00f3 Hospital\u00e0ries Martorell aporta 716 euros per a la compra d\u2019una rentadora industrial destinada a persones en situaci\u00f3 de sensellar. La Comissi\u00f3 de Solidaritat de la Fundaci\u00f3 Hospital\u00e0ries Martorell, i donant resposta a la petici\u00f3 de la comunitat hospital\u00e0ria de donar suport a projectes solidaris de proximitat, ha fet [&hellip;]<\/p>\n","protected":false},"author":6,"featured_media":12587,"comment_status":"closed","ping_status":"closed","sticky":false,"template":"","format":"standard","meta":{"footnotes":""},"categories":[27],"tags":[],"class_list":["post-12586","post","type-post","status-publish","format-standard","has-post-thumbnail","hentry","category-actualitat"],"blocksy_meta":[],"featured_image_urls_v2":{"full":["https:\/\/fundaciohospitalariesmartorell.org\/entre-tots\/wp-content\/uploads\/2026\/02\/WhatsApp-Image-2026-02-02-at-16.59.15.jpeg",802,586,false],"thumbnail":["https:\/\/fundaciohospitalariesmartorell.org\/entre-tots\/wp-content\/uploads\/2026\/02\/WhatsApp-Image-2026-02-02-at-16.59.15-150x150.jpeg",150,150,true],"medium":["https:\/\/fundaciohospitalariesmartorell.org\/entre-tots\/wp-content\/uploads\/2026\/02\/WhatsApp-Image-2026-02-02-at-16.59.15-300x219.jpeg",300,219,true],"medium_large":["https:\/\/fundaciohospitalariesmartorell.org\/entre-tots\/wp-content\/uploads\/2026\/02\/WhatsApp-Image-2026-02-02-at-16.59.15-768x561.jpeg",768,561,true],"large":["https:\/\/fundaciohospitalariesmartorell.org\/entre-tots\/wp-content\/uploads\/2026\/02\/WhatsApp-Image-2026-02-02-at-16.59.15.jpeg",802,586,false],"1536x1536":["https:\/\/fundaciohospitalariesmartorell.org\/entre-tots\/wp-content\/uploads\/2026\/02\/WhatsApp-Image-2026-02-02-at-16.59.15.jpeg",802,586,false],"2048x2048":["https:\/\/fundaciohospitalariesmartorell.org\/entre-tots\/wp-content\/uploads\/2026\/02\/WhatsApp-Image-2026-02-02-at-16.59.15.jpeg",802,586,false],"mailpoet_newsletter_max":["https:\/\/fundaciohospitalariesmartorell.org\/entre-tots\/wp-content\/uploads\/2026\/02\/WhatsApp-Image-2026-02-02-at-16.59.15.jpeg",802,586,false]},"post_excerpt_stackable_v2":"<p>La Comissi\u00f3 de Solidaritat de la Fundaci\u00f3 Hospital\u00e0ries Martorell aporta 716 euros per a la compra d\u2019una rentadora industrial destinada a persones en situaci\u00f3 de sensellar. La Comissi\u00f3 de Solidaritat de la Fundaci\u00f3 Hospital\u00e0ries Martorell, i donant resposta a la petici\u00f3 de la comunitat hospital\u00e0ria de donar suport a projectes solidaris de proximitat, ha fet entrega d\u2019un donatiu de 716,53 euros al projecte asssistencial La Llar d\u2019Esparreguera. Aquests fons s\u00f3n una petita part de la recaptaci\u00f3 solid\u00e0ria que la Comissi\u00f3 ha dut a terme durant l&#8217;any 2024 a trav\u00e9s de diverses iniciatives, com la venda de loteria o de roses&hellip;<\/p>\n","category_list_v2":"<a href=\"https:\/\/fundaciohospitalariesmartorell.org\/entre-tots\/category\/actualitat\/\" rel=\"category tag\">ACTUALITAT<\/a>","author_info_v2":{"name":"Martorell_comunicacio","url":"https:\/\/fundaciohospitalariesmartorell.org\/entre-tots\/author\/martorell_comunicacio\/"},"comments_num_v2":"0 comments","_links":{"self":[{"href":"https:\/\/fundaciohospitalariesmartorell.org\/entre-tots\/wp-json\/wp\/v2\/posts\/12586","targetHints":{"allow":["GET"]}}],"collection":[{"href":"https:\/\/fundaciohospitalariesmartorell.org\/entre-tots\/wp-json\/wp\/v2\/posts"}],"about":[{"href":"https:\/\/fundaciohospitalariesmartorell.org\/entre-tots\/wp-json\/wp\/v2\/types\/post"}],"author":[{"embeddable":true,"href":"https:\/\/fundaciohospitalariesmartorell.org\/entre-tots\/wp-json\/wp\/v2\/users\/6"}],"replies":[{"embeddable":true,"href":"https:\/\/fundaciohospitalariesmartorell.org\/entre-tots\/wp-json\/wp\/v2\/comments?post=12586"}],"version-history":[{"count":4,"href":"https:\/\/fundaciohospitalariesmartorell.org\/entre-tots\/wp-json\/wp\/v2\/posts\/12586\/revisions"}],"predecessor-version":[{"id":12595,"href":"https:\/\/fundaciohospitalariesmartorell.org\/entre-tots\/wp-json\/wp\/v2\/posts\/12586\/revisions\/12595"}],"wp:featuredmedia":[{"embeddable":true,"href":"https:\/\/fundaciohospitalariesmartorell.org\/entre-tots\/wp-json\/wp\/v2\/media\/12587"}],"wp:attachment":[{"href":"https:\/\/fundaciohospitalariesmartorell.org\/entre-tots\/wp-json\/wp\/v2\/media?parent=12586"}],"wp:term":[{"taxonomy":"category","embeddable":true,"href":"https:\/\/fundaciohospitalariesmartorell.org\/entre-tots\/wp-json\/wp\/v2\/categories?post=12586"},{"taxonomy":"post_tag","embeddable":true,"href":"https:\/\/fundaciohospitalariesmartorell.org\/entre-tots\/wp-json\/wp\/v2\/tags?post=12586"}],"curies":[{"name":"wp","href":"https:\/\/api.w.org\/{rel}","templated":true}]}}