{"id":12591,"date":"2026-02-05T09:55:48","date_gmt":"2026-02-05T08:55:48","guid":{"rendered":"https:\/\/fundaciohospitalariesmartorell.org\/entre-tots\/?p=12591"},"modified":"2026-02-05T09:55:48","modified_gmt":"2026-02-05T08:55:48","slug":"el-dr-manel-sanchez-nou-director-de-la-revista-informaciones-psiquiatricas","status":"publish","type":"post","link":"https:\/\/fundaciohospitalariesmartorell.org\/entre-tots\/2026\/02\/el-dr-manel-sanchez-nou-director-de-la-revista-informaciones-psiquiatricas\/","title":{"rendered":"El Dr. Manel S\u00e1nchez, nou director de la revista Informaciones Psiqui\u00e1tricas"},"content":{"rendered":"\n<p>El Dr. Manel S\u00e1nchez,\u00a0cap de l&#8217;\u00c0rea de Gesti\u00f3 del Coneixement i coordinador de la Unitat de Psiquiatria Geri\u00e0trica de la Fundaci\u00f3 Hospital\u00e0ries Martorell, ha assumit recentment la direcci\u00f3 de la revista\u00a0Informaciones\u00a0Psiqui\u00e1tricas, editada trimestralment des de l&#8217;any 1955 per la Congregaci\u00f3 de les Germanes Hospital\u00e0ries.<\/p>\n\n\n\n<p>Al llarg de m\u00e9s de set d\u00e8cades de traject\u00f2ria, la revista s&#8217;ha consolidat com una publicaci\u00f3 cient\u00edfica de refer\u00e8ncia en l&#8217;\u00e0mbit de la salut mental, amb articles d&#8217;experts, investigacions, experi\u00e8ncies cl\u00edniques i aportacions multidisciplin\u00e0ries.<\/p>\n\n\n\n<p>Amb la incorporaci\u00f3 del Dr. Manel S\u00e1nchez com a nou director, s&#8217;obre una nova etapa marcada per la innovaci\u00f3, l&#8217;ampliaci\u00f3 de les l\u00ednies tem\u00e0tiques i una mirada estrat\u00e8gica per refor\u00e7ar l&#8217;impacte d&#8217;aquesta publicaci\u00f3 en la pr\u00e0ctica assistencial, la recerca i la humanitzaci\u00f3 de l&#8217;atenci\u00f3 a la salut mental. Parlem amb ell&nbsp;sobre tot&nbsp;plegat.<\/p>\n\n\n\n<figure class=\"wp-block-embed is-type-video is-provider-youtube wp-block-embed-youtube wp-embed-aspect-16-9 wp-has-aspect-ratio\"><div class=\"wp-block-embed__wrapper\">\n<iframe loading=\"lazy\" title=\"Informaciones Psiqui\u00e1tricas: una revista de salud mental m\u00e1s de 70 a\u00f1os de trayectoria\" width=\"1290\" height=\"726\" src=\"https:\/\/www.youtube.com\/embed\/s2s0r5w1aKg?feature=oembed\" frameborder=\"0\" allow=\"accelerometer; autoplay; clipboard-write; encrypted-media; gyroscope; picture-in-picture; web-share\" referrerpolicy=\"strict-origin-when-cross-origin\" allowfullscreen><\/iframe>\n<\/div><\/figure>\n\n\n\n<p>Trobareu m\u00e9s informaci\u00f3 i una entrevista al Dr. S\u00e1nchez, <a href=\"https:\/\/fundacionhospitalarias.org\/es\/actualidad\/dr-manel-sanchez-nuevo-director-de-la-revista-informaciones-psiquiatricas\">aqu\u00ed<\/a>.<\/p>\n\n\n\n<p><\/p>\n","protected":false},"excerpt":{"rendered":"<p>El Dr. Manel S\u00e1nchez,\u00a0cap de l&#8217;\u00c0rea de Gesti\u00f3 del Coneixement i coordinador de la Unitat de Psiquiatria Geri\u00e0trica de la Fundaci\u00f3 Hospital\u00e0ries Martorell, ha assumit recentment la direcci\u00f3 de la revista\u00a0Informaciones\u00a0Psiqui\u00e1tricas, editada trimestralment des de l&#8217;any 1955 per la Congregaci\u00f3 de les Germanes Hospital\u00e0ries. Al llarg de m\u00e9s de set d\u00e8cades de traject\u00f2ria, la revista [&hellip;]<\/p>\n","protected":false},"author":6,"featured_media":12592,"comment_status":"closed","ping_status":"","sticky":false,"template":"","format":"standard","meta":{"footnotes":""},"categories":[27],"tags":[],"class_list":["post-12591","post","type-post","status-publish","format-standard","has-post-thumbnail","hentry","category-actualitat"],"blocksy_meta":[],"featured_image_urls_v2":{"full":["https:\/\/fundaciohospitalariesmartorell.org\/entre-tots\/wp-content\/uploads\/2026\/02\/image.png",589,352,false],"thumbnail":["https:\/\/fundaciohospitalariesmartorell.org\/entre-tots\/wp-content\/uploads\/2026\/02\/image-150x150.png",150,150,true],"medium":["https:\/\/fundaciohospitalariesmartorell.org\/entre-tots\/wp-content\/uploads\/2026\/02\/image-300x179.png",300,179,true],"medium_large":["https:\/\/fundaciohospitalariesmartorell.org\/entre-tots\/wp-content\/uploads\/2026\/02\/image.png",589,352,false],"large":["https:\/\/fundaciohospitalariesmartorell.org\/entre-tots\/wp-content\/uploads\/2026\/02\/image.png",589,352,false],"1536x1536":["https:\/\/fundaciohospitalariesmartorell.org\/entre-tots\/wp-content\/uploads\/2026\/02\/image.png",589,352,false],"2048x2048":["https:\/\/fundaciohospitalariesmartorell.org\/entre-tots\/wp-content\/uploads\/2026\/02\/image.png",589,352,false],"mailpoet_newsletter_max":["https:\/\/fundaciohospitalariesmartorell.org\/entre-tots\/wp-content\/uploads\/2026\/02\/image.png",589,352,false]},"post_excerpt_stackable_v2":"<p>El Dr. Manel S\u00e1nchez,\u00a0cap de l&#8217;\u00c0rea de Gesti\u00f3 del Coneixement i coordinador de la Unitat de Psiquiatria Geri\u00e0trica de la Fundaci\u00f3 Hospital\u00e0ries Martorell, ha assumit recentment la direcci\u00f3 de la revista\u00a0Informaciones\u00a0Psiqui\u00e1tricas, editada trimestralment des de l&#8217;any 1955 per la Congregaci\u00f3 de les Germanes Hospital\u00e0ries. Al llarg de m\u00e9s de set d\u00e8cades de traject\u00f2ria, la revista s&#8217;ha consolidat com una publicaci\u00f3 cient\u00edfica de refer\u00e8ncia en l&#8217;\u00e0mbit de la salut mental, amb articles d&#8217;experts, investigacions, experi\u00e8ncies cl\u00edniques i aportacions multidisciplin\u00e0ries. Amb la incorporaci\u00f3 del Dr. Manel S\u00e1nchez com a nou director, s&#8217;obre una nova etapa marcada per la innovaci\u00f3, l&#8217;ampliaci\u00f3 de les&hellip;<\/p>\n","category_list_v2":"<a href=\"https:\/\/fundaciohospitalariesmartorell.org\/entre-tots\/category\/actualitat\/\" rel=\"category tag\">ACTUALITAT<\/a>","author_info_v2":{"name":"Martorell_comunicacio","url":"https:\/\/fundaciohospitalariesmartorell.org\/entre-tots\/author\/martorell_comunicacio\/"},"comments_num_v2":"0 comments","_links":{"self":[{"href":"https:\/\/fundaciohospitalariesmartorell.org\/entre-tots\/wp-json\/wp\/v2\/posts\/12591","targetHints":{"allow":["GET"]}}],"collection":[{"href":"https:\/\/fundaciohospitalariesmartorell.org\/entre-tots\/wp-json\/wp\/v2\/posts"}],"about":[{"href":"https:\/\/fundaciohospitalariesmartorell.org\/entre-tots\/wp-json\/wp\/v2\/types\/post"}],"author":[{"embeddable":true,"href":"https:\/\/fundaciohospitalariesmartorell.org\/entre-tots\/wp-json\/wp\/v2\/users\/6"}],"replies":[{"embeddable":true,"href":"https:\/\/fundaciohospitalariesmartorell.org\/entre-tots\/wp-json\/wp\/v2\/comments?post=12591"}],"version-history":[{"count":1,"href":"https:\/\/fundaciohospitalariesmartorell.org\/entre-tots\/wp-json\/wp\/v2\/posts\/12591\/revisions"}],"predecessor-version":[{"id":12593,"href":"https:\/\/fundaciohospitalariesmartorell.org\/entre-tots\/wp-json\/wp\/v2\/posts\/12591\/revisions\/12593"}],"wp:featuredmedia":[{"embeddable":true,"href":"https:\/\/fundaciohospitalariesmartorell.org\/entre-tots\/wp-json\/wp\/v2\/media\/12592"}],"wp:attachment":[{"href":"https:\/\/fundaciohospitalariesmartorell.org\/entre-tots\/wp-json\/wp\/v2\/media?parent=12591"}],"wp:term":[{"taxonomy":"category","embeddable":true,"href":"https:\/\/fundaciohospitalariesmartorell.org\/entre-tots\/wp-json\/wp\/v2\/categories?post=12591"},{"taxonomy":"post_tag","embeddable":true,"href":"https:\/\/fundaciohospitalariesmartorell.org\/entre-tots\/wp-json\/wp\/v2\/tags?post=12591"}],"curies":[{"name":"wp","href":"https:\/\/api.w.org\/{rel}","templated":true}]}}