{"id":12601,"date":"2026-02-09T10:59:42","date_gmt":"2026-02-09T09:59:42","guid":{"rendered":"https:\/\/fundaciohospitalariesmartorell.org\/entre-tots\/?p=12601"},"modified":"2026-02-11T08:42:33","modified_gmt":"2026-02-11T07:42:33","slug":"la-fundacio-hospitalaries-celebra-la-seva-primera-jornada-de-formacio-en-perspectiva-de-genere-amb-referents-de-tota-espanya","status":"publish","type":"post","link":"https:\/\/fundaciohospitalariesmartorell.org\/entre-tots\/2026\/02\/la-fundacio-hospitalaries-celebra-la-seva-primera-jornada-de-formacio-en-perspectiva-de-genere-amb-referents-de-tota-espanya\/","title":{"rendered":"La Fundaci\u00f3 Hospital\u00e0ries celebra la seva primera Jornada de Formaci\u00f3 en Perspectiva de G\u00e8nere amb referents de tota Espanya"},"content":{"rendered":"\n<h3 class=\"wp-block-heading\"><span style=\"color: var(--theme-palette-color-1, #9f2b68);\" class=\"stk-highlight\">La trobada va comptar amb la pres\u00e8ncia de 25 professionals dels centres de <strong>M\u00e0laga, Cant\u00e0bria, Madrid, Valladolid, Pa\u00eds Basc, Saragossa, Pal\u00e8ncia i Catalunya<\/strong><\/span><\/h3>\n\n\n\n<p>La <strong>Fundaci\u00f3 Hospital\u00e0ries Martorell<\/strong> ha acollit per primera vegada una <strong>Jornada de Formaci\u00f3 en Perspectiva de G\u00e8nere<\/strong> dirigida a professionals de la Fundaci\u00f3n Hospitalarias a tota Espanya, amb l&#8217;objectiu de continuar avan\u00e7ant en una atenci\u00f3 cada vegada m\u00e9s sensible a les realitats de les dones amb trastorn mental greu.<\/p>\n\n\n\n<figure class=\"wp-block-image size-large\"><img loading=\"lazy\" decoding=\"async\" width=\"1024\" height=\"768\" src=\"https:\/\/fundaciohospitalariesmartorell.org\/entre-tots\/wp-content\/uploads\/2026\/02\/WhatsApp-Image-2026-02-09-at-09.54.03-1024x768.jpeg\" alt=\"\" class=\"wp-image-12602\" srcset=\"https:\/\/fundaciohospitalariesmartorell.org\/entre-tots\/wp-content\/uploads\/2026\/02\/WhatsApp-Image-2026-02-09-at-09.54.03-1024x768.jpeg 1024w, https:\/\/fundaciohospitalariesmartorell.org\/entre-tots\/wp-content\/uploads\/2026\/02\/WhatsApp-Image-2026-02-09-at-09.54.03-300x225.jpeg 300w, https:\/\/fundaciohospitalariesmartorell.org\/entre-tots\/wp-content\/uploads\/2026\/02\/WhatsApp-Image-2026-02-09-at-09.54.03-768x576.jpeg 768w, https:\/\/fundaciohospitalariesmartorell.org\/entre-tots\/wp-content\/uploads\/2026\/02\/WhatsApp-Image-2026-02-09-at-09.54.03-1536x1152.jpeg 1536w, https:\/\/fundaciohospitalariesmartorell.org\/entre-tots\/wp-content\/uploads\/2026\/02\/WhatsApp-Image-2026-02-09-at-09.54.03-1320x990.jpeg 1320w, https:\/\/fundaciohospitalariesmartorell.org\/entre-tots\/wp-content\/uploads\/2026\/02\/WhatsApp-Image-2026-02-09-at-09.54.03.jpeg 1600w\" sizes=\"auto, (max-width: 1024px) 100vw, 1024px\" \/><\/figure>\n\n\n\n<p>\u201cAquestes jornades s\u00f3n un espai enriquidor per reflexionar, compartir dubtes, i revisar les nostres pr\u00e0ctiques i seguir construint entre totes i tots una atenci\u00f3 m\u00e9s igualit\u00e0ria, justa i humana\u201d, va explicar <strong>Montse Guitart<\/strong>, coordinadora nacional del grup de salut mental i dona de la Fundaci\u00f3n Hospitalarias.<\/p>\n\n\n\n<p>La formaci\u00f3 va ser impartida per <strong>Mar\u00eda Amores Gonz\u00e1lez<\/strong>, coordinadora de la comissi\u00f3 de Dona i Salut Mental de la Fundaci\u00f3n Hospitalarias Arturo Soria, experta en perspectiva de g\u00e8nere i viol\u00e8ncia de g\u00e8nere aplicada a l\u2019\u00e0mbit de la salut mental.<\/p>\n\n\n\n<p>En concret, la trobada va comptar amb la pres\u00e8ncia de 25 professionals dels centres de <strong>M\u00e0laga, Cant\u00e0bria, Madrid, Valladolid, Pa\u00eds Basc, Saragossa, Pal\u00e8ncia i Catalunya<\/strong>, la qual cosa suposa la primera reuni\u00f3 presencial de totes les referents de Salut Mental i Dona de la Fundaci\u00f3n Hospitalarias.<\/p>\n\n\n\n<p>Per a la Fundaci\u00f3 Hospital\u00e0ries, continuar incorporant de manera conscient la perspectiva de g\u00e8nere en el seu model d\u2019atenci\u00f3 centrat en la persona \u00e9s una tasca imprescindible, que permetr\u00e0 millorar la detecci\u00f3 de desigualtats i situacions de viol\u00e8ncia que afecten especialment les dones amb trastorn mental greu.<\/p>\n\n\n\n<p>Llegiu la not\u00edcia completa <a href=\"https:\/\/fundaciohospitalariesmartorell.org\/la-fundacion-hospitalarias-celebra-su-primera-jornada-de-formacion-en-perspectiva-de-genero-con-referentes-de-toda-espana\/\" data-type=\"link\" data-id=\"https:\/\/fundaciohospitalariesmartorell.org\/la-fundacion-hospitalarias-celebra-su-primera-jornada-de-formacion-en-perspectiva-de-genero-con-referentes-de-toda-espana\/\">aqu\u00ed<\/a>.<\/p>\n\n\n\n<figure class=\"wp-block-embed is-type-video is-provider-youtube wp-block-embed-youtube wp-embed-aspect-9-16 wp-has-aspect-ratio\"><div class=\"wp-block-embed__wrapper\">\n<iframe loading=\"lazy\" title=\"As\u00ed nos formamos en perspectiva de g\u00e9nero y salud mental\" width=\"563\" height=\"1000\" src=\"https:\/\/www.youtube.com\/embed\/ILoFhe5BCDo?feature=oembed\" frameborder=\"0\" allow=\"accelerometer; autoplay; clipboard-write; encrypted-media; gyroscope; picture-in-picture; web-share\" referrerpolicy=\"strict-origin-when-cross-origin\" allowfullscreen><\/iframe>\n<\/div><\/figure>\n","protected":false},"excerpt":{"rendered":"<p>La trobada va comptar amb la pres\u00e8ncia de 25 professionals dels centres de M\u00e0laga, Cant\u00e0bria, Madrid, Valladolid, Pa\u00eds Basc, Saragossa, Pal\u00e8ncia i Catalunya La Fundaci\u00f3 Hospital\u00e0ries Martorell ha acollit per primera vegada una Jornada de Formaci\u00f3 en Perspectiva de G\u00e8nere dirigida a professionals de la Fundaci\u00f3n Hospitalarias a tota Espanya, amb l&#8217;objectiu de continuar avan\u00e7ant [&hellip;]<\/p>\n","protected":false},"author":6,"featured_media":12602,"comment_status":"closed","ping_status":"closed","sticky":false,"template":"","format":"standard","meta":{"footnotes":""},"categories":[27],"tags":[],"class_list":["post-12601","post","type-post","status-publish","format-standard","has-post-thumbnail","hentry","category-actualitat"],"blocksy_meta":[],"featured_image_urls_v2":{"full":["https:\/\/fundaciohospitalariesmartorell.org\/entre-tots\/wp-content\/uploads\/2026\/02\/WhatsApp-Image-2026-02-09-at-09.54.03.jpeg",1600,1200,false],"thumbnail":["https:\/\/fundaciohospitalariesmartorell.org\/entre-tots\/wp-content\/uploads\/2026\/02\/WhatsApp-Image-2026-02-09-at-09.54.03-150x150.jpeg",150,150,true],"medium":["https:\/\/fundaciohospitalariesmartorell.org\/entre-tots\/wp-content\/uploads\/2026\/02\/WhatsApp-Image-2026-02-09-at-09.54.03-300x225.jpeg",300,225,true],"medium_large":["https:\/\/fundaciohospitalariesmartorell.org\/entre-tots\/wp-content\/uploads\/2026\/02\/WhatsApp-Image-2026-02-09-at-09.54.03-768x576.jpeg",768,576,true],"large":["https:\/\/fundaciohospitalariesmartorell.org\/entre-tots\/wp-content\/uploads\/2026\/02\/WhatsApp-Image-2026-02-09-at-09.54.03-1024x768.jpeg",1024,768,true],"1536x1536":["https:\/\/fundaciohospitalariesmartorell.org\/entre-tots\/wp-content\/uploads\/2026\/02\/WhatsApp-Image-2026-02-09-at-09.54.03-1536x1152.jpeg",1536,1152,true],"2048x2048":["https:\/\/fundaciohospitalariesmartorell.org\/entre-tots\/wp-content\/uploads\/2026\/02\/WhatsApp-Image-2026-02-09-at-09.54.03.jpeg",1600,1200,false],"mailpoet_newsletter_max":["https:\/\/fundaciohospitalariesmartorell.org\/entre-tots\/wp-content\/uploads\/2026\/02\/WhatsApp-Image-2026-02-09-at-09.54.03-1320x990.jpeg",1320,990,true]},"post_excerpt_stackable_v2":"<p>La trobada va comptar amb la pres\u00e8ncia de 25 professionals dels centres de M\u00e0laga, Cant\u00e0bria, Madrid, Valladolid, Pa\u00eds Basc, Saragossa, Pal\u00e8ncia i Catalunya La Fundaci\u00f3 Hospital\u00e0ries Martorell ha acollit per primera vegada una Jornada de Formaci\u00f3 en Perspectiva de G\u00e8nere dirigida a professionals de la Fundaci\u00f3n Hospitalarias a tota Espanya, amb l&#8217;objectiu de continuar avan\u00e7ant en una atenci\u00f3 cada vegada m\u00e9s sensible a les realitats de les dones amb trastorn mental greu. \u201cAquestes jornades s\u00f3n un espai enriquidor per reflexionar, compartir dubtes, i revisar les nostres pr\u00e0ctiques i seguir construint entre totes i tots una atenci\u00f3 m\u00e9s igualit\u00e0ria, justa i&hellip;<\/p>\n","category_list_v2":"<a href=\"https:\/\/fundaciohospitalariesmartorell.org\/entre-tots\/category\/actualitat\/\" rel=\"category tag\">ACTUALITAT<\/a>","author_info_v2":{"name":"Martorell_comunicacio","url":"https:\/\/fundaciohospitalariesmartorell.org\/entre-tots\/author\/martorell_comunicacio\/"},"comments_num_v2":"0 comments","_links":{"self":[{"href":"https:\/\/fundaciohospitalariesmartorell.org\/entre-tots\/wp-json\/wp\/v2\/posts\/12601","targetHints":{"allow":["GET"]}}],"collection":[{"href":"https:\/\/fundaciohospitalariesmartorell.org\/entre-tots\/wp-json\/wp\/v2\/posts"}],"about":[{"href":"https:\/\/fundaciohospitalariesmartorell.org\/entre-tots\/wp-json\/wp\/v2\/types\/post"}],"author":[{"embeddable":true,"href":"https:\/\/fundaciohospitalariesmartorell.org\/entre-tots\/wp-json\/wp\/v2\/users\/6"}],"replies":[{"embeddable":true,"href":"https:\/\/fundaciohospitalariesmartorell.org\/entre-tots\/wp-json\/wp\/v2\/comments?post=12601"}],"version-history":[{"count":2,"href":"https:\/\/fundaciohospitalariesmartorell.org\/entre-tots\/wp-json\/wp\/v2\/posts\/12601\/revisions"}],"predecessor-version":[{"id":12609,"href":"https:\/\/fundaciohospitalariesmartorell.org\/entre-tots\/wp-json\/wp\/v2\/posts\/12601\/revisions\/12609"}],"wp:featuredmedia":[{"embeddable":true,"href":"https:\/\/fundaciohospitalariesmartorell.org\/entre-tots\/wp-json\/wp\/v2\/media\/12602"}],"wp:attachment":[{"href":"https:\/\/fundaciohospitalariesmartorell.org\/entre-tots\/wp-json\/wp\/v2\/media?parent=12601"}],"wp:term":[{"taxonomy":"category","embeddable":true,"href":"https:\/\/fundaciohospitalariesmartorell.org\/entre-tots\/wp-json\/wp\/v2\/categories?post=12601"},{"taxonomy":"post_tag","embeddable":true,"href":"https:\/\/fundaciohospitalariesmartorell.org\/entre-tots\/wp-json\/wp\/v2\/tags?post=12601"}],"curies":[{"name":"wp","href":"https:\/\/api.w.org\/{rel}","templated":true}]}}