{"id":12604,"date":"2026-02-10T11:25:20","date_gmt":"2026-02-10T10:25:20","guid":{"rendered":"https:\/\/fundaciohospitalariesmartorell.org\/entre-tots\/?p=12604"},"modified":"2026-02-10T11:25:20","modified_gmt":"2026-02-10T10:25:20","slug":"la-nova-directora-del-pacte-nacional-de-salut-mental-laia-arnal-visita-la-fundacio-hospitalaries-martorell","status":"publish","type":"post","link":"https:\/\/fundaciohospitalariesmartorell.org\/entre-tots\/2026\/02\/la-nova-directora-del-pacte-nacional-de-salut-mental-laia-arnal-visita-la-fundacio-hospitalaries-martorell\/","title":{"rendered":"La nova directora del Pacte Nacional de Salut Mental, Laia Arnal, visita la Fundaci\u00f3 Hospital\u00e0ries Martorell"},"content":{"rendered":"\n<figure class=\"wp-block-image size-full\"><img loading=\"lazy\" decoding=\"async\" width=\"819\" height=\"432\" src=\"https:\/\/fundaciohospitalariesmartorell.org\/entre-tots\/wp-content\/uploads\/2026\/02\/LAIA-ARNAL.png\" alt=\"\" class=\"wp-image-12605\" srcset=\"https:\/\/fundaciohospitalariesmartorell.org\/entre-tots\/wp-content\/uploads\/2026\/02\/LAIA-ARNAL.png 819w, https:\/\/fundaciohospitalariesmartorell.org\/entre-tots\/wp-content\/uploads\/2026\/02\/LAIA-ARNAL-300x158.png 300w, https:\/\/fundaciohospitalariesmartorell.org\/entre-tots\/wp-content\/uploads\/2026\/02\/LAIA-ARNAL-768x405.png 768w\" sizes=\"auto, (max-width: 819px) 100vw, 819px\" \/><\/figure>\n\n\n\n<p>La Fundaci\u00f3 Hospital\u00e0ries Martorell va rebre el passat dilluns 9 de febrer la visita de la nova directora del Pacte Nacional de Salut Mental, Laia Arnal, en una jornada que va permetre donar a con\u00e8ixer de primera m\u00e0 alguns dels serveis especialitzats del recinte de Martorell i refor\u00e7ar els vincles institucionals.<\/p>\n\n\n\n<p>La visita es va iniciar amb una trobada el nostre gerent, Dr. Jes\u00fas Ezquerra, i una representaci\u00f3 del Consell de Direcci\u00f3, en la qual tamb\u00e9 va participar el director del Pla Director de Salut Mental i Addiccions de la Generalitat de Catalunya, Josep Tristany. Aquesta reuni\u00f3 va servir per contextualitzar la traject\u00f2ria, el model assistencial i el paper estrat\u00e8gic de la Fundaci\u00f3 Hospital\u00e0ries Martorell dins la xarxa de salut mental del pa\u00eds.<\/p>\n\n\n\n<p>Durant la sessi\u00f3 es van presentar diversos projectes estrat\u00e8gics de l\u2019entitat i es van analitzar els principals reptes de futur en l\u2019atenci\u00f3 a la salut mental, amb especial \u00e8mfasi en l\u2019abordatge dels casos d\u2019alta complexitat, la coordinaci\u00f3 amb el sistema p\u00fablic i l\u2019impuls d\u2019un model d\u2019atenci\u00f3 basat en els drets i la participaci\u00f3 activa de les persones amb problemes de salut mental, avan\u00e7ant cap a models assistencials cada vegada m\u00e9s integrats, especialitzats i centrats en la persona.<\/p>\n\n\n\n<p>Posteriorment, Arnal va visitar la UIR-TCA, la UDF i la Unitat de Psicogeriatria, valorant molt positivament la tasca desenvolupada pels equips professionals i el comprom\u00eds de la instituci\u00f3 amb una atenci\u00f3 de qualitat, humanitzada i alineada amb les l\u00ednies estrat\u00e8giques del Pacte Nacional de Salut Mental.<\/p>\n\n\n\n<figure class=\"wp-block-image size-full\"><img loading=\"lazy\" decoding=\"async\" width=\"822\" height=\"436\" src=\"https:\/\/fundaciohospitalariesmartorell.org\/entre-tots\/wp-content\/uploads\/2026\/02\/LAIA-ARNAL2.png\" alt=\"\" class=\"wp-image-12606\" srcset=\"https:\/\/fundaciohospitalariesmartorell.org\/entre-tots\/wp-content\/uploads\/2026\/02\/LAIA-ARNAL2.png 822w, https:\/\/fundaciohospitalariesmartorell.org\/entre-tots\/wp-content\/uploads\/2026\/02\/LAIA-ARNAL2-300x159.png 300w, https:\/\/fundaciohospitalariesmartorell.org\/entre-tots\/wp-content\/uploads\/2026\/02\/LAIA-ARNAL2-768x407.png 768w\" sizes=\"auto, (max-width: 822px) 100vw, 822px\" \/><\/figure>\n","protected":false},"excerpt":{"rendered":"<p>La Fundaci\u00f3 Hospital\u00e0ries Martorell va rebre el passat dilluns 9 de febrer la visita de la nova directora del Pacte Nacional de Salut Mental, Laia Arnal, en una jornada que va permetre donar a con\u00e8ixer de primera m\u00e0 alguns dels serveis especialitzats del recinte de Martorell i refor\u00e7ar els vincles institucionals. La visita es va [&hellip;]<\/p>\n","protected":false},"author":6,"featured_media":12605,"comment_status":"closed","ping_status":"","sticky":false,"template":"","format":"standard","meta":{"footnotes":""},"categories":[27],"tags":[],"class_list":["post-12604","post","type-post","status-publish","format-standard","has-post-thumbnail","hentry","category-actualitat"],"blocksy_meta":[],"featured_image_urls_v2":{"full":["https:\/\/fundaciohospitalariesmartorell.org\/entre-tots\/wp-content\/uploads\/2026\/02\/LAIA-ARNAL.png",819,432,false],"thumbnail":["https:\/\/fundaciohospitalariesmartorell.org\/entre-tots\/wp-content\/uploads\/2026\/02\/LAIA-ARNAL-150x150.png",150,150,true],"medium":["https:\/\/fundaciohospitalariesmartorell.org\/entre-tots\/wp-content\/uploads\/2026\/02\/LAIA-ARNAL-300x158.png",300,158,true],"medium_large":["https:\/\/fundaciohospitalariesmartorell.org\/entre-tots\/wp-content\/uploads\/2026\/02\/LAIA-ARNAL-768x405.png",768,405,true],"large":["https:\/\/fundaciohospitalariesmartorell.org\/entre-tots\/wp-content\/uploads\/2026\/02\/LAIA-ARNAL.png",819,432,false],"1536x1536":["https:\/\/fundaciohospitalariesmartorell.org\/entre-tots\/wp-content\/uploads\/2026\/02\/LAIA-ARNAL.png",819,432,false],"2048x2048":["https:\/\/fundaciohospitalariesmartorell.org\/entre-tots\/wp-content\/uploads\/2026\/02\/LAIA-ARNAL.png",819,432,false],"mailpoet_newsletter_max":["https:\/\/fundaciohospitalariesmartorell.org\/entre-tots\/wp-content\/uploads\/2026\/02\/LAIA-ARNAL.png",819,432,false]},"post_excerpt_stackable_v2":"<p>La Fundaci\u00f3 Hospital\u00e0ries Martorell va rebre el passat dilluns 9 de febrer la visita de la nova directora del Pacte Nacional de Salut Mental, Laia Arnal, en una jornada que va permetre donar a con\u00e8ixer de primera m\u00e0 alguns dels serveis especialitzats del recinte de Martorell i refor\u00e7ar els vincles institucionals. La visita es va iniciar amb una trobada el nostre gerent, Dr. Jes\u00fas Ezquerra, i una representaci\u00f3 del Consell de Direcci\u00f3, en la qual tamb\u00e9 va participar el director del Pla Director de Salut Mental i Addiccions de la Generalitat de Catalunya, Josep Tristany. Aquesta reuni\u00f3 va servir per&hellip;<\/p>\n","category_list_v2":"<a href=\"https:\/\/fundaciohospitalariesmartorell.org\/entre-tots\/category\/actualitat\/\" rel=\"category tag\">ACTUALITAT<\/a>","author_info_v2":{"name":"Martorell_comunicacio","url":"https:\/\/fundaciohospitalariesmartorell.org\/entre-tots\/author\/martorell_comunicacio\/"},"comments_num_v2":"0 comments","_links":{"self":[{"href":"https:\/\/fundaciohospitalariesmartorell.org\/entre-tots\/wp-json\/wp\/v2\/posts\/12604","targetHints":{"allow":["GET"]}}],"collection":[{"href":"https:\/\/fundaciohospitalariesmartorell.org\/entre-tots\/wp-json\/wp\/v2\/posts"}],"about":[{"href":"https:\/\/fundaciohospitalariesmartorell.org\/entre-tots\/wp-json\/wp\/v2\/types\/post"}],"author":[{"embeddable":true,"href":"https:\/\/fundaciohospitalariesmartorell.org\/entre-tots\/wp-json\/wp\/v2\/users\/6"}],"replies":[{"embeddable":true,"href":"https:\/\/fundaciohospitalariesmartorell.org\/entre-tots\/wp-json\/wp\/v2\/comments?post=12604"}],"version-history":[{"count":1,"href":"https:\/\/fundaciohospitalariesmartorell.org\/entre-tots\/wp-json\/wp\/v2\/posts\/12604\/revisions"}],"predecessor-version":[{"id":12607,"href":"https:\/\/fundaciohospitalariesmartorell.org\/entre-tots\/wp-json\/wp\/v2\/posts\/12604\/revisions\/12607"}],"wp:featuredmedia":[{"embeddable":true,"href":"https:\/\/fundaciohospitalariesmartorell.org\/entre-tots\/wp-json\/wp\/v2\/media\/12605"}],"wp:attachment":[{"href":"https:\/\/fundaciohospitalariesmartorell.org\/entre-tots\/wp-json\/wp\/v2\/media?parent=12604"}],"wp:term":[{"taxonomy":"category","embeddable":true,"href":"https:\/\/fundaciohospitalariesmartorell.org\/entre-tots\/wp-json\/wp\/v2\/categories?post=12604"},{"taxonomy":"post_tag","embeddable":true,"href":"https:\/\/fundaciohospitalariesmartorell.org\/entre-tots\/wp-json\/wp\/v2\/tags?post=12604"}],"curies":[{"name":"wp","href":"https:\/\/api.w.org\/{rel}","templated":true}]}}